{"id":9483,"date":"2025-03-10T12:55:33","date_gmt":"2025-03-10T15:55:33","guid":{"rendered":"https:\/\/muniovalle.cl\/sitio\/?p=9483"},"modified":"2025-03-12T09:08:40","modified_gmt":"2025-03-12T12:08:40","slug":"nueve-ovallinas-fueron-destacadas-en-la-conmemoracion-del-dia-internacional-de-la-mujer","status":"publish","type":"post","link":"https:\/\/muniovalle.cl\/sitio\/2025\/03\/10\/nueve-ovallinas-fueron-destacadas-en-la-conmemoracion-del-dia-internacional-de-la-mujer\/","title":{"rendered":"Nueve ovallinas fueron destacadas en la conmemoraci\u00f3n del D\u00eda Internacional de la Mujer"},"content":{"rendered":"<p style=\"text-align: justify;\"><strong><em>En el acto central, que se realiz\u00f3 en el Teatro Municipal de Ovalle, el alcalde H\u00e9ctor Vega Campusano y los ocho integrantes del Concejo Municipal homenajearon a nueve ovallinas, quienes se han destacado en el \u00e1mbito social y comunitario en nuestra comuna. El espect\u00e1culo art\u00edstico estuvo a cargo de los cantantes locales PAE, el Charro Vicente Aguilar, el Mariachi de la Cruz Fern\u00e1ndez y la m\u00fasica rom\u00e1ntica del Tr\u00edo Agnus.\u00a0<\/em><\/strong><\/p>\n<p style=\"text-align: justify;\"><img fetchpriority=\"high\" decoding=\"async\" class=\"alignnone size-medium wp-image-9484\" src=\"https:\/\/muniovalle.cl\/sitio\/wp-content\/uploads\/2025\/03\/Conmemoracion-del-Dia-Internacional-de-la-Mujer-2025-4-300x169.jpeg\" alt=\"\" width=\"300\" height=\"169\" srcset=\"https:\/\/muniovalle.cl\/sitio\/wp-content\/uploads\/2025\/03\/Conmemoracion-del-Dia-Internacional-de-la-Mujer-2025-4-300x169.jpeg 300w, https:\/\/muniovalle.cl\/sitio\/wp-content\/uploads\/2025\/03\/Conmemoracion-del-Dia-Internacional-de-la-Mujer-2025-4-1024x576.jpeg 1024w, https:\/\/muniovalle.cl\/sitio\/wp-content\/uploads\/2025\/03\/Conmemoracion-del-Dia-Internacional-de-la-Mujer-2025-4-768x432.jpeg 768w, https:\/\/muniovalle.cl\/sitio\/wp-content\/uploads\/2025\/03\/Conmemoracion-del-Dia-Internacional-de-la-Mujer-2025-4-1536x864.jpeg 1536w, https:\/\/muniovalle.cl\/sitio\/wp-content\/uploads\/2025\/03\/Conmemoracion-del-Dia-Internacional-de-la-Mujer-2025-4-2048x1152.jpeg 2048w, https:\/\/muniovalle.cl\/sitio\/wp-content\/uploads\/2025\/03\/Conmemoracion-del-Dia-Internacional-de-la-Mujer-2025-4-500x281.jpeg 500w, https:\/\/muniovalle.cl\/sitio\/wp-content\/uploads\/2025\/03\/Conmemoracion-del-Dia-Internacional-de-la-Mujer-2025-4-800x450.jpeg 800w, https:\/\/muniovalle.cl\/sitio\/wp-content\/uploads\/2025\/03\/Conmemoracion-del-Dia-Internacional-de-la-Mujer-2025-4-1280x720.jpeg 1280w, https:\/\/muniovalle.cl\/sitio\/wp-content\/uploads\/2025\/03\/Conmemoracion-del-Dia-Internacional-de-la-Mujer-2025-4-1920x1080.jpeg 1920w\" sizes=\"(max-width: 300px) 100vw, 300px\" \/><\/p>\n<p style=\"text-align: justify;\">Una jornada llena de alegr\u00eda y emoci\u00f3n se vivi\u00f3 en el acto de conmemoraci\u00f3n del D\u00eda Internacional de la Mujer, que se realiz\u00f3 en el Teatro Municipal de Ovalle. En el evento, organizado por el municipio local, a trav\u00e9s del Departamento de Desarrollo Comunitario, el alcalde H\u00e9ctor Vega Campusano y los ocho integrantes del Concejo Municipal entregaron un reconocimiento a nueve ovallinas por su importante rol social y comunitario, quienes recibieron un presente y un galvano en agradecimiento por su contribuci\u00f3n con el desarrollo de nuestra comuna.<\/p>\n<p style=\"text-align: justify;\">Este a\u00f1o las destacadas fueron las autoridades locales fueron Patricia Verdugo Arag\u00f3n (alcalde H\u00e9ctor Vega), Ana Tabilo Cortes (concejala Fanny Vega), la teniente de Carabineros Milena Mansilla Sep\u00falveda (concejal V\u00edctor Venegas), Juana Bernal Adasme (concejal Ricardo Rojas), Celinda Vega Toledo (concejal Cristian Rojas), Olga Corral Jorquera (concejal Teodosio Guerrero), Ana Vega Lara (concejal V\u00edctor Lara), Carmen Molina V\u00e9liz (concejal Armando Mondaca) y Silva Cabrera Castillo (concejal David \u00c1lvarez).<\/p>\n<p style=\"text-align: justify;\">Una de las mujeres destacadas fue Celinda Vega Toledo, quien se mostr\u00f3 muy emocionada. \u201cAgradezco este reconocimiento y me siento muy contenta porque no me esperaba este homenaje porque uno trabaja como dirigente social por el desarrollo de la comunidad y lo hace con mucho cari\u00f1o\u201d agreg\u00f3 la dirigente del sector Mirador III de la parte alta de Ovalle. Asimismo, Ana Vega Lara se\u00f1al\u00f3 que \u201csoy una mujer muy feliz, me siento bendecida y agradezco todas las muestras de cari\u00f1o que recib\u00ed con este homenaje\u201d. En tanto, la teniente de Carabineros, Milena Mansilla Sep\u00falveda, tras recibir este reconocimiento indic\u00f3 que \u201cme siento muy emocionada y contenta por considerarme y destacarme en esta bonita jornada, porque veo que se reconoce todo el trabajo, tanto en la Escuela de Formaci\u00f3n de Carabineros, con mis alumnas y con la comunidad de Ovalle\u201d.<\/p>\n<p style=\"text-align: justify;\">Al respecto, el alcalde de Ovalle, H\u00e9ctor Vega Campusano sostuvo que fue \u201cuna jornada muy emocionante, donde conmemoramos el D\u00eda Internacional de la Mujer y lo hicimos con mucho cari\u00f1o y respeto. Destacamos a mujeres dirigentes y lideres sociales que han dejado una gran huella en nuestra comuna y eso es invaluable\u201d. La autoridad comunal agreg\u00f3 que como administraci\u00f3n municipal \u201cqueremos que las mujeres participen activamente y sean parte importante del liderazgo para que nuestra comuna siga creciendo y desarroll\u00e1ndose\u201d.<\/p>\n<p style=\"text-align: justify;\">En el plano art\u00edstico, los asistentes disfrutaron de la m\u00fasica de la cantante local PAE, la alegr\u00eda y las rancheras del Charro Vicente Aguilar y el Mariachi de la Cruz Fern\u00e1ndez y los \u00e9xitos rom\u00e1nticos en las voces de los integrantes del Tr\u00edo Agnus.<\/p>\n<p style=\"text-align: justify;\">\n","protected":false},"excerpt":{"rendered":"<p>En el acto central, que se realiz\u00f3 en el Teatro Municipal de Ovalle, el alcalde H\u00e9ctor Vega Campusano y los ocho integrantes del Concejo Municipal homenajearon a nueve ovallinas, quienes se han destacado en el \u00e1mbito social y comunitario en nuestra comuna. El espect\u00e1culo art\u00edstico estuvo a cargo de los cantantes locales PAE, el Charro Vicente Aguilar, el Mariachi de la Cruz Fern\u00e1ndez y la m\u00fasica rom\u00e1ntica del Tr\u00edo Agnus.\u00a0 Una jornada llena de alegr\u00eda y emoci\u00f3n se vivi\u00f3 en el acto de conmemoraci\u00f3n del D\u00eda Internacional de la Mujer, que se realiz\u00f3 en el Teatro Municipal de Ovalle. En el evento, organizado por el municipio local, a trav\u00e9s del Departamento de Desarrollo Comunitario, el alcalde H\u00e9ctor Vega Campusano y los ocho integrantes del Concejo Municipal entregaron un reconocimiento a nueve ovallinas por su importante rol social y comunitario, quienes recibieron un presente y un galvano en agradecimiento por su contribuci\u00f3n con el desarrollo de nuestra comuna. Este a\u00f1o las destacadas fueron las autoridades locales fueron Patricia Verdugo Arag\u00f3n (alcalde H\u00e9ctor Vega), Ana Tabilo Cortes (concejala Fanny Vega), la teniente de Carabineros Milena Mansilla Sep\u00falveda (concejal V\u00edctor Venegas), Juana Bernal Adasme (concejal Ricardo Rojas), Celinda Vega Toledo (concejal Cristian Rojas), Olga Corral Jorquera (concejal Teodosio Guerrero), Ana Vega Lara (concejal V\u00edctor Lara), Carmen Molina V\u00e9liz (concejal Armando Mondaca) y Silva Cabrera Castillo (concejal David \u00c1lvarez). Una de las mujeres destacadas fue Celinda Vega Toledo, quien se mostr\u00f3 muy emocionada. \u201cAgradezco este reconocimiento y me siento muy contenta porque no me esperaba este homenaje porque uno trabaja como dirigente social por el desarrollo de la comunidad y lo hace con mucho cari\u00f1o\u201d agreg\u00f3 la dirigente del sector Mirador III de la parte alta de Ovalle. Asimismo, Ana Vega Lara se\u00f1al\u00f3 que \u201csoy una mujer muy feliz, me siento bendecida y agradezco todas las muestras de cari\u00f1o que recib\u00ed con este homenaje\u201d. En tanto, la teniente de Carabineros, Milena Mansilla Sep\u00falveda, tras recibir este reconocimiento indic\u00f3 que \u201cme siento muy emocionada y contenta por considerarme y destacarme en esta bonita jornada, porque veo que se reconoce todo el trabajo, tanto en la Escuela de Formaci\u00f3n de Carabineros, con mis alumnas y con la comunidad de Ovalle\u201d. Al respecto, el alcalde de Ovalle, H\u00e9ctor Vega Campusano sostuvo que fue \u201cuna jornada muy emocionante, donde conmemoramos el D\u00eda Internacional de la Mujer y lo hicimos con mucho cari\u00f1o y respeto. Destacamos a mujeres dirigentes y lideres sociales que han dejado una gran huella en nuestra comuna y eso es invaluable\u201d. La autoridad comunal agreg\u00f3 que como administraci\u00f3n municipal \u201cqueremos que las mujeres participen activamente y sean parte importante del liderazgo para que nuestra comuna siga creciendo y desarroll\u00e1ndose\u201d. En el plano art\u00edstico, los asistentes disfrutaron de la m\u00fasica de la cantante local PAE, la alegr\u00eda y las rancheras del Charro Vicente Aguilar y el Mariachi de la Cruz Fern\u00e1ndez y los \u00e9xitos rom\u00e1nticos en las voces de los integrantes del Tr\u00edo Agnus.<\/p>\n","protected":false},"author":3,"featured_media":9484,"comment_status":"closed","ping_status":"closed","sticky":false,"template":"","format":"standard","meta":{"_vp_format_video_url":"","_vp_image_focal_point":[],"footnotes":""},"categories":[61],"tags":[],"class_list":["post-9483","post","type-post","status-publish","format-standard","has-post-thumbnail","hentry","category-municipal"],"_links":{"self":[{"href":"https:\/\/muniovalle.cl\/sitio\/wp-json\/wp\/v2\/posts\/9483","targetHints":{"allow":["GET"]}}],"collection":[{"href":"https:\/\/muniovalle.cl\/sitio\/wp-json\/wp\/v2\/posts"}],"about":[{"href":"https:\/\/muniovalle.cl\/sitio\/wp-json\/wp\/v2\/types\/post"}],"author":[{"embeddable":true,"href":"https:\/\/muniovalle.cl\/sitio\/wp-json\/wp\/v2\/users\/3"}],"replies":[{"embeddable":true,"href":"https:\/\/muniovalle.cl\/sitio\/wp-json\/wp\/v2\/comments?post=9483"}],"version-history":[{"count":2,"href":"https:\/\/muniovalle.cl\/sitio\/wp-json\/wp\/v2\/posts\/9483\/revisions"}],"predecessor-version":[{"id":9498,"href":"https:\/\/muniovalle.cl\/sitio\/wp-json\/wp\/v2\/posts\/9483\/revisions\/9498"}],"wp:featuredmedia":[{"embeddable":true,"href":"https:\/\/muniovalle.cl\/sitio\/wp-json\/wp\/v2\/media\/9484"}],"wp:attachment":[{"href":"https:\/\/muniovalle.cl\/sitio\/wp-json\/wp\/v2\/media?parent=9483"}],"wp:term":[{"taxonomy":"category","embeddable":true,"href":"https:\/\/muniovalle.cl\/sitio\/wp-json\/wp\/v2\/categories?post=9483"},{"taxonomy":"post_tag","embeddable":true,"href":"https:\/\/muniovalle.cl\/sitio\/wp-json\/wp\/v2\/tags?post=9483"}],"curies":[{"name":"wp","href":"https:\/\/api.w.org\/{rel}","templated":true}]}}