{"id":9478,"date":"2025-03-07T18:27:05","date_gmt":"2025-03-07T21:27:05","guid":{"rendered":"https:\/\/muniovalle.cl\/sitio\/?p=9478"},"modified":"2025-03-07T18:27:05","modified_gmt":"2025-03-07T21:27:05","slug":"ovallinas-reflexionan-sobre-equidad-y-liderazgo-en-conmemoracion-del-dia-internacional-de-la-mujer","status":"publish","type":"post","link":"https:\/\/muniovalle.cl\/sitio\/2025\/03\/07\/ovallinas-reflexionan-sobre-equidad-y-liderazgo-en-conmemoracion-del-dia-internacional-de-la-mujer\/","title":{"rendered":"Ovallinas reflexionan sobre equidad y liderazgo en conmemoraci\u00f3n del D\u00eda Internacional de la Mujer"},"content":{"rendered":"<p style=\"font-weight: 400;\"><strong><em>En la Plaza de Armas de Ovalle, se realiz\u00f3 un emotivo conversatorio en el marco de la conmemoraci\u00f3n del D\u00eda Internacional de la Mujer. La actividad reuni\u00f3 a diversas mujeres de la comuna, quienes compartieron sus experiencias y desaf\u00edos en distintos \u00e1mbitos hist\u00f3ricamente dominados por hombres.<\/em><\/strong><\/p>\n<p style=\"font-weight: 400;\"><img fetchpriority=\"high\" decoding=\"async\" class=\"alignnone size-medium wp-image-9479\" src=\"https:\/\/muniovalle.cl\/sitio\/wp-content\/uploads\/2025\/03\/1741376394669-300x225.jpg\" alt=\"\" width=\"300\" height=\"225\" srcset=\"https:\/\/muniovalle.cl\/sitio\/wp-content\/uploads\/2025\/03\/1741376394669-300x225.jpg 300w, https:\/\/muniovalle.cl\/sitio\/wp-content\/uploads\/2025\/03\/1741376394669-1024x768.jpg 1024w, https:\/\/muniovalle.cl\/sitio\/wp-content\/uploads\/2025\/03\/1741376394669-768x576.jpg 768w, https:\/\/muniovalle.cl\/sitio\/wp-content\/uploads\/2025\/03\/1741376394669-1536x1152.jpg 1536w, https:\/\/muniovalle.cl\/sitio\/wp-content\/uploads\/2025\/03\/1741376394669-2048x1536.jpg 2048w, https:\/\/muniovalle.cl\/sitio\/wp-content\/uploads\/2025\/03\/1741376394669-500x375.jpg 500w, https:\/\/muniovalle.cl\/sitio\/wp-content\/uploads\/2025\/03\/1741376394669-800x600.jpg 800w, https:\/\/muniovalle.cl\/sitio\/wp-content\/uploads\/2025\/03\/1741376394669-1280x960.jpg 1280w, https:\/\/muniovalle.cl\/sitio\/wp-content\/uploads\/2025\/03\/1741376394669-1920x1440.jpg 1920w\" sizes=\"(max-width: 300px) 100vw, 300px\" \/><\/p>\n<p style=\"font-weight: 400;\">Desde tempranas horas de este viernes, la comunidad se dio cita para participar en una jornada cargada de reflexi\u00f3n y empoderamiento realizada en la Plaza de Armas de Ovalle en el marco de la conmemoraci\u00f3n del D\u00eda Internacional de la Mujer y la importancia de reconocer los avances en materia de equidad de g\u00e9nero, pero tambi\u00e9n de seguir trabajando para superar los desaf\u00edos que a\u00fan persisten.<\/p>\n<p style=\"font-weight: 400;\">El primer conversatorio, titulado \u00abDes-masculinizando mi oficio\u00bb, cont\u00f3 con la participaci\u00f3n de destacadas mujeres que se desempe\u00f1an en rubros tradicionalmente ocupados por hombres. Entre ellas, Mar\u00eda Angelina Romero Yevenes, inspectora municipal; Francisca Opazo Carvajal, del Centro de Negocios; Mar\u00eda Jos\u00e9 Araya Carvajal, mec\u00e1nica en Paski Garage; y Janete Andrade Flores, criancera. Durante el panel, las participantes compartieron sus experiencias y desafiaron los estereotipos de g\u00e9nero en sus respectivas profesiones.<\/p>\n<p style=\"font-weight: 400;\">La jefa del Departamento de Desarrollo Comunitario, Elizabeth Fern\u00e1ndez G\u00f3mez, reafirm\u00f3 el compromiso del municipio con la equidad de g\u00e9nero y el apoyo a las mujeres en el ejercicio de sus derechos y oportunidades, adem\u00e1s de hacer un balance de la jornada. \u00abHa sido una experiencia enriquecedora que queremos replicar a lo largo del a\u00f1o. Hoy tuvimos la oportunidad de conocer a mujeres extraordinarias, que han llegado lejos gracias a su esfuerzo, sacrificio y habilidades, demostrando que ninguna debe sentirse inc\u00f3moda al ocupar espacios que, hist\u00f3ricamente, han sido dominados por los hombres. Estamos muy contentas con la apertura de la comunidad para conversar sobre temas relevantes, como la inserci\u00f3n laboral de las mujeres en \u00e1mbitos tradicionalmente masculinos\u201d.<\/p>\n<p style=\"font-weight: 400;\">Agreg\u00f3 que \u201cnuestro alcalde H\u00e9ctor Vega nos ha instruido para que, desde el Departamento de Desarrollo Comunitario, trabajemos de la mano con distintas organizaciones y departamentos para hacer posible este tipo de encuentros, acerc\u00e1ndonos a la comunidad y generando espacios de reflexi\u00f3n. Adem\u00e1s, esta instancia ha estado abierta para todo p\u00fablico, permitiendo que escuchemos las experiencias de mujeres admirables: madres, abuelas, hijas, todas desempe\u00f1ando un rol fundamental en la sociedad y represent\u00e1ndonos con orgullo\u00bb.<\/p>\n<p style=\"font-weight: 400;\">Luego de una intervenci\u00f3n musical a cargo de la cantante ovallina PAE, se llev\u00f3 a cabo el segundo conversatorio titulado \u00abLiderando Territorios\u00bb. En esta instancia, mujeres l\u00edderes de distintas \u00e1reas sociales relataron su experiencia en la gesti\u00f3n y direcci\u00f3n de sus comunidades. Natalia Lemus, dirigenta del APR La Paloma; Alexandra Cort\u00e9s, del Consejo Consultivo; y Leydy de los R\u00edos, de la Fundaci\u00f3n FOVIADES, abordaron los desaf\u00edos de ser mujeres en roles de liderazgo y la importancia de fomentar una participaci\u00f3n equitativa en la toma de decisiones.<\/p>\n<p style=\"font-weight: 400;\">Leydy de los R\u00edos, quien es originaria de Colombia y es coordinadora social de la Fundaci\u00f3n FOVIADES, se refiri\u00f3 a su participaci\u00f3n en el conversatorio. \u00abHa sido una experiencia muy bonita, celebramos la fuerza de la mujer y es inspirador ver a tantas ocupando roles que antes eran exclusivos de los hombres. Como dec\u00eda nuestra compa\u00f1era, no se trata de un rol masculino o femenino, sino simplemente de un rol, y es gratificante poder participar y tener acceso a estos espacios de reflexi\u00f3n\u201d.<\/p>\n<p style=\"font-weight: 400;\">A\u00f1adi\u00f3 que \u201cen mi pa\u00eds, una mujer que quiere trabajar debe pedir autorizaci\u00f3n a su esposo o pareja. En cambio, aqu\u00ed en Chile, la mujer puede decidir libremente a qu\u00e9 dedicarse y, en muchos casos, cuenta con el apoyo de su pareja. Cuando llegu\u00e9, me anim\u00e9 a abrir mi mente a nuevas posibilidades y comprend\u00ed que, por ser mujer, no ten\u00eda por qu\u00e9 limitarme a lo que quisiera hacer. He trabajado como guardia, como temporera en el campo, ocupaciones que suelen considerarse \u2018trabajos de hombres\u2019 por su exigencia f\u00edsica. Gracias a Dios, en Chile he tenido la oportunidad de desempe\u00f1arme en distintos oficios, aprender, adquirir conocimientos y compartir experiencias con personas de diversas culturas, porque este es un pa\u00eds donde conviven muchas nacionalidades\u201d.<\/p>\n<p style=\"font-weight: 400;\">Para cerrar la jornada, se realizaron actividades de difusi\u00f3n de programas y de promoci\u00f3n de la actividad f\u00edsica y el bienestar integral con el objetivo de seguir construyendo una sociedad m\u00e1s justa e inclusiva para todas las mujeres de Ovalle.<\/p>\n","protected":false},"excerpt":{"rendered":"<p>En la Plaza de Armas de Ovalle, se realiz\u00f3 un emotivo conversatorio en el marco de la conmemoraci\u00f3n del D\u00eda Internacional de la Mujer. La actividad reuni\u00f3 a diversas mujeres de la comuna, quienes compartieron sus experiencias y desaf\u00edos en distintos \u00e1mbitos hist\u00f3ricamente dominados por hombres. Desde tempranas horas de este viernes, la comunidad se dio cita para participar en una jornada cargada de reflexi\u00f3n y empoderamiento realizada en la Plaza de Armas de Ovalle en el marco de la conmemoraci\u00f3n del D\u00eda Internacional de la Mujer y la importancia de reconocer los avances en materia de equidad de g\u00e9nero, pero tambi\u00e9n de seguir trabajando para superar los desaf\u00edos que a\u00fan persisten. El primer conversatorio, titulado \u00abDes-masculinizando mi oficio\u00bb, cont\u00f3 con la participaci\u00f3n de destacadas mujeres que se desempe\u00f1an en rubros tradicionalmente ocupados por hombres. Entre ellas, Mar\u00eda Angelina Romero Yevenes, inspectora municipal; Francisca Opazo Carvajal, del Centro de Negocios; Mar\u00eda Jos\u00e9 Araya Carvajal, mec\u00e1nica en Paski Garage; y Janete Andrade Flores, criancera. Durante el panel, las participantes compartieron sus experiencias y desafiaron los estereotipos de g\u00e9nero en sus respectivas profesiones. La jefa del Departamento de Desarrollo Comunitario, Elizabeth Fern\u00e1ndez G\u00f3mez, reafirm\u00f3 el compromiso del municipio con la equidad de g\u00e9nero y el apoyo a las mujeres en el ejercicio de sus derechos y oportunidades, adem\u00e1s de hacer un balance de la jornada. \u00abHa sido una experiencia enriquecedora que queremos replicar a lo largo del a\u00f1o. Hoy tuvimos la oportunidad de conocer a mujeres extraordinarias, que han llegado lejos gracias a su esfuerzo, sacrificio y habilidades, demostrando que ninguna debe sentirse inc\u00f3moda al ocupar espacios que, hist\u00f3ricamente, han sido dominados por los hombres. Estamos muy contentas con la apertura de la comunidad para conversar sobre temas relevantes, como la inserci\u00f3n laboral de las mujeres en \u00e1mbitos tradicionalmente masculinos\u201d. Agreg\u00f3 que \u201cnuestro alcalde H\u00e9ctor Vega nos ha instruido para que, desde el Departamento de Desarrollo Comunitario, trabajemos de la mano con distintas organizaciones y departamentos para hacer posible este tipo de encuentros, acerc\u00e1ndonos a la comunidad y generando espacios de reflexi\u00f3n. Adem\u00e1s, esta instancia ha estado abierta para todo p\u00fablico, permitiendo que escuchemos las experiencias de mujeres admirables: madres, abuelas, hijas, todas desempe\u00f1ando un rol fundamental en la sociedad y represent\u00e1ndonos con orgullo\u00bb. Luego de una intervenci\u00f3n musical a cargo de la cantante ovallina PAE, se llev\u00f3 a cabo el segundo conversatorio titulado \u00abLiderando Territorios\u00bb. En esta instancia, mujeres l\u00edderes de distintas \u00e1reas sociales relataron su experiencia en la gesti\u00f3n y direcci\u00f3n de sus comunidades. Natalia Lemus, dirigenta del APR La Paloma; Alexandra Cort\u00e9s, del Consejo Consultivo; y Leydy de los R\u00edos, de la Fundaci\u00f3n FOVIADES, abordaron los desaf\u00edos de ser mujeres en roles de liderazgo y la importancia de fomentar una participaci\u00f3n equitativa en la toma de decisiones. Leydy de los R\u00edos, quien es originaria de Colombia y es coordinadora social de la Fundaci\u00f3n FOVIADES, se refiri\u00f3 a su participaci\u00f3n en el conversatorio. \u00abHa sido una experiencia muy bonita, celebramos la fuerza de la mujer y es inspirador ver a tantas ocupando roles que antes eran exclusivos de los hombres. Como dec\u00eda nuestra compa\u00f1era, no se trata de un rol masculino o femenino, sino simplemente de un rol, y es gratificante poder participar y tener acceso a estos espacios de reflexi\u00f3n\u201d. A\u00f1adi\u00f3 que \u201cen mi pa\u00eds, una mujer que quiere trabajar debe pedir autorizaci\u00f3n a su esposo o pareja. En cambio, aqu\u00ed en Chile, la mujer puede decidir libremente a qu\u00e9 dedicarse y, en muchos casos, cuenta con el apoyo de su pareja. Cuando llegu\u00e9, me anim\u00e9 a abrir mi mente a nuevas posibilidades y comprend\u00ed que, por ser mujer, no ten\u00eda por qu\u00e9 limitarme a lo que quisiera hacer. He trabajado como guardia, como temporera en el campo, ocupaciones que suelen considerarse \u2018trabajos de hombres\u2019 por su exigencia f\u00edsica. Gracias a Dios, en Chile he tenido la oportunidad de desempe\u00f1arme en distintos oficios, aprender, adquirir conocimientos y compartir experiencias con personas de diversas culturas, porque este es un pa\u00eds donde conviven muchas nacionalidades\u201d. Para cerrar la jornada, se realizaron actividades de difusi\u00f3n de programas y de promoci\u00f3n de la actividad f\u00edsica y el bienestar integral con el objetivo de seguir construyendo una sociedad m\u00e1s justa e inclusiva para todas las mujeres de Ovalle.<\/p>\n","protected":false},"author":3,"featured_media":9479,"comment_status":"closed","ping_status":"closed","sticky":false,"template":"","format":"standard","meta":{"_vp_format_video_url":"","_vp_image_focal_point":[],"footnotes":""},"categories":[61],"tags":[],"class_list":["post-9478","post","type-post","status-publish","format-standard","has-post-thumbnail","hentry","category-municipal"],"_links":{"self":[{"href":"https:\/\/muniovalle.cl\/sitio\/wp-json\/wp\/v2\/posts\/9478","targetHints":{"allow":["GET"]}}],"collection":[{"href":"https:\/\/muniovalle.cl\/sitio\/wp-json\/wp\/v2\/posts"}],"about":[{"href":"https:\/\/muniovalle.cl\/sitio\/wp-json\/wp\/v2\/types\/post"}],"author":[{"embeddable":true,"href":"https:\/\/muniovalle.cl\/sitio\/wp-json\/wp\/v2\/users\/3"}],"replies":[{"embeddable":true,"href":"https:\/\/muniovalle.cl\/sitio\/wp-json\/wp\/v2\/comments?post=9478"}],"version-history":[{"count":1,"href":"https:\/\/muniovalle.cl\/sitio\/wp-json\/wp\/v2\/posts\/9478\/revisions"}],"predecessor-version":[{"id":9480,"href":"https:\/\/muniovalle.cl\/sitio\/wp-json\/wp\/v2\/posts\/9478\/revisions\/9480"}],"wp:featuredmedia":[{"embeddable":true,"href":"https:\/\/muniovalle.cl\/sitio\/wp-json\/wp\/v2\/media\/9479"}],"wp:attachment":[{"href":"https:\/\/muniovalle.cl\/sitio\/wp-json\/wp\/v2\/media?parent=9478"}],"wp:term":[{"taxonomy":"category","embeddable":true,"href":"https:\/\/muniovalle.cl\/sitio\/wp-json\/wp\/v2\/categories?post=9478"},{"taxonomy":"post_tag","embeddable":true,"href":"https:\/\/muniovalle.cl\/sitio\/wp-json\/wp\/v2\/tags?post=9478"}],"curies":[{"name":"wp","href":"https:\/\/api.w.org\/{rel}","templated":true}]}}