{"id":9473,"date":"2025-03-06T17:40:17","date_gmt":"2025-03-06T20:40:17","guid":{"rendered":"https:\/\/muniovalle.cl\/sitio\/?p=9473"},"modified":"2025-03-12T09:08:00","modified_gmt":"2025-03-12T12:08:00","slug":"ovallinos-y-ovallinas-ya-pueden-pagar-sus-permisos-de-circulacion-2025-en-la-plaza-de-armas","status":"publish","type":"post","link":"https:\/\/muniovalle.cl\/sitio\/2025\/03\/06\/ovallinos-y-ovallinas-ya-pueden-pagar-sus-permisos-de-circulacion-2025-en-la-plaza-de-armas\/","title":{"rendered":"Ovallinos y ovallinas ya pueden pagar sus Permisos de Circulaci\u00f3n 2025 en la Plaza de Armas"},"content":{"rendered":"<p style=\"font-weight: 400; text-align: justify;\"><em>Comenz\u00f3 el trabajo de los m\u00f3dulos de atenci\u00f3n del Municipio de Ovalle en el principal paseo ciudadano.<\/em><\/p>\n<p style=\"text-align: justify;\"><img fetchpriority=\"high\" decoding=\"async\" class=\"alignnone size-medium wp-image-9474\" src=\"https:\/\/muniovalle.cl\/sitio\/wp-content\/uploads\/2025\/03\/PERMISOS-DE-CIRCULACION-13-300x169.jpg\" alt=\"\" width=\"300\" height=\"169\" srcset=\"https:\/\/muniovalle.cl\/sitio\/wp-content\/uploads\/2025\/03\/PERMISOS-DE-CIRCULACION-13-300x169.jpg 300w, https:\/\/muniovalle.cl\/sitio\/wp-content\/uploads\/2025\/03\/PERMISOS-DE-CIRCULACION-13-1024x576.jpg 1024w, https:\/\/muniovalle.cl\/sitio\/wp-content\/uploads\/2025\/03\/PERMISOS-DE-CIRCULACION-13-768x432.jpg 768w, https:\/\/muniovalle.cl\/sitio\/wp-content\/uploads\/2025\/03\/PERMISOS-DE-CIRCULACION-13-1536x864.jpg 1536w, https:\/\/muniovalle.cl\/sitio\/wp-content\/uploads\/2025\/03\/PERMISOS-DE-CIRCULACION-13-2048x1152.jpg 2048w, https:\/\/muniovalle.cl\/sitio\/wp-content\/uploads\/2025\/03\/PERMISOS-DE-CIRCULACION-13-500x281.jpg 500w, https:\/\/muniovalle.cl\/sitio\/wp-content\/uploads\/2025\/03\/PERMISOS-DE-CIRCULACION-13-800x450.jpg 800w, https:\/\/muniovalle.cl\/sitio\/wp-content\/uploads\/2025\/03\/PERMISOS-DE-CIRCULACION-13-1280x720.jpg 1280w, https:\/\/muniovalle.cl\/sitio\/wp-content\/uploads\/2025\/03\/PERMISOS-DE-CIRCULACION-13-1920x1080.jpg 1920w\" sizes=\"(max-width: 300px) 100vw, 300px\" \/><\/p>\n<p style=\"font-weight: 400; text-align: justify;\">Desde la ma\u00f1ana de este jueves, personal municipal y de la Direcci\u00f3n de Tr\u00e1nsito se encuentran en el principal paseo ciudadano para atender los requerimientos de los due\u00f1os de veh\u00edculos, quienes llegaron a renovar sus permisos.<\/p>\n<p style=\"font-weight: 400; text-align: justify;\">Desde varios sectores de la ciudad, llegaron los ciudadanos a renovar sus permisos quienes resaltaron la posibilidad de realizarlo en esta primera jornada con el objetivo de no estar a \u00faltima hora haciendo este tr\u00e1mite. Adem\u00e1s resaltaron poder hacerlo con poca gente y de manera expedita.<\/p>\n<p style=\"font-weight: 400; text-align: justify;\">Usuarios<\/p>\n<p style=\"font-weight: 400; text-align: justify;\">Juan V\u00e1squez, del sector Variante El Romeral, se\u00f1al\u00f3 que la atenci\u00f3n se realiz\u00f3 \u201csin problemas\u201d y destac\u00f3 que \u201cme parece muy bien esta atenci\u00f3n, porque as\u00ed uno no tiene que estar haciendo filas en Tr\u00e1nsito. Vine de los primeros para salir de este tr\u00e1mite\u201d. En tanto, Pedro Araya, vecino de la Villa don Vicente manifest\u00f3 que concurri\u00f3 en el primer d\u00eda de atenci\u00f3n porque \u201cen la primera semana es bueno porque hay menos gente\u201d y remarc\u00f3 que \u201cme terci\u00e9 justo el primer d\u00eda y ya estoy listo\u201d.<\/p>\n<p style=\"font-weight: 400; text-align: justify;\">Por su parte, M\u00f3nica Santander de la poblaci\u00f3n Limar\u00ed se\u00f1al\u00f3 que asisti\u00f3 \u201cen este primer d\u00eda porque despu\u00e9s, con la acumulaci\u00f3n de personas \u00a0haciendo fila, eso es retardar el proceso tambi\u00e9n\u201d y remarc\u00f3 el hecho que el municipio haya instalado m\u00f3dulos es muy bueno para los usuarios de este sistema\u201d.<\/p>\n<p style=\"font-weight: 400; text-align: justify;\">El director del Departamento de Tr\u00e1nsito del municipio de Ovalle, David Far\u00edas Mateluna hizo un balance del proceso en su primer d\u00eda de operaci\u00f3n. \u201cEfectivamente hoy d\u00eda comenz\u00f3 la atenci\u00f3n en el m\u00f3dulo de plaza de armas, que cuenta con cuatro contenedores, donde se est\u00e1n realizando los pagos para poder atenuar un poco la gran cantidad de personas que han llegado. Se va a instalar un segundo m\u00f3dulo \u00a0para el d\u00eda lunes\u201d.<\/p>\n<p style=\"font-weight: 400; text-align: justify;\">En cuanto a los horarios de atenci\u00f3n, Far\u00edas remarc\u00f3 que \u201cen la Direcci\u00f3n de Tr\u00e1nsito el horario es desde las 09:00 de la ma\u00f1ana hasta las 14:00 y en la tarde \u00a0desde las 15:30 hasta las 17:30 horas. Mientras que en los m\u00f3dulos habr\u00e1 una atenci\u00f3n alternada para que los funcionarios tengan su horario de colaci\u00f3n\u201d .<\/p>\n<p style=\"font-weight: 400; text-align: justify;\">Por su parte, el alcalde de Ovalle, H\u00e9ctor Vega Campusano reiter\u00f3 el llamado a los due\u00f1os de veh\u00edculos a realizar la cancelaci\u00f3n del Permiso de Circulaci\u00f3n en los m\u00f3dulos de la Plaza de Armas.<\/p>\n<p style=\"font-weight: 400; text-align: justify;\">\u201cEsperamos la comunidad ovallina utilice\u00a0los m\u00f3dulos dispuestos en sector de la Plaza de Armas, en el Departamento de Tr\u00e1nsito, de forma presencial y obviamente, en de forma online en la p\u00e1gina web\u201d, afirm\u00f3 el jefe comunal.<\/p>\n<p style=\"font-weight: 400; text-align: justify;\">El pago del permiso de circulaci\u00f3n puede realizarse en efectivo, con tarjeta de d\u00e9bito o cr\u00e9dito.<\/p>\n<p style=\"font-weight: 400; text-align: justify;\">Quienes tengan que cancelar este documento tendr\u00e1n que presentar el Permiso de Circulaci\u00f3n anterior, la Revisi\u00f3n T\u00e9cnica al d\u00eda o el Certificado de Homologaci\u00f3n vigente y el Seguro Obligatorio. Cabe recordar que transitar con el permiso de circulaci\u00f3n vencido es una falta grave a la Ley de Tr\u00e1nsito y quienes sean sorprendidos sin este documento, arriesgan multas y el retiro del veh\u00edculo de la v\u00eda p\u00fablica.<\/p>\n","protected":false},"excerpt":{"rendered":"<p>Comenz\u00f3 el trabajo de los m\u00f3dulos de atenci\u00f3n del Municipio de Ovalle en el principal paseo ciudadano. Desde la ma\u00f1ana de este jueves, personal municipal y de la Direcci\u00f3n de Tr\u00e1nsito se encuentran en el principal paseo ciudadano para atender los requerimientos de los due\u00f1os de veh\u00edculos, quienes llegaron a renovar sus permisos. Desde varios sectores de la ciudad, llegaron los ciudadanos a renovar sus permisos quienes resaltaron la posibilidad de realizarlo en esta primera jornada con el objetivo de no estar a \u00faltima hora haciendo este tr\u00e1mite. Adem\u00e1s resaltaron poder hacerlo con poca gente y de manera expedita. Usuarios Juan V\u00e1squez, del sector Variante El Romeral, se\u00f1al\u00f3 que la atenci\u00f3n se realiz\u00f3 \u201csin problemas\u201d y destac\u00f3 que \u201cme parece muy bien esta atenci\u00f3n, porque as\u00ed uno no tiene que estar haciendo filas en Tr\u00e1nsito. Vine de los primeros para salir de este tr\u00e1mite\u201d. En tanto, Pedro Araya, vecino de la Villa don Vicente manifest\u00f3 que concurri\u00f3 en el primer d\u00eda de atenci\u00f3n porque \u201cen la primera semana es bueno porque hay menos gente\u201d y remarc\u00f3 que \u201cme terci\u00e9 justo el primer d\u00eda y ya estoy listo\u201d. Por su parte, M\u00f3nica Santander de la poblaci\u00f3n Limar\u00ed se\u00f1al\u00f3 que asisti\u00f3 \u201cen este primer d\u00eda porque despu\u00e9s, con la acumulaci\u00f3n de personas \u00a0haciendo fila, eso es retardar el proceso tambi\u00e9n\u201d y remarc\u00f3 el hecho que el municipio haya instalado m\u00f3dulos es muy bueno para los usuarios de este sistema\u201d. El director del Departamento de Tr\u00e1nsito del municipio de Ovalle, David Far\u00edas Mateluna hizo un balance del proceso en su primer d\u00eda de operaci\u00f3n. \u201cEfectivamente hoy d\u00eda comenz\u00f3 la atenci\u00f3n en el m\u00f3dulo de plaza de armas, que cuenta con cuatro contenedores, donde se est\u00e1n realizando los pagos para poder atenuar un poco la gran cantidad de personas que han llegado. Se va a instalar un segundo m\u00f3dulo \u00a0para el d\u00eda lunes\u201d. En cuanto a los horarios de atenci\u00f3n, Far\u00edas remarc\u00f3 que \u201cen la Direcci\u00f3n de Tr\u00e1nsito el horario es desde las 09:00 de la ma\u00f1ana hasta las 14:00 y en la tarde \u00a0desde las 15:30 hasta las 17:30 horas. Mientras que en los m\u00f3dulos habr\u00e1 una atenci\u00f3n alternada para que los funcionarios tengan su horario de colaci\u00f3n\u201d . Por su parte, el alcalde de Ovalle, H\u00e9ctor Vega Campusano reiter\u00f3 el llamado a los due\u00f1os de veh\u00edculos a realizar la cancelaci\u00f3n del Permiso de Circulaci\u00f3n en los m\u00f3dulos de la Plaza de Armas. \u201cEsperamos la comunidad ovallina utilice\u00a0los m\u00f3dulos dispuestos en sector de la Plaza de Armas, en el Departamento de Tr\u00e1nsito, de forma presencial y obviamente, en de forma online en la p\u00e1gina web\u201d, afirm\u00f3 el jefe comunal. El pago del permiso de circulaci\u00f3n puede realizarse en efectivo, con tarjeta de d\u00e9bito o cr\u00e9dito. Quienes tengan que cancelar este documento tendr\u00e1n que presentar el Permiso de Circulaci\u00f3n anterior, la Revisi\u00f3n T\u00e9cnica al d\u00eda o el Certificado de Homologaci\u00f3n vigente y el Seguro Obligatorio. Cabe recordar que transitar con el permiso de circulaci\u00f3n vencido es una falta grave a la Ley de Tr\u00e1nsito y quienes sean sorprendidos sin este documento, arriesgan multas y el retiro del veh\u00edculo de la v\u00eda p\u00fablica.<\/p>\n","protected":false},"author":3,"featured_media":9474,"comment_status":"closed","ping_status":"closed","sticky":false,"template":"","format":"standard","meta":{"_vp_format_video_url":"","_vp_image_focal_point":[],"footnotes":""},"categories":[61],"tags":[],"class_list":["post-9473","post","type-post","status-publish","format-standard","has-post-thumbnail","hentry","category-municipal"],"_links":{"self":[{"href":"https:\/\/muniovalle.cl\/sitio\/wp-json\/wp\/v2\/posts\/9473","targetHints":{"allow":["GET"]}}],"collection":[{"href":"https:\/\/muniovalle.cl\/sitio\/wp-json\/wp\/v2\/posts"}],"about":[{"href":"https:\/\/muniovalle.cl\/sitio\/wp-json\/wp\/v2\/types\/post"}],"author":[{"embeddable":true,"href":"https:\/\/muniovalle.cl\/sitio\/wp-json\/wp\/v2\/users\/3"}],"replies":[{"embeddable":true,"href":"https:\/\/muniovalle.cl\/sitio\/wp-json\/wp\/v2\/comments?post=9473"}],"version-history":[{"count":2,"href":"https:\/\/muniovalle.cl\/sitio\/wp-json\/wp\/v2\/posts\/9473\/revisions"}],"predecessor-version":[{"id":9497,"href":"https:\/\/muniovalle.cl\/sitio\/wp-json\/wp\/v2\/posts\/9473\/revisions\/9497"}],"wp:featuredmedia":[{"embeddable":true,"href":"https:\/\/muniovalle.cl\/sitio\/wp-json\/wp\/v2\/media\/9474"}],"wp:attachment":[{"href":"https:\/\/muniovalle.cl\/sitio\/wp-json\/wp\/v2\/media?parent=9473"}],"wp:term":[{"taxonomy":"category","embeddable":true,"href":"https:\/\/muniovalle.cl\/sitio\/wp-json\/wp\/v2\/categories?post=9473"},{"taxonomy":"post_tag","embeddable":true,"href":"https:\/\/muniovalle.cl\/sitio\/wp-json\/wp\/v2\/tags?post=9473"}],"curies":[{"name":"wp","href":"https:\/\/api.w.org\/{rel}","templated":true}]}}