{"id":9400,"date":"2025-02-28T18:47:21","date_gmt":"2025-02-28T21:47:21","guid":{"rendered":"https:\/\/muniovalle.cl\/sitio\/?p=9400"},"modified":"2025-02-28T18:47:21","modified_gmt":"2025-02-28T21:47:21","slug":"en-ovalle-conmemoraron-el-dia-de-la-enfermedades-poco-frecuentes","status":"publish","type":"post","link":"https:\/\/muniovalle.cl\/sitio\/2025\/02\/28\/en-ovalle-conmemoraron-el-dia-de-la-enfermedades-poco-frecuentes\/","title":{"rendered":"En Ovalle conmemoraron el D\u00eda de la Enfermedades Poco Frecuentes"},"content":{"rendered":"<p><strong><em>El acto se realiz\u00f3 en la alameda de Ovalle y tuvo como principal objetivo visibilizar algunas condiciones m\u00e9dicas poco comunes y que en algunos casos no est\u00e1n incluidas en el sistema de salud. En la ocasi\u00f3n, se instalaron stands informativos, con el fin de dar a conocer este tipo de padecimientos y sus principales s\u00edntomas.<\/em><\/strong><\/p>\n<p><img fetchpriority=\"high\" decoding=\"async\" class=\"alignnone size-medium wp-image-9401\" src=\"https:\/\/muniovalle.cl\/sitio\/wp-content\/uploads\/2025\/02\/CONMEMORACION-DEL-DIA-DE-LAS-ENFERMEDADES-POCO-FRECUENTES-2-300x184.jpg\" alt=\"\" width=\"300\" height=\"184\" srcset=\"https:\/\/muniovalle.cl\/sitio\/wp-content\/uploads\/2025\/02\/CONMEMORACION-DEL-DIA-DE-LAS-ENFERMEDADES-POCO-FRECUENTES-2-300x184.jpg 300w, https:\/\/muniovalle.cl\/sitio\/wp-content\/uploads\/2025\/02\/CONMEMORACION-DEL-DIA-DE-LAS-ENFERMEDADES-POCO-FRECUENTES-2-1024x629.jpg 1024w, https:\/\/muniovalle.cl\/sitio\/wp-content\/uploads\/2025\/02\/CONMEMORACION-DEL-DIA-DE-LAS-ENFERMEDADES-POCO-FRECUENTES-2-768x472.jpg 768w, https:\/\/muniovalle.cl\/sitio\/wp-content\/uploads\/2025\/02\/CONMEMORACION-DEL-DIA-DE-LAS-ENFERMEDADES-POCO-FRECUENTES-2-1536x944.jpg 1536w, https:\/\/muniovalle.cl\/sitio\/wp-content\/uploads\/2025\/02\/CONMEMORACION-DEL-DIA-DE-LAS-ENFERMEDADES-POCO-FRECUENTES-2-2048x1258.jpg 2048w, https:\/\/muniovalle.cl\/sitio\/wp-content\/uploads\/2025\/02\/CONMEMORACION-DEL-DIA-DE-LAS-ENFERMEDADES-POCO-FRECUENTES-2-500x307.jpg 500w, https:\/\/muniovalle.cl\/sitio\/wp-content\/uploads\/2025\/02\/CONMEMORACION-DEL-DIA-DE-LAS-ENFERMEDADES-POCO-FRECUENTES-2-800x491.jpg 800w, https:\/\/muniovalle.cl\/sitio\/wp-content\/uploads\/2025\/02\/CONMEMORACION-DEL-DIA-DE-LAS-ENFERMEDADES-POCO-FRECUENTES-2-1280x786.jpg 1280w, https:\/\/muniovalle.cl\/sitio\/wp-content\/uploads\/2025\/02\/CONMEMORACION-DEL-DIA-DE-LAS-ENFERMEDADES-POCO-FRECUENTES-2-1920x1180.jpg 1920w\" sizes=\"(max-width: 300px) 100vw, 300px\" \/><\/p>\n<p>Existen muchas personas que presentan condiciones m\u00e9dicas singulares y que muchas veces no tienen cura, ni tratamientos. Son las denominadas enfermedades poco frecuentes que afectan a una parte m\u00ednima de la poblaci\u00f3n, que tiene que lidiar con este problema de salud de por vida.<\/p>\n<p>Es por esta raz\u00f3n, y como forma de visibilizar este tipo de padecimientos, se llev\u00f3 a cabo la conmemoraci\u00f3n del D\u00eda de la Enfermedades Poco Frecuentes, que se llev\u00f3 a cabo en la alameda local y cont\u00f3 con la presencia del alcalde de Ovalle, H\u00e9ctor Vega Campusano e integrantes del Concejo Municipal. Adem\u00e1s, se instalaron stands informativos donde se dieron a conocer distintos tipos de condiciones m\u00e9dicas, en la que participaron diversas agrupaciones y organizaciones que se dedican a apoyar estos casos, entre ellas, Protea Ovalle, Corporaci\u00f3n Familia Miastenia Gravis, Fundaci\u00f3n Deseos sin Barreras, Programa Lazos, Programa Somos Barrio, Fundaci\u00f3n Fibrodisplacia Osificante Progresiva Chile, Guerreras Hermosas, Ostomizados, Centro de atenci\u00f3n para ni\u00f1os, ni\u00f1as y adolescentes TEA, Corazones Autismo Punitaqui, Oficina de la Discapacidad del Departamento Social del municipio de Ovalle, entre otras.<\/p>\n<p>Katina Pavletich, representantes de la Federaci\u00f3n de Enfermedades Poco Frecuentes de Chile (FENPOF Chile), quien indic\u00f3 que \u201ces muy importante visibilizar las problem\u00e1ticas que tenemos las personas que estamos en situaci\u00f3n de discapacidad o padecemos de una enfermedad poco frecuente. Con estas actividades queremos educar a la comunidad sobre qu\u00e9 es vivir con este tipo de enfermedades, las cuales queremos seguir replicando\u201d.<\/p>\n<p>En tanto, el alcalde de Ovalle, H\u00e9ctor Vega Campusano afirm\u00f3 que \u201ces primera vez que se realiza esta conmemoraci\u00f3n a nivel regional y estamos contentos que se haya hecho en nuestra comuna. Nosotros como administraci\u00f3n municipal apoyaremos a todas estas agrupaciones en sus actividades y haremos las gestiones que correspondan con nuestros parlamentarios para que nos entreguen su apoyo en este \u00e1mbito\u201d.<\/p>\n","protected":false},"excerpt":{"rendered":"<p>El acto se realiz\u00f3 en la alameda de Ovalle y tuvo como principal objetivo visibilizar algunas condiciones m\u00e9dicas poco comunes y que en algunos casos no est\u00e1n incluidas en el sistema de salud. En la ocasi\u00f3n, se instalaron stands informativos, con el fin de dar a conocer este tipo de padecimientos y sus principales s\u00edntomas. Existen muchas personas que presentan condiciones m\u00e9dicas singulares y que muchas veces no tienen cura, ni tratamientos. Son las denominadas enfermedades poco frecuentes que afectan a una parte m\u00ednima de la poblaci\u00f3n, que tiene que lidiar con este problema de salud de por vida. Es por esta raz\u00f3n, y como forma de visibilizar este tipo de padecimientos, se llev\u00f3 a cabo la conmemoraci\u00f3n del D\u00eda de la Enfermedades Poco Frecuentes, que se llev\u00f3 a cabo en la alameda local y cont\u00f3 con la presencia del alcalde de Ovalle, H\u00e9ctor Vega Campusano e integrantes del Concejo Municipal. Adem\u00e1s, se instalaron stands informativos donde se dieron a conocer distintos tipos de condiciones m\u00e9dicas, en la que participaron diversas agrupaciones y organizaciones que se dedican a apoyar estos casos, entre ellas, Protea Ovalle, Corporaci\u00f3n Familia Miastenia Gravis, Fundaci\u00f3n Deseos sin Barreras, Programa Lazos, Programa Somos Barrio, Fundaci\u00f3n Fibrodisplacia Osificante Progresiva Chile, Guerreras Hermosas, Ostomizados, Centro de atenci\u00f3n para ni\u00f1os, ni\u00f1as y adolescentes TEA, Corazones Autismo Punitaqui, Oficina de la Discapacidad del Departamento Social del municipio de Ovalle, entre otras. Katina Pavletich, representantes de la Federaci\u00f3n de Enfermedades Poco Frecuentes de Chile (FENPOF Chile), quien indic\u00f3 que \u201ces muy importante visibilizar las problem\u00e1ticas que tenemos las personas que estamos en situaci\u00f3n de discapacidad o padecemos de una enfermedad poco frecuente. Con estas actividades queremos educar a la comunidad sobre qu\u00e9 es vivir con este tipo de enfermedades, las cuales queremos seguir replicando\u201d. En tanto, el alcalde de Ovalle, H\u00e9ctor Vega Campusano afirm\u00f3 que \u201ces primera vez que se realiza esta conmemoraci\u00f3n a nivel regional y estamos contentos que se haya hecho en nuestra comuna. Nosotros como administraci\u00f3n municipal apoyaremos a todas estas agrupaciones en sus actividades y haremos las gestiones que correspondan con nuestros parlamentarios para que nos entreguen su apoyo en este \u00e1mbito\u201d.<\/p>\n","protected":false},"author":3,"featured_media":9401,"comment_status":"closed","ping_status":"closed","sticky":false,"template":"","format":"standard","meta":{"_vp_format_video_url":"","_vp_image_focal_point":[],"footnotes":""},"categories":[61],"tags":[],"class_list":["post-9400","post","type-post","status-publish","format-standard","has-post-thumbnail","hentry","category-municipal"],"_links":{"self":[{"href":"https:\/\/muniovalle.cl\/sitio\/wp-json\/wp\/v2\/posts\/9400","targetHints":{"allow":["GET"]}}],"collection":[{"href":"https:\/\/muniovalle.cl\/sitio\/wp-json\/wp\/v2\/posts"}],"about":[{"href":"https:\/\/muniovalle.cl\/sitio\/wp-json\/wp\/v2\/types\/post"}],"author":[{"embeddable":true,"href":"https:\/\/muniovalle.cl\/sitio\/wp-json\/wp\/v2\/users\/3"}],"replies":[{"embeddable":true,"href":"https:\/\/muniovalle.cl\/sitio\/wp-json\/wp\/v2\/comments?post=9400"}],"version-history":[{"count":1,"href":"https:\/\/muniovalle.cl\/sitio\/wp-json\/wp\/v2\/posts\/9400\/revisions"}],"predecessor-version":[{"id":9402,"href":"https:\/\/muniovalle.cl\/sitio\/wp-json\/wp\/v2\/posts\/9400\/revisions\/9402"}],"wp:featuredmedia":[{"embeddable":true,"href":"https:\/\/muniovalle.cl\/sitio\/wp-json\/wp\/v2\/media\/9401"}],"wp:attachment":[{"href":"https:\/\/muniovalle.cl\/sitio\/wp-json\/wp\/v2\/media?parent=9400"}],"wp:term":[{"taxonomy":"category","embeddable":true,"href":"https:\/\/muniovalle.cl\/sitio\/wp-json\/wp\/v2\/categories?post=9400"},{"taxonomy":"post_tag","embeddable":true,"href":"https:\/\/muniovalle.cl\/sitio\/wp-json\/wp\/v2\/tags?post=9400"}],"curies":[{"name":"wp","href":"https:\/\/api.w.org\/{rel}","templated":true}]}}