{"id":9394,"date":"2025-02-27T14:58:55","date_gmt":"2025-02-27T17:58:55","guid":{"rendered":"https:\/\/muniovalle.cl\/sitio\/?p=9394"},"modified":"2025-02-27T14:58:55","modified_gmt":"2025-02-27T17:58:55","slug":"cinco-candidatas-lucharan-por-convertirse-en-la-nueva-embajadora-de-la-fiesta-de-la-vendimia-de-ovalle","status":"publish","type":"post","link":"https:\/\/muniovalle.cl\/sitio\/2025\/02\/27\/cinco-candidatas-lucharan-por-convertirse-en-la-nueva-embajadora-de-la-fiesta-de-la-vendimia-de-ovalle\/","title":{"rendered":"Cinco candidatas luchar\u00e1n por convertirse en la nueva Embajadora de la Fiesta de la Vendimia de Ovalle"},"content":{"rendered":"<p><strong><em>Nilda Lara, Alexandra \u00c1ngel, Florencia V\u00e1squez, Mar\u00eda Jos\u00e9 Cort\u00e9s y Claudia Olivares competir\u00e1n a trav\u00e9s de entretenidas pruebas con puntaje, a lo que se sumar\u00e1n los \u201cme gusta\u201d en las redes sociales municipales.<\/em><\/strong><\/p>\n<p><img fetchpriority=\"high\" decoding=\"async\" class=\"alignnone size-medium wp-image-9395\" src=\"https:\/\/muniovalle.cl\/sitio\/wp-content\/uploads\/2025\/02\/Candidatas-a-Embajadoras-de-la-Fiesta-de-la-Vendimia-de-Ovalle-2025-1-300x200.jpeg\" alt=\"\" width=\"300\" height=\"200\" srcset=\"https:\/\/muniovalle.cl\/sitio\/wp-content\/uploads\/2025\/02\/Candidatas-a-Embajadoras-de-la-Fiesta-de-la-Vendimia-de-Ovalle-2025-1-300x200.jpeg 300w, https:\/\/muniovalle.cl\/sitio\/wp-content\/uploads\/2025\/02\/Candidatas-a-Embajadoras-de-la-Fiesta-de-la-Vendimia-de-Ovalle-2025-1-1024x683.jpeg 1024w, https:\/\/muniovalle.cl\/sitio\/wp-content\/uploads\/2025\/02\/Candidatas-a-Embajadoras-de-la-Fiesta-de-la-Vendimia-de-Ovalle-2025-1-768x512.jpeg 768w, https:\/\/muniovalle.cl\/sitio\/wp-content\/uploads\/2025\/02\/Candidatas-a-Embajadoras-de-la-Fiesta-de-la-Vendimia-de-Ovalle-2025-1-1536x1024.jpeg 1536w, https:\/\/muniovalle.cl\/sitio\/wp-content\/uploads\/2025\/02\/Candidatas-a-Embajadoras-de-la-Fiesta-de-la-Vendimia-de-Ovalle-2025-1-2048x1365.jpeg 2048w, https:\/\/muniovalle.cl\/sitio\/wp-content\/uploads\/2025\/02\/Candidatas-a-Embajadoras-de-la-Fiesta-de-la-Vendimia-de-Ovalle-2025-1-500x333.jpeg 500w, https:\/\/muniovalle.cl\/sitio\/wp-content\/uploads\/2025\/02\/Candidatas-a-Embajadoras-de-la-Fiesta-de-la-Vendimia-de-Ovalle-2025-1-800x533.jpeg 800w, https:\/\/muniovalle.cl\/sitio\/wp-content\/uploads\/2025\/02\/Candidatas-a-Embajadoras-de-la-Fiesta-de-la-Vendimia-de-Ovalle-2025-1-1280x853.jpeg 1280w, https:\/\/muniovalle.cl\/sitio\/wp-content\/uploads\/2025\/02\/Candidatas-a-Embajadoras-de-la-Fiesta-de-la-Vendimia-de-Ovalle-2025-1-1920x1280.jpeg 1920w\" sizes=\"(max-width: 300px) 100vw, 300px\" \/><\/p>\n<p>En entretenidas pruebas participar\u00e1n las cinco candidatas que buscan convertirse en la \u201cEmbajadora de la Fiesta de la Vendimia 2025\u201d, evento que se desarrollar\u00e1 el pr\u00f3ximo s\u00e1bado 1 y domingo 2 de marzo en la plaza de armas de Ovalle.<\/p>\n<p>Este a\u00f1o participar\u00e1 Nilda Lara de 18 a\u00f1os, quien es estudiante de Educaci\u00f3n Diferencial y asegura que \u201cdesde ni\u00f1a he venido a la Fiesta de la Vendimia junto a mi familia y siempre admir\u00e9 a quienes se presentaban como candidatas, porque hac\u00edan pruebas entretenidas y mostraban parte de nuestra cultura local. Me siento orgullosa de ser candidata y espero obtener buenos resultados\u201d.<\/p>\n<p>Otra de las postulantes es Alexandra \u00c1ngel de 24 a\u00f1os, quien es fonoaudi\u00f3loga y espera convertirse en la pr\u00f3xima soberana de la Vendimia. \u201cMis padres est\u00e1n vinculados con la producci\u00f3n de uva y conozco el esfuerzo de las personas que son parte de este rubro. Quiero representar a mi comuna para promover la cultura vitivin\u00edcola y que sea reconocida no s\u00f3lo en la Regi\u00f3n de Coquimbo, sino que tambi\u00e9n a lo largo de nuestro pa\u00eds\u201d indic\u00f3 la candidata.<\/p>\n<p>Este a\u00f1o tambi\u00e9n buscar\u00e1 la corona Florencia V\u00e1squez, quien tiene 18 a\u00f1os e ingresar\u00e1 pr\u00f3ximamente a estudiar Psicopedagog\u00eda. Su principal motivaci\u00f3n fue la idea de \u201cdarle mayor visibilidad a Ovalle y al trabajo que realizan las personas que se dedican a la producci\u00f3n de vinos y piscos de esta zona\u201d.<\/p>\n<p>Mar\u00eda Jos\u00e9 Cort\u00e9s, quien tiene 41 a\u00f1os y es educadora diferencial, busca coronarse como la pr\u00f3xima \u201cEmbajadora de la Fiesta de la Vendimia 2025\u201d. Asegura que su principal motivaci\u00f3n es \u201cfomentar y dar a conocer esta hermosa actividad y toda la riqueza que tienen nuestros productos locales\u201d.<\/p>\n<p>Finalmente, Claudia Olivares de 42 a\u00f1os, quien es profesora de Educaci\u00f3n B\u00e1sica sostuvo que el principal impulso fue participar y \u201cvincular la cultura, el arte y el territorio local, a trav\u00e9s de la danza, pero asociado al fomento de la producci\u00f3n del rubro vitivin\u00edcola\u201d.<\/p>\n<p>Las participantes, durante las dos jornadas, ser\u00e1n parte de un programa de actividades con puntaje, entre ellas, el tradicional \u201cPisado de Uva\u201d. Posteriormente, se elegir\u00e1n a tres finalistas, las dos con mejor puntaje y la tercera clasificada ser\u00e1 la que obtenga mayor cantidad de \u201cme gusta\u201d en las redes sociales municipales (Facebook Ilustre Municipalidad de Ovalle y en Instagram @muniovalle). La siguiente etapa ser\u00e1n preguntas de actualidad y referentes a la historia de la comuna, que realizar\u00e1 el jurado de la competencia, quienes decidir\u00e1n quien obtiene el cetro.<\/p>\n<p>&nbsp;<\/p>\n","protected":false},"excerpt":{"rendered":"<p>Nilda Lara, Alexandra \u00c1ngel, Florencia V\u00e1squez, Mar\u00eda Jos\u00e9 Cort\u00e9s y Claudia Olivares competir\u00e1n a trav\u00e9s de entretenidas pruebas con puntaje, a lo que se sumar\u00e1n los \u201cme gusta\u201d en las redes sociales municipales. En entretenidas pruebas participar\u00e1n las cinco candidatas que buscan convertirse en la \u201cEmbajadora de la Fiesta de la Vendimia 2025\u201d, evento que se desarrollar\u00e1 el pr\u00f3ximo s\u00e1bado 1 y domingo 2 de marzo en la plaza de armas de Ovalle. Este a\u00f1o participar\u00e1 Nilda Lara de 18 a\u00f1os, quien es estudiante de Educaci\u00f3n Diferencial y asegura que \u201cdesde ni\u00f1a he venido a la Fiesta de la Vendimia junto a mi familia y siempre admir\u00e9 a quienes se presentaban como candidatas, porque hac\u00edan pruebas entretenidas y mostraban parte de nuestra cultura local. Me siento orgullosa de ser candidata y espero obtener buenos resultados\u201d. Otra de las postulantes es Alexandra \u00c1ngel de 24 a\u00f1os, quien es fonoaudi\u00f3loga y espera convertirse en la pr\u00f3xima soberana de la Vendimia. \u201cMis padres est\u00e1n vinculados con la producci\u00f3n de uva y conozco el esfuerzo de las personas que son parte de este rubro. Quiero representar a mi comuna para promover la cultura vitivin\u00edcola y que sea reconocida no s\u00f3lo en la Regi\u00f3n de Coquimbo, sino que tambi\u00e9n a lo largo de nuestro pa\u00eds\u201d indic\u00f3 la candidata. Este a\u00f1o tambi\u00e9n buscar\u00e1 la corona Florencia V\u00e1squez, quien tiene 18 a\u00f1os e ingresar\u00e1 pr\u00f3ximamente a estudiar Psicopedagog\u00eda. Su principal motivaci\u00f3n fue la idea de \u201cdarle mayor visibilidad a Ovalle y al trabajo que realizan las personas que se dedican a la producci\u00f3n de vinos y piscos de esta zona\u201d. Mar\u00eda Jos\u00e9 Cort\u00e9s, quien tiene 41 a\u00f1os y es educadora diferencial, busca coronarse como la pr\u00f3xima \u201cEmbajadora de la Fiesta de la Vendimia 2025\u201d. Asegura que su principal motivaci\u00f3n es \u201cfomentar y dar a conocer esta hermosa actividad y toda la riqueza que tienen nuestros productos locales\u201d. Finalmente, Claudia Olivares de 42 a\u00f1os, quien es profesora de Educaci\u00f3n B\u00e1sica sostuvo que el principal impulso fue participar y \u201cvincular la cultura, el arte y el territorio local, a trav\u00e9s de la danza, pero asociado al fomento de la producci\u00f3n del rubro vitivin\u00edcola\u201d. Las participantes, durante las dos jornadas, ser\u00e1n parte de un programa de actividades con puntaje, entre ellas, el tradicional \u201cPisado de Uva\u201d. Posteriormente, se elegir\u00e1n a tres finalistas, las dos con mejor puntaje y la tercera clasificada ser\u00e1 la que obtenga mayor cantidad de \u201cme gusta\u201d en las redes sociales municipales (Facebook Ilustre Municipalidad de Ovalle y en Instagram @muniovalle). La siguiente etapa ser\u00e1n preguntas de actualidad y referentes a la historia de la comuna, que realizar\u00e1 el jurado de la competencia, quienes decidir\u00e1n quien obtiene el cetro. &nbsp;<\/p>\n","protected":false},"author":3,"featured_media":9395,"comment_status":"closed","ping_status":"closed","sticky":false,"template":"","format":"standard","meta":{"_vp_format_video_url":"","_vp_image_focal_point":[],"footnotes":""},"categories":[61],"tags":[],"class_list":["post-9394","post","type-post","status-publish","format-standard","has-post-thumbnail","hentry","category-municipal"],"_links":{"self":[{"href":"https:\/\/muniovalle.cl\/sitio\/wp-json\/wp\/v2\/posts\/9394","targetHints":{"allow":["GET"]}}],"collection":[{"href":"https:\/\/muniovalle.cl\/sitio\/wp-json\/wp\/v2\/posts"}],"about":[{"href":"https:\/\/muniovalle.cl\/sitio\/wp-json\/wp\/v2\/types\/post"}],"author":[{"embeddable":true,"href":"https:\/\/muniovalle.cl\/sitio\/wp-json\/wp\/v2\/users\/3"}],"replies":[{"embeddable":true,"href":"https:\/\/muniovalle.cl\/sitio\/wp-json\/wp\/v2\/comments?post=9394"}],"version-history":[{"count":1,"href":"https:\/\/muniovalle.cl\/sitio\/wp-json\/wp\/v2\/posts\/9394\/revisions"}],"predecessor-version":[{"id":9396,"href":"https:\/\/muniovalle.cl\/sitio\/wp-json\/wp\/v2\/posts\/9394\/revisions\/9396"}],"wp:featuredmedia":[{"embeddable":true,"href":"https:\/\/muniovalle.cl\/sitio\/wp-json\/wp\/v2\/media\/9395"}],"wp:attachment":[{"href":"https:\/\/muniovalle.cl\/sitio\/wp-json\/wp\/v2\/media?parent=9394"}],"wp:term":[{"taxonomy":"category","embeddable":true,"href":"https:\/\/muniovalle.cl\/sitio\/wp-json\/wp\/v2\/categories?post=9394"},{"taxonomy":"post_tag","embeddable":true,"href":"https:\/\/muniovalle.cl\/sitio\/wp-json\/wp\/v2\/tags?post=9394"}],"curies":[{"name":"wp","href":"https:\/\/api.w.org\/{rel}","templated":true}]}}