{"id":9388,"date":"2025-02-27T14:55:27","date_gmt":"2025-02-27T17:55:27","guid":{"rendered":"https:\/\/muniovalle.cl\/sitio\/?p=9388"},"modified":"2025-02-27T14:57:02","modified_gmt":"2025-02-27T17:57:02","slug":"santa-feria-paula-rivas-young-cister-y-hechizo-seran-protagonistas-de-la-fiesta-de-la-vendimia-de-ovalle","status":"publish","type":"post","link":"https:\/\/muniovalle.cl\/sitio\/2025\/02\/27\/santa-feria-paula-rivas-young-cister-y-hechizo-seran-protagonistas-de-la-fiesta-de-la-vendimia-de-ovalle\/","title":{"rendered":"Santa Feria, Paula Rivas, Young Cister y Hechizo ser\u00e1n protagonistas de la Fiesta de la Vendimia de Ovalle"},"content":{"rendered":"<p><strong><em>El pr\u00f3ximo s\u00e1bado 1 y domingo 2 de marzo, se realizar\u00e1 una nueva versi\u00f3n de la Fiesta de la Vendimia de Ovalle, en la plaza de armas, evento que contar\u00e1 con un espect\u00e1culo de primer nivel y para todos los gustos musicales en el escenario central.\u00a0<\/em><\/strong><\/p>\n<p><img fetchpriority=\"high\" decoding=\"async\" class=\"alignnone size-medium wp-image-9391\" src=\"https:\/\/muniovalle.cl\/sitio\/wp-content\/uploads\/2025\/02\/Grupo-Hechizo-300x200.png\" alt=\"\" width=\"300\" height=\"200\" srcset=\"https:\/\/muniovalle.cl\/sitio\/wp-content\/uploads\/2025\/02\/Grupo-Hechizo-300x200.png 300w, https:\/\/muniovalle.cl\/sitio\/wp-content\/uploads\/2025\/02\/Grupo-Hechizo-1024x682.png 1024w, https:\/\/muniovalle.cl\/sitio\/wp-content\/uploads\/2025\/02\/Grupo-Hechizo-768x512.png 768w, https:\/\/muniovalle.cl\/sitio\/wp-content\/uploads\/2025\/02\/Grupo-Hechizo-500x333.png 500w, https:\/\/muniovalle.cl\/sitio\/wp-content\/uploads\/2025\/02\/Grupo-Hechizo-800x533.png 800w, https:\/\/muniovalle.cl\/sitio\/wp-content\/uploads\/2025\/02\/Grupo-Hechizo.png 1280w\" sizes=\"(max-width: 300px) 100vw, 300px\" \/><\/p>\n<p>Con broche de oro se cerrar\u00e1 el verano en la comuna de Ovalle. La plaza de armas se vestir\u00e1 de gala para dar vida a una nueva versi\u00f3n de la Fiesta de la Vendimia, que agrupar\u00e1 a las empresas vitivin\u00edcolas y pisqueras m\u00e1s importantes de la Regi\u00f3n de Coquimbo y el pa\u00eds, quienes expondr\u00e1n sus productos y dar\u00e1n a conocer sus nuevas propuestas al p\u00fablico asistente.<\/p>\n<p>Pero, complementariamente, se llevar\u00e1 cabo un espect\u00e1culo art\u00edstico de primer nivel en el escenario central, que estar\u00e1 ubicado en la intersecci\u00f3n de las calles Vicu\u00f1a Mackenna y Victoria.<\/p>\n<p>El s\u00e1bado 1 de marzo, desde las 20.30 horas podremos disfrutar de la m\u00fasica tropical de la triunfadora del Festival del Huaso de Olmu\u00e9, Paula Rivas, quien har\u00e1 un recorrido por toda su carrera, que la ha posicionado como la \u201cMejor Artista Tropical\u201d en la \u00faltima versi\u00f3n de los Premios Musa. En tanto, el cierre de la primera jornada estar\u00e1 a cargo de uno de los exponentes m\u00e1s populares de la m\u00fasica urbana, Young Cister, quien desde las 22.30 horas se presentar\u00e1 en la plaza de armas de Ovalle.<\/p>\n<p>En tanto, el domingo 2 de marzo, desde las 20.30 horas se presentar\u00e1n los embajadores de Ovalle, el Grupo Hechizo, quienes har\u00e1n cantar y bailar al p\u00fablico local con su cumbia rom\u00e1ntica, que los ha posicionado como una de las agrupaciones tropicales m\u00e1s importantes del pa\u00eds. Posteriormente, para cerrar la segunda y \u00faltima noche de la Fiesta de la Vendimia disfrutaremos de la nueva cumbia de Santa Feria, quienes interpretar\u00e1n sus principales \u00e9xitos, entre ellos, \u201cAlg\u00fan d\u00eda volver\u00e1s\u201d y \u201cQue te vaya bien\u201d.<\/p>\n<p>El alcalde de Ovalle, H\u00e9ctor Vega Campusano invit\u00f3 a toda la comunidad a asistir a la Fiesta de la Vendimia. \u201cQueremos que la comunidad local y tambi\u00e9n quienes nos visitan de otras partes de la regi\u00f3n y el pa\u00eds conozcan m\u00e1s de nuestros productos t\u00edpicos, como el vino y el pisco y adem\u00e1s puedan disfrutar del programa de actividades y el espect\u00e1culo art\u00edstico de primer nivel que realizaremos para cerrar el verano en nuestra comuna\u201d.<\/p>\n<p>Durante las dos jornadas, se llevar\u00e1 a cabo una entretenida competencia, donde cinco candidatas buscar\u00e1n convertirse en la nueva \u201cEmbajadora de la Fiesta de la Vendimia de Ovalle\u201d. Las participantes ser\u00e1n sometidas a diversas pruebas con puntaje y las primeras dos mayor\u00edas clasificar\u00e1n directamente a la final. En tanto, la tercera clasificada ser\u00e1 la m\u00e1s popular y con m\u00e1s \u201cme gusta\u201d en las redes sociales del municipio de Ovalle. Finalmente, ser\u00e1n evaluadas por un jurado, quienes har\u00e1n una ronda de preguntas y elegir\u00e1n a la ganadora.<\/p>\n<p>&nbsp;<\/p>\n<p>&nbsp;<\/p>\n<p>&nbsp;<\/p>\n<p>&nbsp;<\/p>\n","protected":false},"excerpt":{"rendered":"<p>El pr\u00f3ximo s\u00e1bado 1 y domingo 2 de marzo, se realizar\u00e1 una nueva versi\u00f3n de la Fiesta de la Vendimia de Ovalle, en la plaza de armas, evento que contar\u00e1 con un espect\u00e1culo de primer nivel y para todos los gustos musicales en el escenario central.\u00a0 Con broche de oro se cerrar\u00e1 el verano en la comuna de Ovalle. La plaza de armas se vestir\u00e1 de gala para dar vida a una nueva versi\u00f3n de la Fiesta de la Vendimia, que agrupar\u00e1 a las empresas vitivin\u00edcolas y pisqueras m\u00e1s importantes de la Regi\u00f3n de Coquimbo y el pa\u00eds, quienes expondr\u00e1n sus productos y dar\u00e1n a conocer sus nuevas propuestas al p\u00fablico asistente. Pero, complementariamente, se llevar\u00e1 cabo un espect\u00e1culo art\u00edstico de primer nivel en el escenario central, que estar\u00e1 ubicado en la intersecci\u00f3n de las calles Vicu\u00f1a Mackenna y Victoria. El s\u00e1bado 1 de marzo, desde las 20.30 horas podremos disfrutar de la m\u00fasica tropical de la triunfadora del Festival del Huaso de Olmu\u00e9, Paula Rivas, quien har\u00e1 un recorrido por toda su carrera, que la ha posicionado como la \u201cMejor Artista Tropical\u201d en la \u00faltima versi\u00f3n de los Premios Musa. En tanto, el cierre de la primera jornada estar\u00e1 a cargo de uno de los exponentes m\u00e1s populares de la m\u00fasica urbana, Young Cister, quien desde las 22.30 horas se presentar\u00e1 en la plaza de armas de Ovalle. En tanto, el domingo 2 de marzo, desde las 20.30 horas se presentar\u00e1n los embajadores de Ovalle, el Grupo Hechizo, quienes har\u00e1n cantar y bailar al p\u00fablico local con su cumbia rom\u00e1ntica, que los ha posicionado como una de las agrupaciones tropicales m\u00e1s importantes del pa\u00eds. Posteriormente, para cerrar la segunda y \u00faltima noche de la Fiesta de la Vendimia disfrutaremos de la nueva cumbia de Santa Feria, quienes interpretar\u00e1n sus principales \u00e9xitos, entre ellos, \u201cAlg\u00fan d\u00eda volver\u00e1s\u201d y \u201cQue te vaya bien\u201d. El alcalde de Ovalle, H\u00e9ctor Vega Campusano invit\u00f3 a toda la comunidad a asistir a la Fiesta de la Vendimia. \u201cQueremos que la comunidad local y tambi\u00e9n quienes nos visitan de otras partes de la regi\u00f3n y el pa\u00eds conozcan m\u00e1s de nuestros productos t\u00edpicos, como el vino y el pisco y adem\u00e1s puedan disfrutar del programa de actividades y el espect\u00e1culo art\u00edstico de primer nivel que realizaremos para cerrar el verano en nuestra comuna\u201d. Durante las dos jornadas, se llevar\u00e1 a cabo una entretenida competencia, donde cinco candidatas buscar\u00e1n convertirse en la nueva \u201cEmbajadora de la Fiesta de la Vendimia de Ovalle\u201d. Las participantes ser\u00e1n sometidas a diversas pruebas con puntaje y las primeras dos mayor\u00edas clasificar\u00e1n directamente a la final. En tanto, la tercera clasificada ser\u00e1 la m\u00e1s popular y con m\u00e1s \u201cme gusta\u201d en las redes sociales del municipio de Ovalle. Finalmente, ser\u00e1n evaluadas por un jurado, quienes har\u00e1n una ronda de preguntas y elegir\u00e1n a la ganadora. &nbsp; &nbsp; &nbsp; &nbsp;<\/p>\n","protected":false},"author":3,"featured_media":9391,"comment_status":"closed","ping_status":"closed","sticky":false,"template":"","format":"standard","meta":{"_vp_format_video_url":"","_vp_image_focal_point":[],"footnotes":""},"categories":[61],"tags":[],"class_list":["post-9388","post","type-post","status-publish","format-standard","has-post-thumbnail","hentry","category-municipal"],"_links":{"self":[{"href":"https:\/\/muniovalle.cl\/sitio\/wp-json\/wp\/v2\/posts\/9388","targetHints":{"allow":["GET"]}}],"collection":[{"href":"https:\/\/muniovalle.cl\/sitio\/wp-json\/wp\/v2\/posts"}],"about":[{"href":"https:\/\/muniovalle.cl\/sitio\/wp-json\/wp\/v2\/types\/post"}],"author":[{"embeddable":true,"href":"https:\/\/muniovalle.cl\/sitio\/wp-json\/wp\/v2\/users\/3"}],"replies":[{"embeddable":true,"href":"https:\/\/muniovalle.cl\/sitio\/wp-json\/wp\/v2\/comments?post=9388"}],"version-history":[{"count":3,"href":"https:\/\/muniovalle.cl\/sitio\/wp-json\/wp\/v2\/posts\/9388\/revisions"}],"predecessor-version":[{"id":9393,"href":"https:\/\/muniovalle.cl\/sitio\/wp-json\/wp\/v2\/posts\/9388\/revisions\/9393"}],"wp:featuredmedia":[{"embeddable":true,"href":"https:\/\/muniovalle.cl\/sitio\/wp-json\/wp\/v2\/media\/9391"}],"wp:attachment":[{"href":"https:\/\/muniovalle.cl\/sitio\/wp-json\/wp\/v2\/media?parent=9388"}],"wp:term":[{"taxonomy":"category","embeddable":true,"href":"https:\/\/muniovalle.cl\/sitio\/wp-json\/wp\/v2\/categories?post=9388"},{"taxonomy":"post_tag","embeddable":true,"href":"https:\/\/muniovalle.cl\/sitio\/wp-json\/wp\/v2\/tags?post=9388"}],"curies":[{"name":"wp","href":"https:\/\/api.w.org\/{rel}","templated":true}]}}