{"id":8211,"date":"2024-10-24T16:24:53","date_gmt":"2024-10-24T19:24:53","guid":{"rendered":"https:\/\/muniovalle.cl\/sitio\/?p=8211"},"modified":"2024-10-24T16:24:53","modified_gmt":"2024-10-24T19:24:53","slug":"crianceros-de-ovalle-cuentan-con-nuevo-centro-de-acopio-en-el-mercado-municipal","status":"publish","type":"post","link":"https:\/\/muniovalle.cl\/sitio\/2024\/10\/24\/crianceros-de-ovalle-cuentan-con-nuevo-centro-de-acopio-en-el-mercado-municipal\/","title":{"rendered":"Crianceros de Ovalle cuentan con nuevo centro de acopio en el Mercado Municipal"},"content":{"rendered":"<p><strong><em>Las dependencias, que cuentan con un sistema de refrigeraci\u00f3n, est\u00e1n ubicadas en la zona exterior del centro comercial ovallino. La administraci\u00f3n municipal le entreg\u00f3 este espacio a la organizaci\u00f3n en calidad de comodato por los pr\u00f3ximos 10 a\u00f1os, con el fin que puedan comercializar, principalmente, el queso de cabra. <\/em><\/strong><\/p>\n<p><img fetchpriority=\"high\" decoding=\"async\" class=\"alignnone size-medium wp-image-8212\" src=\"https:\/\/muniovalle.cl\/sitio\/wp-content\/uploads\/2024\/10\/Entrega-de-local-comercial-al-Comite-de-Crianceros-de-Ovalle-OK-2-300x243.jpg\" alt=\"\" width=\"300\" height=\"243\" srcset=\"https:\/\/muniovalle.cl\/sitio\/wp-content\/uploads\/2024\/10\/Entrega-de-local-comercial-al-Comite-de-Crianceros-de-Ovalle-OK-2-300x243.jpg 300w, https:\/\/muniovalle.cl\/sitio\/wp-content\/uploads\/2024\/10\/Entrega-de-local-comercial-al-Comite-de-Crianceros-de-Ovalle-OK-2-1024x831.jpg 1024w, https:\/\/muniovalle.cl\/sitio\/wp-content\/uploads\/2024\/10\/Entrega-de-local-comercial-al-Comite-de-Crianceros-de-Ovalle-OK-2-768x623.jpg 768w, https:\/\/muniovalle.cl\/sitio\/wp-content\/uploads\/2024\/10\/Entrega-de-local-comercial-al-Comite-de-Crianceros-de-Ovalle-OK-2-1536x1246.jpg 1536w, https:\/\/muniovalle.cl\/sitio\/wp-content\/uploads\/2024\/10\/Entrega-de-local-comercial-al-Comite-de-Crianceros-de-Ovalle-OK-2-500x406.jpg 500w, https:\/\/muniovalle.cl\/sitio\/wp-content\/uploads\/2024\/10\/Entrega-de-local-comercial-al-Comite-de-Crianceros-de-Ovalle-OK-2-800x649.jpg 800w, https:\/\/muniovalle.cl\/sitio\/wp-content\/uploads\/2024\/10\/Entrega-de-local-comercial-al-Comite-de-Crianceros-de-Ovalle-OK-2-1280x1038.jpg 1280w, https:\/\/muniovalle.cl\/sitio\/wp-content\/uploads\/2024\/10\/Entrega-de-local-comercial-al-Comite-de-Crianceros-de-Ovalle-OK-2.jpg 1578w\" sizes=\"(max-width: 300px) 100vw, 300px\" \/><\/p>\n<p>Era uno de los anhelos que ten\u00eda el Comit\u00e9 de Crianceros y Crianceras de Ovalle. El contar con un lugar de acopio para sus productos, principalmente para el queso de cabra, era una de sus prioridades, puesto que de esta forma pueden comercializarlos sin intermediarios y aumentar sus ganancias. Finalmente, este sue\u00f1o se cumpli\u00f3, ya que el municipio de Ovalle le entreg\u00f3 un espacio en el Mercado Municipal en calidad de comodato por los pr\u00f3ximos 10 a\u00f1os, lugar que cuenta con un moderno sistema de refrigeraci\u00f3n.<\/p>\n<p>Representantes de diversas zonas rurales de la comuna participaron en la ceremonia, que se llev\u00f3 a cabo en el Mercado Municipal, en la que el alcalde (S) de Ovalle, Wilson N\u00fa\u00f1ez y la presidenta del Comit\u00e9 de Crianceros y Crianceras de la comuna, Janet Andrade firmaron el acuerdo en el que se oficializa el traspaso de este lugar, que ser\u00e1 de gran ayuda para la labor diaria de quienes se dedican a la producci\u00f3n de este alimento t\u00edpico de nuestra zona. Se trata del local comercial N\u00b054, ubicado en la zona exterior del Mercado Municipal (calle Victoria) y podr\u00e1 ser ocupado por todos los integrantes de la organizaci\u00f3n social.<\/p>\n<p>El alcalde (S) de Ovalle, Wilson N\u00fa\u00f1ez se\u00f1al\u00f3 que es un hito muy importante porque se est\u00e1 materializando \u201ceste sue\u00f1o que ten\u00eda el Comit\u00e9 de Crianceros de Ovalle. Sabemos que es muy importante para ellos, porque este local les va a permitir acopiar sus productos y venderlos a un precio m\u00e1s justo y proyectarse por los pr\u00f3ximos 10 a\u00f1os\u201d.<\/p>\n<p>Al respecto, la presidenta del Comit\u00e9 de Crianceros de Ovalle, Janet Andrade se\u00f1al\u00f3 que esta entrega es muy importante. \u201cEstamos felices y emocionados, porque desde octubre est\u00e1bamos trabajando en este proyecto y es muy reconfortante que ahora sea una realidad, porque nuestra labor es de mucho esfuerzo, de mucho trabajo y que nos permite llevar nuestro queso de cabra a todo el pa\u00eds. Queremos almacenar ac\u00e1 los productos y desde ac\u00e1 venderlos a Lo Valledor en Santiago, lo que ser\u00e1 un gran realce para la labor que desarrollamos diariamente\u201d.<\/p>\n<p>Este traspaso de dependencias fue aprobado de forma un\u00e1nime por el Concejo Municipal de Ovalle en la sesi\u00f3n del pasado 8 de octubre. Se trata de un importante aporte en el fomento de la econom\u00eda local, puesto que esta agrupaci\u00f3n de crianceros y crianceras la integran microempresarios y emprendedores que ofrecen al p\u00fablico local productos con identidad local y adem\u00e1s rescatan nuestra cultura y valorizan nuestras tradiciones, a pesar de la grave escasez h\u00eddrica que ha afectado lamentablemente a la comuna de Ovalle.<\/p>\n<p>&nbsp;<\/p>\n<p>&nbsp;<\/p>\n","protected":false},"excerpt":{"rendered":"<p>Las dependencias, que cuentan con un sistema de refrigeraci\u00f3n, est\u00e1n ubicadas en la zona exterior del centro comercial ovallino. La administraci\u00f3n municipal le entreg\u00f3 este espacio a la organizaci\u00f3n en calidad de comodato por los pr\u00f3ximos 10 a\u00f1os, con el fin que puedan comercializar, principalmente, el queso de cabra. Era uno de los anhelos que ten\u00eda el Comit\u00e9 de Crianceros y Crianceras de Ovalle. El contar con un lugar de acopio para sus productos, principalmente para el queso de cabra, era una de sus prioridades, puesto que de esta forma pueden comercializarlos sin intermediarios y aumentar sus ganancias. Finalmente, este sue\u00f1o se cumpli\u00f3, ya que el municipio de Ovalle le entreg\u00f3 un espacio en el Mercado Municipal en calidad de comodato por los pr\u00f3ximos 10 a\u00f1os, lugar que cuenta con un moderno sistema de refrigeraci\u00f3n. Representantes de diversas zonas rurales de la comuna participaron en la ceremonia, que se llev\u00f3 a cabo en el Mercado Municipal, en la que el alcalde (S) de Ovalle, Wilson N\u00fa\u00f1ez y la presidenta del Comit\u00e9 de Crianceros y Crianceras de la comuna, Janet Andrade firmaron el acuerdo en el que se oficializa el traspaso de este lugar, que ser\u00e1 de gran ayuda para la labor diaria de quienes se dedican a la producci\u00f3n de este alimento t\u00edpico de nuestra zona. Se trata del local comercial N\u00b054, ubicado en la zona exterior del Mercado Municipal (calle Victoria) y podr\u00e1 ser ocupado por todos los integrantes de la organizaci\u00f3n social. El alcalde (S) de Ovalle, Wilson N\u00fa\u00f1ez se\u00f1al\u00f3 que es un hito muy importante porque se est\u00e1 materializando \u201ceste sue\u00f1o que ten\u00eda el Comit\u00e9 de Crianceros de Ovalle. Sabemos que es muy importante para ellos, porque este local les va a permitir acopiar sus productos y venderlos a un precio m\u00e1s justo y proyectarse por los pr\u00f3ximos 10 a\u00f1os\u201d. Al respecto, la presidenta del Comit\u00e9 de Crianceros de Ovalle, Janet Andrade se\u00f1al\u00f3 que esta entrega es muy importante. \u201cEstamos felices y emocionados, porque desde octubre est\u00e1bamos trabajando en este proyecto y es muy reconfortante que ahora sea una realidad, porque nuestra labor es de mucho esfuerzo, de mucho trabajo y que nos permite llevar nuestro queso de cabra a todo el pa\u00eds. Queremos almacenar ac\u00e1 los productos y desde ac\u00e1 venderlos a Lo Valledor en Santiago, lo que ser\u00e1 un gran realce para la labor que desarrollamos diariamente\u201d. Este traspaso de dependencias fue aprobado de forma un\u00e1nime por el Concejo Municipal de Ovalle en la sesi\u00f3n del pasado 8 de octubre. Se trata de un importante aporte en el fomento de la econom\u00eda local, puesto que esta agrupaci\u00f3n de crianceros y crianceras la integran microempresarios y emprendedores que ofrecen al p\u00fablico local productos con identidad local y adem\u00e1s rescatan nuestra cultura y valorizan nuestras tradiciones, a pesar de la grave escasez h\u00eddrica que ha afectado lamentablemente a la comuna de Ovalle. &nbsp; &nbsp;<\/p>\n","protected":false},"author":3,"featured_media":8212,"comment_status":"closed","ping_status":"closed","sticky":false,"template":"","format":"standard","meta":{"_vp_format_video_url":"","_vp_image_focal_point":[],"footnotes":""},"categories":[61],"tags":[],"class_list":["post-8211","post","type-post","status-publish","format-standard","has-post-thumbnail","hentry","category-municipal"],"_links":{"self":[{"href":"https:\/\/muniovalle.cl\/sitio\/wp-json\/wp\/v2\/posts\/8211","targetHints":{"allow":["GET"]}}],"collection":[{"href":"https:\/\/muniovalle.cl\/sitio\/wp-json\/wp\/v2\/posts"}],"about":[{"href":"https:\/\/muniovalle.cl\/sitio\/wp-json\/wp\/v2\/types\/post"}],"author":[{"embeddable":true,"href":"https:\/\/muniovalle.cl\/sitio\/wp-json\/wp\/v2\/users\/3"}],"replies":[{"embeddable":true,"href":"https:\/\/muniovalle.cl\/sitio\/wp-json\/wp\/v2\/comments?post=8211"}],"version-history":[{"count":1,"href":"https:\/\/muniovalle.cl\/sitio\/wp-json\/wp\/v2\/posts\/8211\/revisions"}],"predecessor-version":[{"id":8213,"href":"https:\/\/muniovalle.cl\/sitio\/wp-json\/wp\/v2\/posts\/8211\/revisions\/8213"}],"wp:featuredmedia":[{"embeddable":true,"href":"https:\/\/muniovalle.cl\/sitio\/wp-json\/wp\/v2\/media\/8212"}],"wp:attachment":[{"href":"https:\/\/muniovalle.cl\/sitio\/wp-json\/wp\/v2\/media?parent=8211"}],"wp:term":[{"taxonomy":"category","embeddable":true,"href":"https:\/\/muniovalle.cl\/sitio\/wp-json\/wp\/v2\/categories?post=8211"},{"taxonomy":"post_tag","embeddable":true,"href":"https:\/\/muniovalle.cl\/sitio\/wp-json\/wp\/v2\/tags?post=8211"}],"curies":[{"name":"wp","href":"https:\/\/api.w.org\/{rel}","templated":true}]}}