{"id":7972,"date":"2024-08-29T16:47:23","date_gmt":"2024-08-29T20:47:23","guid":{"rendered":"https:\/\/muniovalle.cl\/sitio\/?p=7972"},"modified":"2024-09-01T11:20:34","modified_gmt":"2024-09-01T15:20:34","slug":"centro-cultural-y-deportivo-profesores-abrio-las-puertas-de-su-nueva-sede-social","status":"publish","type":"post","link":"https:\/\/muniovalle.cl\/sitio\/2024\/08\/29\/centro-cultural-y-deportivo-profesores-abrio-las-puertas-de-su-nueva-sede-social\/","title":{"rendered":"Centro Cultural y Deportivo Profesores abri\u00f3 las puertas de su nueva sede social"},"content":{"rendered":"<p style=\"text-align: justify;\"><strong><em>El recinto, ubicado en el Complejo Deportivo Profesores, en el sector Costanera, se concret\u00f3 gracias a recursos del Fondo de Libre Disponibilidad del municipio de Ovalle que alcanz\u00f3 los 25 millones de pesos y el aporte de la instituci\u00f3n beneficiada de 22 millones de pesos, recursos que permitieron habilitar un amplio espacio para sus actividades.<\/em><\/strong><\/p>\n<p style=\"text-align: justify;\"><img fetchpriority=\"high\" decoding=\"async\" class=\"alignnone size-medium wp-image-7973\" src=\"https:\/\/muniovalle.cl\/sitio\/wp-content\/uploads\/2024\/08\/Sede-Deportivo-Profesores-de-Ovalle-1-300x169.jpg\" alt=\"\" width=\"300\" height=\"169\" srcset=\"https:\/\/muniovalle.cl\/sitio\/wp-content\/uploads\/2024\/08\/Sede-Deportivo-Profesores-de-Ovalle-1-300x169.jpg 300w, https:\/\/muniovalle.cl\/sitio\/wp-content\/uploads\/2024\/08\/Sede-Deportivo-Profesores-de-Ovalle-1-1024x576.jpg 1024w, https:\/\/muniovalle.cl\/sitio\/wp-content\/uploads\/2024\/08\/Sede-Deportivo-Profesores-de-Ovalle-1-768x432.jpg 768w, https:\/\/muniovalle.cl\/sitio\/wp-content\/uploads\/2024\/08\/Sede-Deportivo-Profesores-de-Ovalle-1-1536x864.jpg 1536w, https:\/\/muniovalle.cl\/sitio\/wp-content\/uploads\/2024\/08\/Sede-Deportivo-Profesores-de-Ovalle-1-2048x1152.jpg 2048w, https:\/\/muniovalle.cl\/sitio\/wp-content\/uploads\/2024\/08\/Sede-Deportivo-Profesores-de-Ovalle-1-500x281.jpg 500w, https:\/\/muniovalle.cl\/sitio\/wp-content\/uploads\/2024\/08\/Sede-Deportivo-Profesores-de-Ovalle-1-800x450.jpg 800w, https:\/\/muniovalle.cl\/sitio\/wp-content\/uploads\/2024\/08\/Sede-Deportivo-Profesores-de-Ovalle-1-1280x720.jpg 1280w, https:\/\/muniovalle.cl\/sitio\/wp-content\/uploads\/2024\/08\/Sede-Deportivo-Profesores-de-Ovalle-1-1920x1080.jpg 1920w\" sizes=\"(max-width: 300px) 100vw, 300px\" \/><\/p>\n<p style=\"text-align: justify;\">Como un sue\u00f1o cumplido definieron los integrantes del Centro Cultural y Deportivo Profesores la construcci\u00f3n de su nueva sede social, ubicada en su complejo en el sector Costanera, donde cada fin de semana cientos de aficionados al f\u00fatbol se divierten y muestran su talento.<\/p>\n<p style=\"text-align: justify;\">La obra, se realiz\u00f3 gracias al financiamiento del Fondo de Libre Disponibilidad del Concejo Municipal de Ovalle, que alcanz\u00f3 los 25 millones de pesos y el aporte de 22 millones de pesos de la instituci\u00f3n beneficiada, recursos que permitieron la habilitaci\u00f3n de un amplio sal\u00f3n de eventos, nuevos servicios higi\u00e9nicos, un \u00e1rea de cocina y una bodega, adem\u00e1s de una sala donde se podr\u00e1 monitorear la zona interior y exterior del recinto, a trav\u00e9s de c\u00e1maras de televigilancia.<\/p>\n<p style=\"text-align: justify;\">La jornada inaugural se llev\u00f3 a cabo en las nuevas dependencias y estuvo marcada por la felicidad de cada uno de los integrantes del Centro Cultural y Deportivo Profesores, puesto que el tener un lugar para reunirse y hacer sus actividades era uno de los principales anhelos, desde la formaci\u00f3n de la instituci\u00f3n que se fund\u00f3 en octubre de 1941.<\/p>\n<p style=\"text-align: justify;\">El alcalde de Ovalle, Jonathan Acu\u00f1a Rojas sostuvo que \u201clos profesores han tenido una historia de alto impacto en la comuna y un aporte social que es muy relevante y reconocido por cada uno de los ovallinos, sobretodo quienes disfrutan del f\u00fatbol cada fin de semana, en su gran complejo. Esta obra es un avance muy significativo y estamos contentos de haber contribuido para que este sue\u00f1o se concretara\u201d.<\/p>\n<p style=\"text-align: justify;\">El presidente del Centro Cultural y Deportivo Profesores de Ovalle, Eduardo Henr\u00edquez afirm\u00f3 que la nueva sede \u201cera un sue\u00f1o, ac\u00e1 hace seis meses era un galp\u00f3n y ahora tenemos una sede que es digna de los profesores. Creo que, a trav\u00e9s de los a\u00f1os hemos logrado ser parte importante de la comunidad y este espacio tambi\u00e9n estar\u00e1 abierto para todos\u201d.<\/p>\n<p style=\"text-align: justify;\">El folclore nacional no estuvo ausente en este d\u00eda tan especial, puesto que se present\u00f3 la academia de danzas folcl\u00f3ricas del Colegio Fray Jorge, quienes mostraron su talento en un cuadro en homenaje al grupo Los Jaivas. A ellos, se sum\u00f3 el profesor Miguel Mallega, quien interpret\u00f3 con su saxof\u00f3n cl\u00e1sicos de la m\u00fasica internacional.<\/p>\n<p style=\"text-align: justify;\">La importancia de esta nueva sede no solo radica en la infraestructura, sino tambi\u00e9n en lo que simboliza: un espacio que ser\u00e1 el coraz\u00f3n de las actividades comunitarias de esta reconocida y querida organizaci\u00f3n deportiva de la comuna de Ovalle.<\/p>\n<p style=\"text-align: justify;\">\n<p style=\"text-align: justify;\">\n<p style=\"text-align: justify;\">\n","protected":false},"excerpt":{"rendered":"<p>El recinto, ubicado en el Complejo Deportivo Profesores, en el sector Costanera, se concret\u00f3 gracias a recursos del Fondo de Libre Disponibilidad del municipio de Ovalle que alcanz\u00f3 los 25 millones de pesos y el aporte de la instituci\u00f3n beneficiada de 22 millones de pesos, recursos que permitieron habilitar un amplio espacio para sus actividades. Como un sue\u00f1o cumplido definieron los integrantes del Centro Cultural y Deportivo Profesores la construcci\u00f3n de su nueva sede social, ubicada en su complejo en el sector Costanera, donde cada fin de semana cientos de aficionados al f\u00fatbol se divierten y muestran su talento. La obra, se realiz\u00f3 gracias al financiamiento del Fondo de Libre Disponibilidad del Concejo Municipal de Ovalle, que alcanz\u00f3 los 25 millones de pesos y el aporte de 22 millones de pesos de la instituci\u00f3n beneficiada, recursos que permitieron la habilitaci\u00f3n de un amplio sal\u00f3n de eventos, nuevos servicios higi\u00e9nicos, un \u00e1rea de cocina y una bodega, adem\u00e1s de una sala donde se podr\u00e1 monitorear la zona interior y exterior del recinto, a trav\u00e9s de c\u00e1maras de televigilancia. La jornada inaugural se llev\u00f3 a cabo en las nuevas dependencias y estuvo marcada por la felicidad de cada uno de los integrantes del Centro Cultural y Deportivo Profesores, puesto que el tener un lugar para reunirse y hacer sus actividades era uno de los principales anhelos, desde la formaci\u00f3n de la instituci\u00f3n que se fund\u00f3 en octubre de 1941. El alcalde de Ovalle, Jonathan Acu\u00f1a Rojas sostuvo que \u201clos profesores han tenido una historia de alto impacto en la comuna y un aporte social que es muy relevante y reconocido por cada uno de los ovallinos, sobretodo quienes disfrutan del f\u00fatbol cada fin de semana, en su gran complejo. Esta obra es un avance muy significativo y estamos contentos de haber contribuido para que este sue\u00f1o se concretara\u201d. El presidente del Centro Cultural y Deportivo Profesores de Ovalle, Eduardo Henr\u00edquez afirm\u00f3 que la nueva sede \u201cera un sue\u00f1o, ac\u00e1 hace seis meses era un galp\u00f3n y ahora tenemos una sede que es digna de los profesores. Creo que, a trav\u00e9s de los a\u00f1os hemos logrado ser parte importante de la comunidad y este espacio tambi\u00e9n estar\u00e1 abierto para todos\u201d. El folclore nacional no estuvo ausente en este d\u00eda tan especial, puesto que se present\u00f3 la academia de danzas folcl\u00f3ricas del Colegio Fray Jorge, quienes mostraron su talento en un cuadro en homenaje al grupo Los Jaivas. A ellos, se sum\u00f3 el profesor Miguel Mallega, quien interpret\u00f3 con su saxof\u00f3n cl\u00e1sicos de la m\u00fasica internacional. La importancia de esta nueva sede no solo radica en la infraestructura, sino tambi\u00e9n en lo que simboliza: un espacio que ser\u00e1 el coraz\u00f3n de las actividades comunitarias de esta reconocida y querida organizaci\u00f3n deportiva de la comuna de Ovalle.<\/p>\n","protected":false},"author":3,"featured_media":7973,"comment_status":"closed","ping_status":"closed","sticky":false,"template":"","format":"standard","meta":{"_vp_format_video_url":"","_vp_image_focal_point":[],"footnotes":""},"categories":[61],"tags":[],"class_list":["post-7972","post","type-post","status-publish","format-standard","has-post-thumbnail","hentry","category-municipal"],"_links":{"self":[{"href":"https:\/\/muniovalle.cl\/sitio\/wp-json\/wp\/v2\/posts\/7972","targetHints":{"allow":["GET"]}}],"collection":[{"href":"https:\/\/muniovalle.cl\/sitio\/wp-json\/wp\/v2\/posts"}],"about":[{"href":"https:\/\/muniovalle.cl\/sitio\/wp-json\/wp\/v2\/types\/post"}],"author":[{"embeddable":true,"href":"https:\/\/muniovalle.cl\/sitio\/wp-json\/wp\/v2\/users\/3"}],"replies":[{"embeddable":true,"href":"https:\/\/muniovalle.cl\/sitio\/wp-json\/wp\/v2\/comments?post=7972"}],"version-history":[{"count":3,"href":"https:\/\/muniovalle.cl\/sitio\/wp-json\/wp\/v2\/posts\/7972\/revisions"}],"predecessor-version":[{"id":7994,"href":"https:\/\/muniovalle.cl\/sitio\/wp-json\/wp\/v2\/posts\/7972\/revisions\/7994"}],"wp:featuredmedia":[{"embeddable":true,"href":"https:\/\/muniovalle.cl\/sitio\/wp-json\/wp\/v2\/media\/7973"}],"wp:attachment":[{"href":"https:\/\/muniovalle.cl\/sitio\/wp-json\/wp\/v2\/media?parent=7972"}],"wp:term":[{"taxonomy":"category","embeddable":true,"href":"https:\/\/muniovalle.cl\/sitio\/wp-json\/wp\/v2\/categories?post=7972"},{"taxonomy":"post_tag","embeddable":true,"href":"https:\/\/muniovalle.cl\/sitio\/wp-json\/wp\/v2\/tags?post=7972"}],"curies":[{"name":"wp","href":"https:\/\/api.w.org\/{rel}","templated":true}]}}