{"id":7806,"date":"2024-08-14T17:18:14","date_gmt":"2024-08-14T21:18:14","guid":{"rendered":"https:\/\/muniovalle.cl\/sitio\/?p=7806"},"modified":"2024-08-14T17:26:06","modified_gmt":"2024-08-14T21:26:06","slug":"lanzan-programa-de-prevencion-de-las-violencias-de-genero-en-ovalle","status":"publish","type":"post","link":"https:\/\/muniovalle.cl\/sitio\/2024\/08\/14\/lanzan-programa-de-prevencion-de-las-violencias-de-genero-en-ovalle\/","title":{"rendered":"Lanzan Programa de Prevenci\u00f3n de las Violencias de G\u00e9nero en Ovalle"},"content":{"rendered":"<p style=\"text-align: justify;\"><strong><em>Actualmente, este programa es reconocido como el Programa 1 del Centro de Atenci\u00f3n Especializada en las Violencias de G\u00e9nero, Sayen, tambi\u00e9n impulsado por SernamEG y ejecutado por el municipio.<\/em><\/strong><\/p>\n<p style=\"text-align: justify;\"><img fetchpriority=\"high\" decoding=\"async\" class=\"alignnone size-medium wp-image-7807\" src=\"https:\/\/muniovalle.cl\/sitio\/wp-content\/uploads\/2024\/08\/DSC04317-300x169.jpg\" alt=\"\" width=\"300\" height=\"169\" srcset=\"https:\/\/muniovalle.cl\/sitio\/wp-content\/uploads\/2024\/08\/DSC04317-300x169.jpg 300w, https:\/\/muniovalle.cl\/sitio\/wp-content\/uploads\/2024\/08\/DSC04317-1024x576.jpg 1024w, https:\/\/muniovalle.cl\/sitio\/wp-content\/uploads\/2024\/08\/DSC04317-768x432.jpg 768w, https:\/\/muniovalle.cl\/sitio\/wp-content\/uploads\/2024\/08\/DSC04317-1536x863.jpg 1536w, https:\/\/muniovalle.cl\/sitio\/wp-content\/uploads\/2024\/08\/DSC04317-2048x1151.jpg 2048w, https:\/\/muniovalle.cl\/sitio\/wp-content\/uploads\/2024\/08\/DSC04317-500x281.jpg 500w, https:\/\/muniovalle.cl\/sitio\/wp-content\/uploads\/2024\/08\/DSC04317-800x450.jpg 800w, https:\/\/muniovalle.cl\/sitio\/wp-content\/uploads\/2024\/08\/DSC04317-1280x720.jpg 1280w, https:\/\/muniovalle.cl\/sitio\/wp-content\/uploads\/2024\/08\/DSC04317-1920x1079.jpg 1920w\" sizes=\"(max-width: 300px) 100vw, 300px\" \/><\/p>\n<p style=\"text-align: justify;\">En una significativa actividad que tuvo lugar en el sal\u00f3n de actos del municipio locla, el alcalde Jonathan Acu\u00f1a particip\u00f3 en el lanzamiento del Programa de Prevenci\u00f3n de las Violencias de G\u00e9nero en Ovalle. Este programa, que contribuye a uno de los objetivos estrat\u00e9gicos del Servicio Nacional de la Mujer y la Equidad de G\u00e9nero (SernamEG), tiene como meta promover el derecho de las mujeres a una vida libre de violencias.<\/p>\n<p style=\"text-align: justify;\">En el caso de nuestra comuna, la Municipalidad de Ovalle ha sido un aliado estrat\u00e9gico en la ejecuci\u00f3n de la intervenci\u00f3n del programa.\u00a0 Esta colaboraci\u00f3n se ha materializado en un redise\u00f1o del modelo de prevenci\u00f3n, ampliando el foco hacia las Violencias de G\u00e9nero contempladas en la Nueva Ley Integral de la Mujer 21.675.<\/p>\n<p style=\"text-align: justify;\">Este enfoque abarca desde el trabajo con j\u00f3venes hasta organizaciones educativas y sociales, adoptando una perspectiva comunitaria y participativa para la intervenci\u00f3n.<\/p>\n<p style=\"text-align: justify;\">El alcalde Jonathan Acu\u00f1a destac\u00f3 la importancia de esta iniciativa y reafirm\u00f3 el compromiso del municipio con la erradicaci\u00f3n de las violencias de g\u00e9nero, enfatizando la necesidad de trabajar en conjunto con la comunidad para lograr un impacto duradero y significativo en la vida de las mujeres de Ovalle.<\/p>\n<p style=\"text-align: justify;\">\u201cEstamos desarrollando un programa de un impacto social important\u00edsimo en cada rinc\u00f3n de la comuna. Ovalle es una de las comunas con mayor tasa de ruralidad, donde adem\u00e1s, hist\u00f3ricamente se han normalizado estas conductas de violencia de g\u00e9nero, sobre todo donde la mujer se ve muchas veces m\u00e1s afectadas\u201d, expres\u00f3 el jefe comunal que agreg\u00f3 que \u201cvaloramos que adem\u00e1s, se incluyan diferentes actores como son las juntas de vecinos, los\u00a0 establecimientos educacionales, etc. SernamEG ha ido cada vez profesionalizando cada uno de sus programas a tal nivel, que la propia comunidad, los valora de forma muy positiva\u201d.<\/p>\n<p style=\"text-align: justify;\">La primera autoridad comunal remarc\u00f3 que \u201chemos instalado una red de apoyo, junto con SernamEG, muy estrecha, que nos ha permitido ir fortaleciendo \u00e1reas como la Oficina de la Mujer, la Oficina de la Diversidad y no Discriminaci\u00f3n; la Ordenanza Municipal, adem\u00e1s contra el Acoso Callejero, que yo creo que contribuyen con un gran arena, para mejorar las condiciones y la prevenci\u00f3n en materia de Violencia de G\u00e9nero. Es una tarea que no termina, que hay que seguir mejorando, que nos hacemos responsables y nos hacemos parte tambi\u00e9n para trabajar\u201d.<\/p>\n<p style=\"text-align: justify;\">El Programa de Prevenci\u00f3n de las Violencias de G\u00e9nero realiza acciones de sensibilizaci\u00f3n y capacitaci\u00f3n para la prevenci\u00f3n de estas violencias, trabajando directamente con organizaciones educativas y sociales de la comuna de Ovalle. Estas acciones son llevadas a cabo por las encargadas y encargados regionales en las 16 regiones del pa\u00eds, as\u00ed como por las encargadas y encargados territoriales que operan en distintas localidades. Adem\u00e1s, estos encargados organizan y\/o participan en mesas tem\u00e1ticas que convocan a diversas instituciones p\u00fablicas que implementan pol\u00edticas o colaboran en temas de g\u00e9nero y juventud.<\/p>\n<p style=\"text-align: justify;\">Por su parte, la directora regional de SernamEG, Priscilla Olivares se\u00f1al\u00f3 que \u201clanzamos el Programa Prevenci\u00f3n de las Violencias de G\u00e9nero, en conjunto con el Municipio de Ovalle, un tremendo colaborador que se ha sumado a este desaf\u00edo\u201d y remarc\u00f3 que \u201cpara la prevenci\u00f3n y erradicaci\u00f3n de la violencia de g\u00e9nero, todas y todos contamos\u201d.<\/p>\n<p style=\"text-align: justify;\">Olivares a\u00f1adi\u00f3 que \u201cdesde el SERNAMEG trabajamos junto con organizaciones sociales y educativas proporcion\u00e1ndoles herramientas que les permitan prevenir las Violencias de G\u00e9nero, en sus comunidades\u201d.<\/p>\n<p style=\"text-align: justify;\">El objetivo de la actividad fue realizar el lanzamiento oficial del programa en Ovalle. Este programa lleg\u00f3 a la comuna en febrero de 2020 bajo el nombre de Prevenci\u00f3n de Violencia contra las Mujeres y, con su redise\u00f1o, ahora se dirige a un trabajo comunal que involucra a las organizaciones educativas y sociales del sector. Actualmente, este programa es reconocido como el Programa 1 del Centro de Atenci\u00f3n Especializada en las Violencias de G\u00e9nero, Sayen, tambi\u00e9n impulsado por SernamEG y ejecutado por el municipio.<\/p>\n<p style=\"text-align: justify;\">\n","protected":false},"excerpt":{"rendered":"<p>Actualmente, este programa es reconocido como el Programa 1 del Centro de Atenci\u00f3n Especializada en las Violencias de G\u00e9nero, Sayen, tambi\u00e9n impulsado por SernamEG y ejecutado por el municipio. En una significativa actividad que tuvo lugar en el sal\u00f3n de actos del municipio locla, el alcalde Jonathan Acu\u00f1a particip\u00f3 en el lanzamiento del Programa de Prevenci\u00f3n de las Violencias de G\u00e9nero en Ovalle. Este programa, que contribuye a uno de los objetivos estrat\u00e9gicos del Servicio Nacional de la Mujer y la Equidad de G\u00e9nero (SernamEG), tiene como meta promover el derecho de las mujeres a una vida libre de violencias. En el caso de nuestra comuna, la Municipalidad de Ovalle ha sido un aliado estrat\u00e9gico en la ejecuci\u00f3n de la intervenci\u00f3n del programa.\u00a0 Esta colaboraci\u00f3n se ha materializado en un redise\u00f1o del modelo de prevenci\u00f3n, ampliando el foco hacia las Violencias de G\u00e9nero contempladas en la Nueva Ley Integral de la Mujer 21.675. Este enfoque abarca desde el trabajo con j\u00f3venes hasta organizaciones educativas y sociales, adoptando una perspectiva comunitaria y participativa para la intervenci\u00f3n. El alcalde Jonathan Acu\u00f1a destac\u00f3 la importancia de esta iniciativa y reafirm\u00f3 el compromiso del municipio con la erradicaci\u00f3n de las violencias de g\u00e9nero, enfatizando la necesidad de trabajar en conjunto con la comunidad para lograr un impacto duradero y significativo en la vida de las mujeres de Ovalle. \u201cEstamos desarrollando un programa de un impacto social important\u00edsimo en cada rinc\u00f3n de la comuna. Ovalle es una de las comunas con mayor tasa de ruralidad, donde adem\u00e1s, hist\u00f3ricamente se han normalizado estas conductas de violencia de g\u00e9nero, sobre todo donde la mujer se ve muchas veces m\u00e1s afectadas\u201d, expres\u00f3 el jefe comunal que agreg\u00f3 que \u201cvaloramos que adem\u00e1s, se incluyan diferentes actores como son las juntas de vecinos, los\u00a0 establecimientos educacionales, etc. SernamEG ha ido cada vez profesionalizando cada uno de sus programas a tal nivel, que la propia comunidad, los valora de forma muy positiva\u201d. La primera autoridad comunal remarc\u00f3 que \u201chemos instalado una red de apoyo, junto con SernamEG, muy estrecha, que nos ha permitido ir fortaleciendo \u00e1reas como la Oficina de la Mujer, la Oficina de la Diversidad y no Discriminaci\u00f3n; la Ordenanza Municipal, adem\u00e1s contra el Acoso Callejero, que yo creo que contribuyen con un gran arena, para mejorar las condiciones y la prevenci\u00f3n en materia de Violencia de G\u00e9nero. Es una tarea que no termina, que hay que seguir mejorando, que nos hacemos responsables y nos hacemos parte tambi\u00e9n para trabajar\u201d. El Programa de Prevenci\u00f3n de las Violencias de G\u00e9nero realiza acciones de sensibilizaci\u00f3n y capacitaci\u00f3n para la prevenci\u00f3n de estas violencias, trabajando directamente con organizaciones educativas y sociales de la comuna de Ovalle. Estas acciones son llevadas a cabo por las encargadas y encargados regionales en las 16 regiones del pa\u00eds, as\u00ed como por las encargadas y encargados territoriales que operan en distintas localidades. Adem\u00e1s, estos encargados organizan y\/o participan en mesas tem\u00e1ticas que convocan a diversas instituciones p\u00fablicas que implementan pol\u00edticas o colaboran en temas de g\u00e9nero y juventud. Por su parte, la directora regional de SernamEG, Priscilla Olivares se\u00f1al\u00f3 que \u201clanzamos el Programa Prevenci\u00f3n de las Violencias de G\u00e9nero, en conjunto con el Municipio de Ovalle, un tremendo colaborador que se ha sumado a este desaf\u00edo\u201d y remarc\u00f3 que \u201cpara la prevenci\u00f3n y erradicaci\u00f3n de la violencia de g\u00e9nero, todas y todos contamos\u201d. Olivares a\u00f1adi\u00f3 que \u201cdesde el SERNAMEG trabajamos junto con organizaciones sociales y educativas proporcion\u00e1ndoles herramientas que les permitan prevenir las Violencias de G\u00e9nero, en sus comunidades\u201d. El objetivo de la actividad fue realizar el lanzamiento oficial del programa en Ovalle. Este programa lleg\u00f3 a la comuna en febrero de 2020 bajo el nombre de Prevenci\u00f3n de Violencia contra las Mujeres y, con su redise\u00f1o, ahora se dirige a un trabajo comunal que involucra a las organizaciones educativas y sociales del sector. Actualmente, este programa es reconocido como el Programa 1 del Centro de Atenci\u00f3n Especializada en las Violencias de G\u00e9nero, Sayen, tambi\u00e9n impulsado por SernamEG y ejecutado por el municipio.<\/p>\n","protected":false},"author":3,"featured_media":7807,"comment_status":"closed","ping_status":"closed","sticky":false,"template":"","format":"standard","meta":{"_vp_format_video_url":"","_vp_image_focal_point":[],"footnotes":""},"categories":[61],"tags":[],"class_list":["post-7806","post","type-post","status-publish","format-standard","has-post-thumbnail","hentry","category-municipal"],"_links":{"self":[{"href":"https:\/\/muniovalle.cl\/sitio\/wp-json\/wp\/v2\/posts\/7806","targetHints":{"allow":["GET"]}}],"collection":[{"href":"https:\/\/muniovalle.cl\/sitio\/wp-json\/wp\/v2\/posts"}],"about":[{"href":"https:\/\/muniovalle.cl\/sitio\/wp-json\/wp\/v2\/types\/post"}],"author":[{"embeddable":true,"href":"https:\/\/muniovalle.cl\/sitio\/wp-json\/wp\/v2\/users\/3"}],"replies":[{"embeddable":true,"href":"https:\/\/muniovalle.cl\/sitio\/wp-json\/wp\/v2\/comments?post=7806"}],"version-history":[{"count":2,"href":"https:\/\/muniovalle.cl\/sitio\/wp-json\/wp\/v2\/posts\/7806\/revisions"}],"predecessor-version":[{"id":7813,"href":"https:\/\/muniovalle.cl\/sitio\/wp-json\/wp\/v2\/posts\/7806\/revisions\/7813"}],"wp:featuredmedia":[{"embeddable":true,"href":"https:\/\/muniovalle.cl\/sitio\/wp-json\/wp\/v2\/media\/7807"}],"wp:attachment":[{"href":"https:\/\/muniovalle.cl\/sitio\/wp-json\/wp\/v2\/media?parent=7806"}],"wp:term":[{"taxonomy":"category","embeddable":true,"href":"https:\/\/muniovalle.cl\/sitio\/wp-json\/wp\/v2\/categories?post=7806"},{"taxonomy":"post_tag","embeddable":true,"href":"https:\/\/muniovalle.cl\/sitio\/wp-json\/wp\/v2\/tags?post=7806"}],"curies":[{"name":"wp","href":"https:\/\/api.w.org\/{rel}","templated":true}]}}