{"id":7654,"date":"2024-07-26T16:22:02","date_gmt":"2024-07-26T20:22:02","guid":{"rendered":"https:\/\/muniovalle.cl\/sitio\/?p=7654"},"modified":"2024-07-29T10:26:02","modified_gmt":"2024-07-29T14:26:02","slug":"188-anos-esta-celebrando-la-escuela-arturo-alessandri-palma-de-ovalle","status":"publish","type":"post","link":"https:\/\/muniovalle.cl\/sitio\/2024\/07\/26\/188-anos-esta-celebrando-la-escuela-arturo-alessandri-palma-de-ovalle\/","title":{"rendered":"188 a\u00f1os est\u00e1 celebrando la escuela Arturo Alessandri Palma de Ovalle"},"content":{"rendered":"<p style=\"text-align: justify;\"><strong><em>El establecimiento de educaci\u00f3n b\u00e1sica fue fundado el 26 de julio de 1836 convirti\u00e9ndose en uno de los m\u00e1s antiguos de la comuna. El alcalde Jonathan Acu\u00f1a comparti\u00f3 con la comunidad educativa y reafirm\u00f3 su compromiso con la educaci\u00f3n p\u00fablica. <\/em><\/strong><\/p>\n<p style=\"text-align: justify;\"><img fetchpriority=\"high\" decoding=\"async\" class=\"alignnone size-medium wp-image-7655\" src=\"https:\/\/muniovalle.cl\/sitio\/wp-content\/uploads\/2024\/07\/Arturo-Alessandri-Palma-300x225.jpg\" alt=\"\" width=\"300\" height=\"225\" srcset=\"https:\/\/muniovalle.cl\/sitio\/wp-content\/uploads\/2024\/07\/Arturo-Alessandri-Palma-300x225.jpg 300w, https:\/\/muniovalle.cl\/sitio\/wp-content\/uploads\/2024\/07\/Arturo-Alessandri-Palma-1024x768.jpg 1024w, https:\/\/muniovalle.cl\/sitio\/wp-content\/uploads\/2024\/07\/Arturo-Alessandri-Palma-768x576.jpg 768w, https:\/\/muniovalle.cl\/sitio\/wp-content\/uploads\/2024\/07\/Arturo-Alessandri-Palma-1536x1152.jpg 1536w, https:\/\/muniovalle.cl\/sitio\/wp-content\/uploads\/2024\/07\/Arturo-Alessandri-Palma-2048x1536.jpg 2048w, https:\/\/muniovalle.cl\/sitio\/wp-content\/uploads\/2024\/07\/Arturo-Alessandri-Palma-500x375.jpg 500w, https:\/\/muniovalle.cl\/sitio\/wp-content\/uploads\/2024\/07\/Arturo-Alessandri-Palma-800x600.jpg 800w, https:\/\/muniovalle.cl\/sitio\/wp-content\/uploads\/2024\/07\/Arturo-Alessandri-Palma-1280x960.jpg 1280w, https:\/\/muniovalle.cl\/sitio\/wp-content\/uploads\/2024\/07\/Arturo-Alessandri-Palma-1920x1440.jpg 1920w\" sizes=\"(max-width: 300px) 100vw, 300px\" \/><\/p>\n<p style=\"text-align: justify;\">Es uno de los establecimientos educacionales m\u00e1s antiguos de la comuna de Ovalle. La escuela Arturo Alessandri Palma est\u00e1 celebrando 188 a\u00f1os al servicio de la comunidad local, caracteriz\u00e1ndose por el buen rendimiento acad\u00e9mico de sus alumnos y alumnas, y la alta capacidad de sus docentes.<\/p>\n<p style=\"text-align: justify;\">El acto de aniversario, se inici\u00f3 con la presentaci\u00f3n art\u00edstica de un grupo de estudiantes y profesores, quienes interpretaron la canci\u00f3n central de la pel\u00edcula 1492 \u201cLa conquista del para\u00edso\u201d. Posteriormente, se hizo un reconocimiento a los estudiantes, de primer y segundo ciclo, que obtuvieron los mejores rendimientos acad\u00e9micos durante el primer semestre. La jornada contin\u00fao con la puesta en escena de bailes y danzas mexicanas, por parte de integrantes de todos los niveles del establecimiento, quienes deleitaron a los presentes con sus capacidades art\u00edsticas y la representaci\u00f3n de parte de la pel\u00edcula \u201cCoco\u201d.<\/p>\n<p style=\"text-align: justify;\">En el marco de este nuevo a\u00f1o de vida, se homenaje\u00f3 a docentes, asistentes de la educaci\u00f3n y funcionarios de la escuela, quienes se han destacado por su desempe\u00f1o y contribuci\u00f3n en pro de la excelencia acad\u00e9mica del recinto educacional, quienes recibieron un presente de manos de las autoridades locales. Uno de los momentos especiales de la jornada fue el reconocimiento a Pamela Garc\u00eda Galleguillos, quien se desempe\u00f1o como directora del establecimiento por 16 a\u00f1os, quien recibi\u00f3 el cari\u00f1o de toda la comunidad educativa.<\/p>\n<p style=\"text-align: justify;\">En este nuevo aniversario se realizaron competencias de pintura denominado \u201cMi escuela\u201d, de video con la tem\u00e1tica \u201cLo que m\u00e1s me gusta de mi escuela\u201d y un concurso literario \u201cMi escuela en 188 palabras\u201d y se premiaron a los mejores en cada categor\u00eda.<\/p>\n<p style=\"text-align: justify;\">Finalmente, se present\u00f3 el cuadro folcl\u00f3rico \u201cUn viaje a mi infancia\u201d interpretado por los integrantes de la academia de folclore, quienes hicieron un \u201cmix de rondas\u201d e hicieron alusi\u00f3n a los juegos infantiles, previo a la era digital.<\/p>\n<p style=\"text-align: justify;\">El alcalde Jonathan Acu\u00f1a indic\u00f3 que \u201csiempre es especial compartir con las comunidades educativas y ver sus logros acad\u00e9micos. La educaci\u00f3n para nosotros siempre ha sido una de las prioridades, porque queremos que nuestros establecimientos cuenten con todo lo necesario para que los alumnos y alumnas no tengan problemas en el desarrollo de su educaci\u00f3n pre b\u00e1sica, b\u00e1sica y media\u201d. La autoridad comunal agreg\u00f3 que \u201cla idea principal es que nuestros estudiantes cuenten todos los materiales necesarios para cada nivel, pero tambi\u00e9n con la infraestructura adecuada, por lo que en esto estamos trabajando\u201d.<\/p>\n<p style=\"text-align: justify;\">En tanto, el director de la escuela Arturo Alessandri Palma, H\u00e9ctor Rojas Hermosilla se\u00f1al\u00f3 que existe un balance positivo, puesto que \u201chan logrado mantener buenos resultados acad\u00e9micos y el principal desaf\u00edo es avanzar en los procesos de aprendizaje para que todos alcancen un nivel destacado, en el marco de nuestro proyecto educativo\u201d.<\/p>\n<p style=\"text-align: justify;\">Fue una jornada muy especial, llena de emoci\u00f3n y recuerdos, donde la escuela Arturo Alessandri Palma celebr\u00f3 su cumplea\u00f1os 188 al servicio de la educaci\u00f3n en nuestra comuna.<\/p>\n","protected":false},"excerpt":{"rendered":"<p>El establecimiento de educaci\u00f3n b\u00e1sica fue fundado el 26 de julio de 1836 convirti\u00e9ndose en uno de los m\u00e1s antiguos de la comuna. El alcalde Jonathan Acu\u00f1a comparti\u00f3 con la comunidad educativa y reafirm\u00f3 su compromiso con la educaci\u00f3n p\u00fablica. Es uno de los establecimientos educacionales m\u00e1s antiguos de la comuna de Ovalle. La escuela Arturo Alessandri Palma est\u00e1 celebrando 188 a\u00f1os al servicio de la comunidad local, caracteriz\u00e1ndose por el buen rendimiento acad\u00e9mico de sus alumnos y alumnas, y la alta capacidad de sus docentes. El acto de aniversario, se inici\u00f3 con la presentaci\u00f3n art\u00edstica de un grupo de estudiantes y profesores, quienes interpretaron la canci\u00f3n central de la pel\u00edcula 1492 \u201cLa conquista del para\u00edso\u201d. Posteriormente, se hizo un reconocimiento a los estudiantes, de primer y segundo ciclo, que obtuvieron los mejores rendimientos acad\u00e9micos durante el primer semestre. La jornada contin\u00fao con la puesta en escena de bailes y danzas mexicanas, por parte de integrantes de todos los niveles del establecimiento, quienes deleitaron a los presentes con sus capacidades art\u00edsticas y la representaci\u00f3n de parte de la pel\u00edcula \u201cCoco\u201d. En el marco de este nuevo a\u00f1o de vida, se homenaje\u00f3 a docentes, asistentes de la educaci\u00f3n y funcionarios de la escuela, quienes se han destacado por su desempe\u00f1o y contribuci\u00f3n en pro de la excelencia acad\u00e9mica del recinto educacional, quienes recibieron un presente de manos de las autoridades locales. Uno de los momentos especiales de la jornada fue el reconocimiento a Pamela Garc\u00eda Galleguillos, quien se desempe\u00f1o como directora del establecimiento por 16 a\u00f1os, quien recibi\u00f3 el cari\u00f1o de toda la comunidad educativa. En este nuevo aniversario se realizaron competencias de pintura denominado \u201cMi escuela\u201d, de video con la tem\u00e1tica \u201cLo que m\u00e1s me gusta de mi escuela\u201d y un concurso literario \u201cMi escuela en 188 palabras\u201d y se premiaron a los mejores en cada categor\u00eda. Finalmente, se present\u00f3 el cuadro folcl\u00f3rico \u201cUn viaje a mi infancia\u201d interpretado por los integrantes de la academia de folclore, quienes hicieron un \u201cmix de rondas\u201d e hicieron alusi\u00f3n a los juegos infantiles, previo a la era digital. El alcalde Jonathan Acu\u00f1a indic\u00f3 que \u201csiempre es especial compartir con las comunidades educativas y ver sus logros acad\u00e9micos. La educaci\u00f3n para nosotros siempre ha sido una de las prioridades, porque queremos que nuestros establecimientos cuenten con todo lo necesario para que los alumnos y alumnas no tengan problemas en el desarrollo de su educaci\u00f3n pre b\u00e1sica, b\u00e1sica y media\u201d. La autoridad comunal agreg\u00f3 que \u201cla idea principal es que nuestros estudiantes cuenten todos los materiales necesarios para cada nivel, pero tambi\u00e9n con la infraestructura adecuada, por lo que en esto estamos trabajando\u201d. En tanto, el director de la escuela Arturo Alessandri Palma, H\u00e9ctor Rojas Hermosilla se\u00f1al\u00f3 que existe un balance positivo, puesto que \u201chan logrado mantener buenos resultados acad\u00e9micos y el principal desaf\u00edo es avanzar en los procesos de aprendizaje para que todos alcancen un nivel destacado, en el marco de nuestro proyecto educativo\u201d. Fue una jornada muy especial, llena de emoci\u00f3n y recuerdos, donde la escuela Arturo Alessandri Palma celebr\u00f3 su cumplea\u00f1os 188 al servicio de la educaci\u00f3n en nuestra comuna.<\/p>\n","protected":false},"author":3,"featured_media":7655,"comment_status":"closed","ping_status":"closed","sticky":false,"template":"","format":"standard","meta":{"_vp_format_video_url":"","_vp_image_focal_point":[],"footnotes":""},"categories":[61],"tags":[],"class_list":["post-7654","post","type-post","status-publish","format-standard","has-post-thumbnail","hentry","category-municipal"],"_links":{"self":[{"href":"https:\/\/muniovalle.cl\/sitio\/wp-json\/wp\/v2\/posts\/7654","targetHints":{"allow":["GET"]}}],"collection":[{"href":"https:\/\/muniovalle.cl\/sitio\/wp-json\/wp\/v2\/posts"}],"about":[{"href":"https:\/\/muniovalle.cl\/sitio\/wp-json\/wp\/v2\/types\/post"}],"author":[{"embeddable":true,"href":"https:\/\/muniovalle.cl\/sitio\/wp-json\/wp\/v2\/users\/3"}],"replies":[{"embeddable":true,"href":"https:\/\/muniovalle.cl\/sitio\/wp-json\/wp\/v2\/comments?post=7654"}],"version-history":[{"count":2,"href":"https:\/\/muniovalle.cl\/sitio\/wp-json\/wp\/v2\/posts\/7654\/revisions"}],"predecessor-version":[{"id":7659,"href":"https:\/\/muniovalle.cl\/sitio\/wp-json\/wp\/v2\/posts\/7654\/revisions\/7659"}],"wp:featuredmedia":[{"embeddable":true,"href":"https:\/\/muniovalle.cl\/sitio\/wp-json\/wp\/v2\/media\/7655"}],"wp:attachment":[{"href":"https:\/\/muniovalle.cl\/sitio\/wp-json\/wp\/v2\/media?parent=7654"}],"wp:term":[{"taxonomy":"category","embeddable":true,"href":"https:\/\/muniovalle.cl\/sitio\/wp-json\/wp\/v2\/categories?post=7654"},{"taxonomy":"post_tag","embeddable":true,"href":"https:\/\/muniovalle.cl\/sitio\/wp-json\/wp\/v2\/tags?post=7654"}],"curies":[{"name":"wp","href":"https:\/\/api.w.org\/{rel}","templated":true}]}}