{"id":7220,"date":"2024-07-03T17:59:46","date_gmt":"2024-07-03T21:59:46","guid":{"rendered":"https:\/\/muniovalle.cl\/sitio\/?p=7220"},"modified":"2024-07-07T18:14:25","modified_gmt":"2024-07-07T22:14:25","slug":"corte-de-apelaciones-da-razon-a-municipio-de-ovalle-y-rechaza-recurso-de-proteccion-en-su-contra","status":"publish","type":"post","link":"https:\/\/muniovalle.cl\/sitio\/2024\/07\/03\/corte-de-apelaciones-da-razon-a-municipio-de-ovalle-y-rechaza-recurso-de-proteccion-en-su-contra\/","title":{"rendered":"Corte de Apelaciones da raz\u00f3n a municipio de Ovalle y rechaza Recurso de Protecci\u00f3n en su contra"},"content":{"rendered":"<p style=\"text-align: justify;\">Un contundente fallo de la Segunda Sala de la Corte de Apelaciones de La Serena, en la que reconoce el trabajo de municipio de Ovalle en relaci\u00f3n a la gesti\u00f3n, que realiza por ordenar el comercio ambulante e ilegal en la ciudad. Esto, luego que locatarios formales del centro de la capital limarina acusaran a la municipalidad de \u201chaber incurrido en omisiones ilegales consistentes en no adoptar medidas concretas y efectivas que impidan la instalaci\u00f3n del comercio ambulante en la calle Vicu\u00f1a Mackenna y Benavente y en la \u201cFeria Las Pulgas\u201d de la poblaci\u00f3n Media Hacienda\u201d. La acusaci\u00f3n no tuvo asidero, ya que el departamento jur\u00eddico del municipio demostr\u00f3 antecedentes que descartan completamente la acusaci\u00f3n<\/p>\n<p style=\"text-align: justify;\"><img fetchpriority=\"high\" decoding=\"async\" class=\"alignnone size-medium wp-image-8338\" src=\"https:\/\/municipalidadovalle.cl\/sitio\/wp-content\/uploads\/2024\/07\/Municipio-de-Ovalle-300x225.jpg\" sizes=\"(max-width: 300px) 100vw, 300px\" srcset=\"https:\/\/municipalidadovalle.cl\/sitio\/wp-content\/uploads\/2024\/07\/Municipio-de-Ovalle-300x225.jpg 300w, https:\/\/municipalidadovalle.cl\/sitio\/wp-content\/uploads\/2024\/07\/Municipio-de-Ovalle-150x113.jpg 150w, https:\/\/municipalidadovalle.cl\/sitio\/wp-content\/uploads\/2024\/07\/Municipio-de-Ovalle-768x576.jpg 768w, https:\/\/municipalidadovalle.cl\/sitio\/wp-content\/uploads\/2024\/07\/Municipio-de-Ovalle-1024x768.jpg 1024w\" alt=\"\" width=\"300\" height=\"225\" \/><\/p>\n<p style=\"text-align: justify;\">El Recurso de Protecci\u00f3n fue interpuesto por el abogado Sergio Cort\u00e9s Beltr\u00e1n en representaci\u00f3n de Lidia Pizarro, Mar\u00eda Isabel Carvajal, Joyer\u00eda y Relojer\u00eda Felipe Giovanni Sbraga Gottreux E.I.R.L., de Gonart Modas LTDA, y en favor de Veterinaria Patricio Roco y Compa\u00f1\u00eda Limitada, todos comerciantes de Ovalle.<\/p>\n<p style=\"text-align: justify;\">Desde el municipio, a trav\u00e9s de la directora de Asesor\u00eda Jur\u00eddica del municipio de Ovalle, Mar\u00eda Fernanda Rojas, se defendieron y demostraron con antecedentes comprobables las distintas acciones y gestiones, que se han iniciado en la administraci\u00f3n del actual alcalde Jonathan Acu\u00f1a, para eliminar el comercio ambulante de los denominados \u201ctoldos azules\u201d acusado por los locatarios.<\/p>\n<p style=\"text-align: justify;\">Una de las acciones jur\u00eddicas del municipio fue constatar, mediante fotograf\u00edas notariales, con fecha \u201c17 de mayo de 2024, siendo las 11:00 horas aproximadamente, y a requerimiento de do\u00f1a Mar\u00eda Fernanda Rojas Pinto, quien solicit\u00f3 se realizaran una serie de \u0301 fotograf\u00edas que evidenciaran, o no, la instalaci\u00f3n de comercio ambulante en algunas calles de la ciudad de Ovalle. En esta oportunidad, y en particular para constatar tal situaci\u00f3n en relaci\u00f3n con las tiendas Joyer\u00eda Alemana (Calle Vicu\u00f1a Mackenna N\u00b067) y Joyer\u00eda Suiza (Calle Vicu\u00f1a Mackenna N\u00b089), y Paseo Peatonal de Vicu\u00f1a Mackenna en ese sector. Conforme a dichas im\u00e1genes, y frente a dichas tiendas, no resulta posible advertir la instalaci\u00f3n del com\u00fanmente denominado \u201ccomercio ambulante\u201d.<\/p>\n<p style=\"text-align: justify;\">Respecto a la acusaci\u00f3n relacionada a la \u201cFeria de las Pulgas\u201d de la poblaci\u00f3n Media Hacienda, desde el municipio sostuvieron que no es efectivo. En el informe que entreg\u00f3 y aleg\u00f3 ante la Corte de Apelaciones, \u00a0la directora jur\u00eddica alude que el alcalde Jonathan Acu\u00f1a desde hace meses atr\u00e1s est\u00e1 haciendo \u0303 \u0301un plan para ordenar el comercio ambulante consistente en la remodelaci\u00f3n de la Plaza \u00a0de la poblaci\u00f3n Media Hacienda y por ello instruy\u00f3 a la Secretar\u00eda de Planificaci\u00f3n Comunal (SECPLAN) llamar a licitaci\u00f3n a fin de comenzar con las obras de remodelaci\u00f3n de dicha plaza, lo que conlleva el orden y posterior erradicaci\u00f3n del comercio ambulante informal e ilegal. Agregaron desde la municipalidad que tambi\u00e9n est\u00e1n generando estrategias de reubicaci\u00f3n y si est\u00e1n elaborando proyectos de infraestructura, para la habilitaci\u00f3n de espacios adecuados para la ubicaci\u00f3n de comerciantes ambulantes y por ende generar un comercio establecido en la ciudad.<\/p>\n<p style=\"text-align: justify;\">Para la Corte de Apelaciones de La Serena en su fallo que dio a conocer el pasado 1 de julio la acusaci\u00f3n del Recurso de Protecci\u00f3n fue rechazada y concluyen que \u201cse desprende que el municipio a trav\u00e9s de sus \u00f3rganos y de acciones conjuntas con otros organismos p\u00fablicos de la comuna y en coordinaci\u00f3n con la seguridad regional y nacional est\u00e1 realizando acciones para ordenar el comercio ambulante existente en la comuna, acciones que no son recientes y que tampoco son de menor envergadura, pues se ha incurrido en gastos a efectos de mejorar la seguridad de espacios y en arriendo de terrenos para el traslado de dicho comercio y que pueda funcionar dentro de la legalidad\u201d.<\/p>\n<p style=\"text-align: justify;\">Asimismo, la Corte de Apelaciones indica que \u201cpor lo dicho precedentemente, no es posible sostener que se han visto afectadas las garant\u00edas constitucionales que la recurrente reclama, puesto que la municipalidad de Ovalle no ha incurrido en una omisi\u00f3n o actuaci\u00f3n arbitraria o ilegal que haya amenazado, perturbado o vulnerado aquellas, por lo que esta acci\u00f3n cautelar deber\u00e1 ser desestimada, como se dir\u00e1. Por estas consideraciones, lo dispuesto en el art\u00edculo 20 de la Constituci\u00f3n Pol\u00edtica de la Rep\u00fablica y en el Auto Acordado sobre la materia, se rechaza, sin costas, el recurso de protecci\u00f3n interpuesto\u201d.<\/p>\n<p style=\"text-align: justify;\">Para el alcalde de Ovalle, Jonathan Acu\u00f1a, este fallo demuestra el trabajo, serio y responsable que est\u00e1 ejecutando su administraci\u00f3n en esta materia. \u201cEs una buena noticia porque avala las gestiones importantes que estamos ejecutando en torno a erradicar el comercia ilegal y ambulante. Demostramos con acciones contundentes que la \u201cpega\u201d la estamos haciendo. Lamento que se quiera ensuciar nuestra gesti\u00f3n sin tener los antecedentes claros. Hoy la Corte de Apelaciones ha sido clara en favor al municipio. Eso no quita que seguiremos trabajando en esta materia, porque es un tema complejo que debemos continuar resolviendo\u201d, concluy\u00f3.<\/p>\n","protected":false},"excerpt":{"rendered":"<p>Un contundente fallo de la Segunda Sala de la Corte de Apelaciones de La Serena, en la que reconoce el trabajo de municipio de Ovalle en relaci\u00f3n a la gesti\u00f3n, que realiza por ordenar el comercio ambulante e ilegal en la ciudad. Esto, luego que locatarios formales del centro de la capital limarina acusaran a la municipalidad de \u201chaber incurrido en omisiones ilegales consistentes en no adoptar medidas concretas y efectivas que impidan la instalaci\u00f3n del comercio ambulante en la calle Vicu\u00f1a Mackenna y Benavente y en la \u201cFeria Las Pulgas\u201d de la poblaci\u00f3n Media Hacienda\u201d. La acusaci\u00f3n no tuvo asidero, ya que el departamento jur\u00eddico del municipio demostr\u00f3 antecedentes que descartan completamente la acusaci\u00f3n El Recurso de Protecci\u00f3n fue interpuesto por el abogado Sergio Cort\u00e9s Beltr\u00e1n en representaci\u00f3n de Lidia Pizarro, Mar\u00eda Isabel Carvajal, Joyer\u00eda y Relojer\u00eda Felipe Giovanni Sbraga Gottreux E.I.R.L., de Gonart Modas LTDA, y en favor de Veterinaria Patricio Roco y Compa\u00f1\u00eda Limitada, todos comerciantes de Ovalle. Desde el municipio, a trav\u00e9s de la directora de Asesor\u00eda Jur\u00eddica del municipio de Ovalle, Mar\u00eda Fernanda Rojas, se defendieron y demostraron con antecedentes comprobables las distintas acciones y gestiones, que se han iniciado en la administraci\u00f3n del actual alcalde Jonathan Acu\u00f1a, para eliminar el comercio ambulante de los denominados \u201ctoldos azules\u201d acusado por los locatarios. Una de las acciones jur\u00eddicas del municipio fue constatar, mediante fotograf\u00edas notariales, con fecha \u201c17 de mayo de 2024, siendo las 11:00 horas aproximadamente, y a requerimiento de do\u00f1a Mar\u00eda Fernanda Rojas Pinto, quien solicit\u00f3 se realizaran una serie de \u0301 fotograf\u00edas que evidenciaran, o no, la instalaci\u00f3n de comercio ambulante en algunas calles de la ciudad de Ovalle. En esta oportunidad, y en particular para constatar tal situaci\u00f3n en relaci\u00f3n con las tiendas Joyer\u00eda Alemana (Calle Vicu\u00f1a Mackenna N\u00b067) y Joyer\u00eda Suiza (Calle Vicu\u00f1a Mackenna N\u00b089), y Paseo Peatonal de Vicu\u00f1a Mackenna en ese sector. Conforme a dichas im\u00e1genes, y frente a dichas tiendas, no resulta posible advertir la instalaci\u00f3n del com\u00fanmente denominado \u201ccomercio ambulante\u201d. Respecto a la acusaci\u00f3n relacionada a la \u201cFeria de las Pulgas\u201d de la poblaci\u00f3n Media Hacienda, desde el municipio sostuvieron que no es efectivo. En el informe que entreg\u00f3 y aleg\u00f3 ante la Corte de Apelaciones, \u00a0la directora jur\u00eddica alude que el alcalde Jonathan Acu\u00f1a desde hace meses atr\u00e1s est\u00e1 haciendo \u0303 \u0301un plan para ordenar el comercio ambulante consistente en la remodelaci\u00f3n de la Plaza \u00a0de la poblaci\u00f3n Media Hacienda y por ello instruy\u00f3 a la Secretar\u00eda de Planificaci\u00f3n Comunal (SECPLAN) llamar a licitaci\u00f3n a fin de comenzar con las obras de remodelaci\u00f3n de dicha plaza, lo que conlleva el orden y posterior erradicaci\u00f3n del comercio ambulante informal e ilegal. Agregaron desde la municipalidad que tambi\u00e9n est\u00e1n generando estrategias de reubicaci\u00f3n y si est\u00e1n elaborando proyectos de infraestructura, para la habilitaci\u00f3n de espacios adecuados para la ubicaci\u00f3n de comerciantes ambulantes y por ende generar un comercio establecido en la ciudad. Para la Corte de Apelaciones de La Serena en su fallo que dio a conocer el pasado 1 de julio la acusaci\u00f3n del Recurso de Protecci\u00f3n fue rechazada y concluyen que \u201cse desprende que el municipio a trav\u00e9s de sus \u00f3rganos y de acciones conjuntas con otros organismos p\u00fablicos de la comuna y en coordinaci\u00f3n con la seguridad regional y nacional est\u00e1 realizando acciones para ordenar el comercio ambulante existente en la comuna, acciones que no son recientes y que tampoco son de menor envergadura, pues se ha incurrido en gastos a efectos de mejorar la seguridad de espacios y en arriendo de terrenos para el traslado de dicho comercio y que pueda funcionar dentro de la legalidad\u201d. Asimismo, la Corte de Apelaciones indica que \u201cpor lo dicho precedentemente, no es posible sostener que se han visto afectadas las garant\u00edas constitucionales que la recurrente reclama, puesto que la municipalidad de Ovalle no ha incurrido en una omisi\u00f3n o actuaci\u00f3n arbitraria o ilegal que haya amenazado, perturbado o vulnerado aquellas, por lo que esta acci\u00f3n cautelar deber\u00e1 ser desestimada, como se dir\u00e1. Por estas consideraciones, lo dispuesto en el art\u00edculo 20 de la Constituci\u00f3n Pol\u00edtica de la Rep\u00fablica y en el Auto Acordado sobre la materia, se rechaza, sin costas, el recurso de protecci\u00f3n interpuesto\u201d. Para el alcalde de Ovalle, Jonathan Acu\u00f1a, este fallo demuestra el trabajo, serio y responsable que est\u00e1 ejecutando su administraci\u00f3n en esta materia. \u201cEs una buena noticia porque avala las gestiones importantes que estamos ejecutando en torno a erradicar el comercia ilegal y ambulante. Demostramos con acciones contundentes que la \u201cpega\u201d la estamos haciendo. Lamento que se quiera ensuciar nuestra gesti\u00f3n sin tener los antecedentes claros. Hoy la Corte de Apelaciones ha sido clara en favor al municipio. Eso no quita que seguiremos trabajando en esta materia, porque es un tema complejo que debemos continuar resolviendo\u201d, concluy\u00f3.<\/p>\n","protected":false},"author":1,"featured_media":7221,"comment_status":"closed","ping_status":"closed","sticky":false,"template":"","format":"standard","meta":{"_vp_format_video_url":"","_vp_image_focal_point":[],"footnotes":""},"categories":[61],"tags":[],"class_list":["post-7220","post","type-post","status-publish","format-standard","has-post-thumbnail","hentry","category-municipal"],"_links":{"self":[{"href":"https:\/\/muniovalle.cl\/sitio\/wp-json\/wp\/v2\/posts\/7220","targetHints":{"allow":["GET"]}}],"collection":[{"href":"https:\/\/muniovalle.cl\/sitio\/wp-json\/wp\/v2\/posts"}],"about":[{"href":"https:\/\/muniovalle.cl\/sitio\/wp-json\/wp\/v2\/types\/post"}],"author":[{"embeddable":true,"href":"https:\/\/muniovalle.cl\/sitio\/wp-json\/wp\/v2\/users\/1"}],"replies":[{"embeddable":true,"href":"https:\/\/muniovalle.cl\/sitio\/wp-json\/wp\/v2\/comments?post=7220"}],"version-history":[{"count":1,"href":"https:\/\/muniovalle.cl\/sitio\/wp-json\/wp\/v2\/posts\/7220\/revisions"}],"predecessor-version":[{"id":7222,"href":"https:\/\/muniovalle.cl\/sitio\/wp-json\/wp\/v2\/posts\/7220\/revisions\/7222"}],"wp:featuredmedia":[{"embeddable":true,"href":"https:\/\/muniovalle.cl\/sitio\/wp-json\/wp\/v2\/media\/7221"}],"wp:attachment":[{"href":"https:\/\/muniovalle.cl\/sitio\/wp-json\/wp\/v2\/media?parent=7220"}],"wp:term":[{"taxonomy":"category","embeddable":true,"href":"https:\/\/muniovalle.cl\/sitio\/wp-json\/wp\/v2\/categories?post=7220"},{"taxonomy":"post_tag","embeddable":true,"href":"https:\/\/muniovalle.cl\/sitio\/wp-json\/wp\/v2\/tags?post=7220"}],"curies":[{"name":"wp","href":"https:\/\/api.w.org\/{rel}","templated":true}]}}