{"id":11868,"date":"2026-04-01T18:32:59","date_gmt":"2026-04-01T21:32:59","guid":{"rendered":"https:\/\/muniovalle.cl\/sitio\/?p=11868"},"modified":"2026-04-01T18:32:59","modified_gmt":"2026-04-01T21:32:59","slug":"centro-comunitario-de-rehabilitacion-fisica-alcanza-cifra-record-de-300-ingresos-mensuales","status":"publish","type":"post","link":"https:\/\/muniovalle.cl\/sitio\/2026\/04\/01\/centro-comunitario-de-rehabilitacion-fisica-alcanza-cifra-record-de-300-ingresos-mensuales\/","title":{"rendered":"Centro Comunitario de Rehabilitaci\u00f3n F\u00edsica alcanza cifra r\u00e9cord de 300 ingresos mensuales"},"content":{"rendered":"<p dir=\"ltr\">En un nuevo aniversario, el centro municipal consolida su rol con m\u00e1s de 2.000 sesiones mensuales y una infraestructura de primer nivel que hoy incluye atenci\u00f3n especializada para ni\u00f1os y adolescentes.<\/p>\n<p dir=\"ltr\"><img fetchpriority=\"high\" decoding=\"async\" class=\"alignnone size-medium wp-image-11869\" src=\"https:\/\/muniovalle.cl\/sitio\/wp-content\/uploads\/2026\/04\/CCR-300x169.jpeg\" alt=\"\" width=\"300\" height=\"169\" srcset=\"https:\/\/muniovalle.cl\/sitio\/wp-content\/uploads\/2026\/04\/CCR-300x169.jpeg 300w, https:\/\/muniovalle.cl\/sitio\/wp-content\/uploads\/2026\/04\/CCR-1024x576.jpeg 1024w, https:\/\/muniovalle.cl\/sitio\/wp-content\/uploads\/2026\/04\/CCR-768x432.jpeg 768w, https:\/\/muniovalle.cl\/sitio\/wp-content\/uploads\/2026\/04\/CCR-1536x864.jpeg 1536w, https:\/\/muniovalle.cl\/sitio\/wp-content\/uploads\/2026\/04\/CCR-500x281.jpeg 500w, https:\/\/muniovalle.cl\/sitio\/wp-content\/uploads\/2026\/04\/CCR-800x450.jpeg 800w, https:\/\/muniovalle.cl\/sitio\/wp-content\/uploads\/2026\/04\/CCR-1280x720.jpeg 1280w, https:\/\/muniovalle.cl\/sitio\/wp-content\/uploads\/2026\/04\/CCR.jpeg 1600w\" sizes=\"(max-width: 300px) 100vw, 300px\" \/><\/p>\n<p dir=\"ltr\">Lo que comenz\u00f3 en 2009 como una peque\u00f1a sala de atenci\u00f3n, hoy se alza como el pilar de la salud inclusiva en la comuna. El\u00a0Centro Comunitario de Rehabilitaci\u00f3n F\u00edsica (CCR) de Ovalle, dependiente del Departamento de Salud Municipal, conmemora un nuevo a\u00f1o de funcionamiento exhibiendo cifras que demuestran su alta relevancia social: actualmente, el centro recibe a\u00a0300 nuevos usuarios cada mes, promediando\u00a02.000 prestaciones\u00a0en diversas especialidades terap\u00e9uticas.<\/p>\n<p dir=\"ltr\">La trayectoria del CCR ha estado marcada por un crecimiento sostenido. Tras convertirse en centro comunitario en 2012 mediante un convenio con SENADIS, el recinto dio un salto cualitativo en 2023 al trasladarse a nuevas y modernas dependencias municipales. Este avance en infraestructura fue acompa\u00f1ado por el fortalecimiento de un\u00a0equipo multidisciplinario\u00a0que hoy integra a profesionales de kinesiolog\u00eda, terapia ocupacional, fonoaudiolog\u00eda, psicolog\u00eda y nutrici\u00f3n.<\/p>\n<p dir=\"ltr\">El Centro Comunitario de Rehabilitaci\u00f3n F\u00edsica de Ovalle se ha consolidado como un pilar fundamental para la salud p\u00fablica local y ofrece una respuesta integral a personas con patolog\u00edas m\u00fasculo-esquel\u00e9ticas y neurol\u00f3gicas que son derivadas desde los distintos centros de atenci\u00f3n primaria de la comuna.<\/p>\n<p dir=\"ltr\">\u201cConmemorar un a\u00f1o m\u00e1s de funcionamiento y ver c\u00f3mo hemos ido creciendo en el tiempo, nos llena de orgullo y satisfacci\u00f3n. Saber que nuestra comuna cuenta hoy con dependencias de primer nivel para dar respuesta a las distintas necesidades en el \u00e1mbito de la rehabilitaci\u00f3n f\u00edsica y acompa\u00f1amiento terap\u00e9utico, tanto de la poblaci\u00f3n adulta como infanto-adolescente, nos pone muy contentos. , destac\u00f3 el kinesi\u00f3logo y encargado del centro,\u00a0Cristi\u00e1n Jim\u00e9nez, y resalta la calidad humana del servicio. \u201cAs\u00ed como hemos aumentado y mejorado el espacio f\u00edsico, tambi\u00e9n el equipo multidisciplinario lo ha hecho. Hoy contamos con profesionales altamente capacitados en \u00e1reas como kinesiolog\u00eda, fonoaudiolog\u00eda, terapia ocupacional, psicolog\u00eda y nutrici\u00f3n, quienes buscan brindar una atenci\u00f3n humana y de calidad a nuestros usuarios\u201d, puntualiza<\/p>\n<p dir=\"ltr\">El crecimiento en su capacidad de especializaci\u00f3n humana, hace que hoy cuente con un equipo multidisciplinario altamente capacitado que busca entregar una atenci\u00f3n cargada de empat\u00eda y profesionalismo.<\/p>\n<p dir=\"ltr\">En este sentido, la incorporaci\u00f3n en agosto de 2025 de la Sala de Apoyo al Desarrollo y Rehabilitaci\u00f3n Infanto-Adolescente marc\u00f3 un avance hist\u00f3rico, permitiendo que ni\u00f1os, ni\u00f1as y j\u00f3venes de Ovalle cuenten con un espacio dise\u00f1ado exclusivamente para sus necesidades terap\u00e9uticas, asegurando una cobertura que acompa\u00f1a al vecino en todas las etapas de su vida.<\/p>\n<p dir=\"ltr\">M\u00e1s all\u00e1 del trabajo cl\u00ednico individual, el Centro Comunitario de Rehabilitaci\u00f3n F\u00edsica se ha integrado profundamente en el tejido social de Ovalle a trav\u00e9s de iniciativas que promueven el bienestar colectivo. Esto se traduce en visitas domiciliarias para pacientes con movilidad reducida, asesor\u00eda t\u00e9cnica para la obtenci\u00f3n de ayudas del Estado y el desarrollo de instancias grupales como talleres de estimulaci\u00f3n cognitiva y huertos comunitarios.<\/p>\n<p dir=\"ltr\">De esta manera, el centro no solo trabaja en la recuperaci\u00f3n del cuerpo, sino que fortalece los v\u00ednculos comunitarios y reafirma su posici\u00f3n como un referente regional de inclusi\u00f3n y salud p\u00fablica de calidad.<\/p>\n<p>&nbsp;<\/p>\n","protected":false},"excerpt":{"rendered":"<p>En un nuevo aniversario, el centro municipal consolida su rol con m\u00e1s de 2.000 sesiones mensuales y una infraestructura de primer nivel que hoy incluye atenci\u00f3n especializada para ni\u00f1os y adolescentes. Lo que comenz\u00f3 en 2009 como una peque\u00f1a sala de atenci\u00f3n, hoy se alza como el pilar de la salud inclusiva en la comuna. El\u00a0Centro Comunitario de Rehabilitaci\u00f3n F\u00edsica (CCR) de Ovalle, dependiente del Departamento de Salud Municipal, conmemora un nuevo a\u00f1o de funcionamiento exhibiendo cifras que demuestran su alta relevancia social: actualmente, el centro recibe a\u00a0300 nuevos usuarios cada mes, promediando\u00a02.000 prestaciones\u00a0en diversas especialidades terap\u00e9uticas. La trayectoria del CCR ha estado marcada por un crecimiento sostenido. Tras convertirse en centro comunitario en 2012 mediante un convenio con SENADIS, el recinto dio un salto cualitativo en 2023 al trasladarse a nuevas y modernas dependencias municipales. Este avance en infraestructura fue acompa\u00f1ado por el fortalecimiento de un\u00a0equipo multidisciplinario\u00a0que hoy integra a profesionales de kinesiolog\u00eda, terapia ocupacional, fonoaudiolog\u00eda, psicolog\u00eda y nutrici\u00f3n. El Centro Comunitario de Rehabilitaci\u00f3n F\u00edsica de Ovalle se ha consolidado como un pilar fundamental para la salud p\u00fablica local y ofrece una respuesta integral a personas con patolog\u00edas m\u00fasculo-esquel\u00e9ticas y neurol\u00f3gicas que son derivadas desde los distintos centros de atenci\u00f3n primaria de la comuna. \u201cConmemorar un a\u00f1o m\u00e1s de funcionamiento y ver c\u00f3mo hemos ido creciendo en el tiempo, nos llena de orgullo y satisfacci\u00f3n. Saber que nuestra comuna cuenta hoy con dependencias de primer nivel para dar respuesta a las distintas necesidades en el \u00e1mbito de la rehabilitaci\u00f3n f\u00edsica y acompa\u00f1amiento terap\u00e9utico, tanto de la poblaci\u00f3n adulta como infanto-adolescente, nos pone muy contentos. , destac\u00f3 el kinesi\u00f3logo y encargado del centro,\u00a0Cristi\u00e1n Jim\u00e9nez, y resalta la calidad humana del servicio. \u201cAs\u00ed como hemos aumentado y mejorado el espacio f\u00edsico, tambi\u00e9n el equipo multidisciplinario lo ha hecho. Hoy contamos con profesionales altamente capacitados en \u00e1reas como kinesiolog\u00eda, fonoaudiolog\u00eda, terapia ocupacional, psicolog\u00eda y nutrici\u00f3n, quienes buscan brindar una atenci\u00f3n humana y de calidad a nuestros usuarios\u201d, puntualiza El crecimiento en su capacidad de especializaci\u00f3n humana, hace que hoy cuente con un equipo multidisciplinario altamente capacitado que busca entregar una atenci\u00f3n cargada de empat\u00eda y profesionalismo. En este sentido, la incorporaci\u00f3n en agosto de 2025 de la Sala de Apoyo al Desarrollo y Rehabilitaci\u00f3n Infanto-Adolescente marc\u00f3 un avance hist\u00f3rico, permitiendo que ni\u00f1os, ni\u00f1as y j\u00f3venes de Ovalle cuenten con un espacio dise\u00f1ado exclusivamente para sus necesidades terap\u00e9uticas, asegurando una cobertura que acompa\u00f1a al vecino en todas las etapas de su vida. M\u00e1s all\u00e1 del trabajo cl\u00ednico individual, el Centro Comunitario de Rehabilitaci\u00f3n F\u00edsica se ha integrado profundamente en el tejido social de Ovalle a trav\u00e9s de iniciativas que promueven el bienestar colectivo. Esto se traduce en visitas domiciliarias para pacientes con movilidad reducida, asesor\u00eda t\u00e9cnica para la obtenci\u00f3n de ayudas del Estado y el desarrollo de instancias grupales como talleres de estimulaci\u00f3n cognitiva y huertos comunitarios. De esta manera, el centro no solo trabaja en la recuperaci\u00f3n del cuerpo, sino que fortalece los v\u00ednculos comunitarios y reafirma su posici\u00f3n como un referente regional de inclusi\u00f3n y salud p\u00fablica de calidad. &nbsp;<\/p>\n","protected":false},"author":3,"featured_media":11869,"comment_status":"closed","ping_status":"closed","sticky":false,"template":"","format":"standard","meta":{"_vp_format_video_url":"","_vp_image_focal_point":[],"footnotes":""},"categories":[61],"tags":[],"class_list":["post-11868","post","type-post","status-publish","format-standard","has-post-thumbnail","hentry","category-municipal"],"_links":{"self":[{"href":"https:\/\/muniovalle.cl\/sitio\/wp-json\/wp\/v2\/posts\/11868","targetHints":{"allow":["GET"]}}],"collection":[{"href":"https:\/\/muniovalle.cl\/sitio\/wp-json\/wp\/v2\/posts"}],"about":[{"href":"https:\/\/muniovalle.cl\/sitio\/wp-json\/wp\/v2\/types\/post"}],"author":[{"embeddable":true,"href":"https:\/\/muniovalle.cl\/sitio\/wp-json\/wp\/v2\/users\/3"}],"replies":[{"embeddable":true,"href":"https:\/\/muniovalle.cl\/sitio\/wp-json\/wp\/v2\/comments?post=11868"}],"version-history":[{"count":1,"href":"https:\/\/muniovalle.cl\/sitio\/wp-json\/wp\/v2\/posts\/11868\/revisions"}],"predecessor-version":[{"id":11870,"href":"https:\/\/muniovalle.cl\/sitio\/wp-json\/wp\/v2\/posts\/11868\/revisions\/11870"}],"wp:featuredmedia":[{"embeddable":true,"href":"https:\/\/muniovalle.cl\/sitio\/wp-json\/wp\/v2\/media\/11869"}],"wp:attachment":[{"href":"https:\/\/muniovalle.cl\/sitio\/wp-json\/wp\/v2\/media?parent=11868"}],"wp:term":[{"taxonomy":"category","embeddable":true,"href":"https:\/\/muniovalle.cl\/sitio\/wp-json\/wp\/v2\/categories?post=11868"},{"taxonomy":"post_tag","embeddable":true,"href":"https:\/\/muniovalle.cl\/sitio\/wp-json\/wp\/v2\/tags?post=11868"}],"curies":[{"name":"wp","href":"https:\/\/api.w.org\/{rel}","templated":true}]}}