{"id":11467,"date":"2026-01-09T13:57:17","date_gmt":"2026-01-09T16:57:17","guid":{"rendered":"https:\/\/muniovalle.cl\/sitio\/?p=11467"},"modified":"2026-01-09T13:57:17","modified_gmt":"2026-01-09T16:57:17","slug":"municipio-de-ovalle-y-autoridades-coordinan-amplio-despliegue-de-seguridad-para-la-fiesta-grande-del-nino-dios-de-sotaqui","status":"publish","type":"post","link":"https:\/\/muniovalle.cl\/sitio\/2026\/01\/09\/municipio-de-ovalle-y-autoridades-coordinan-amplio-despliegue-de-seguridad-para-la-fiesta-grande-del-nino-dios-de-sotaqui\/","title":{"rendered":"Municipio de Ovalle y autoridades coordinan amplio despliegue de seguridad para la Fiesta Grande del Ni\u00f1o Dios de Sotaqu\u00ed"},"content":{"rendered":"<p><strong><em>Este fin de semana se realizar\u00e1 esta festividad que re\u00fane a fieles de todas partes del pa\u00eds, quienes participar\u00e1n de las diversas actividades religiosas que se desarrollar\u00e1n durante el fin de semana.<\/em><\/strong><\/p>\n<p><img fetchpriority=\"high\" decoding=\"async\" class=\"alignnone size-medium wp-image-11468\" src=\"https:\/\/muniovalle.cl\/sitio\/wp-content\/uploads\/2026\/01\/Fiesta-de-Sotaqui-2026-3-1-300x169.jpg\" alt=\"\" width=\"300\" height=\"169\" srcset=\"https:\/\/muniovalle.cl\/sitio\/wp-content\/uploads\/2026\/01\/Fiesta-de-Sotaqui-2026-3-1-300x169.jpg 300w, https:\/\/muniovalle.cl\/sitio\/wp-content\/uploads\/2026\/01\/Fiesta-de-Sotaqui-2026-3-1-1024x576.jpg 1024w, https:\/\/muniovalle.cl\/sitio\/wp-content\/uploads\/2026\/01\/Fiesta-de-Sotaqui-2026-3-1-768x432.jpg 768w, https:\/\/muniovalle.cl\/sitio\/wp-content\/uploads\/2026\/01\/Fiesta-de-Sotaqui-2026-3-1-1536x864.jpg 1536w, https:\/\/muniovalle.cl\/sitio\/wp-content\/uploads\/2026\/01\/Fiesta-de-Sotaqui-2026-3-1-2048x1152.jpg 2048w, https:\/\/muniovalle.cl\/sitio\/wp-content\/uploads\/2026\/01\/Fiesta-de-Sotaqui-2026-3-1-500x281.jpg 500w, https:\/\/muniovalle.cl\/sitio\/wp-content\/uploads\/2026\/01\/Fiesta-de-Sotaqui-2026-3-1-800x450.jpg 800w, https:\/\/muniovalle.cl\/sitio\/wp-content\/uploads\/2026\/01\/Fiesta-de-Sotaqui-2026-3-1-1280x720.jpg 1280w, https:\/\/muniovalle.cl\/sitio\/wp-content\/uploads\/2026\/01\/Fiesta-de-Sotaqui-2026-3-1-1920x1080.jpg 1920w\" sizes=\"(max-width: 300px) 100vw, 300px\" \/><\/p>\n<p>Ya se encuentra todo dispuesto para el desarrollo de la Fiesta Grande del Ni\u00f1o Dios de Sotaqu\u00ed, una de las celebraciones religiosas y culturales m\u00e1s importantes de la comuna y del norte de Chile, la cual se desarrollar\u00e1 durante este fin de semana, congregando a miles de fieles provenientes de distintas regiones del pa\u00eds.<\/p>\n<p>Tras un trabajo de coordinaci\u00f3n desarrollado durante varios meses, el municipio, en conjunto con Carabineros de Chile, la Direcci\u00f3n de Seguridad P\u00fablica Municipal y seguridad privada, ha implementado un plan integral de orden y seguridad, con el objetivo de garantizar el normal desarrollo de la festividad antes, durante y despu\u00e9s de su realizaci\u00f3n.<\/p>\n<p>El alcalde de Ovalle, H\u00e9ctor Vega Campusano, se\u00f1al\u00f3 que \u201cya est\u00e1 todo listo y dispuesto para la Fiesta Grande del Ni\u00f1o Dios de Sotaqu\u00ed, tras un trabajo que hemos realizado durante meses para que sea una festividad ordenada y segura, especialmente considerando la gran afluencia de fieles provenientes de diversas regiones del pa\u00eds\u201d. La autoridad comunal agreg\u00f3 que \u201cla idea es que las personas vivan un momento grato en lo religioso, sin que esto se vea interrumpido por des\u00f3rdenes o comercio ambulante no autorizado\u201d, destacando adem\u00e1s que desde el mi\u00e9rcoles existe presencia permanente de Carabineros, personal de Seguridad P\u00fablica Municipal y seguridad privada, resguardando los sectores donde no est\u00e1 permitida la venta de productos.<\/p>\n<p>Por su parte, el Prefecto (S) de Carabineros de Limar\u00ed, Teniente Coronel Osvaldo Gonz\u00e1lez, inform\u00f3 que \u201ccomo instituci\u00f3n iniciamos los servicios policiales el pasado mi\u00e9rcoles, con la finalidad de resguardar la periferia de Sotaqu\u00ed y evitar la instalaci\u00f3n anticipada e irregular de comerciantes\u201d. Asimismo, precis\u00f3 que se espera la llegada de alrededor de 25 mil personas, para lo cual se ha dispuesto un contingente superior a los 100 carabineros, incluyendo personal de orden p\u00fablico, agregando que durante el desarrollo de la festividad se mantendr\u00e1 habilitada la ruta que une Ovalle con la comuna de Monte Patria.<\/p>\n<p>Finalmente, Carabineros realiz\u00f3 un llamado a la ciudadan\u00eda a asistir de manera responsable, mantenerse hidratados y cuidar sus pertenencias personales, con el fin de evitar la ocurrencia de delitos.<\/p>\n<p>Desde el \u00e1mbito religioso, el p\u00e1rroco de Sotaqu\u00ed, Juan Alvarado Elgueta, extendi\u00f3 una invitaci\u00f3n a los fieles de todo Chile a participar de esta celebraci\u00f3n. \u201cLos esperamos con calma y tranquilidad, ya que se ha trabajado para que esta sea una festividad segura y ordenada, con diversas actividades religiosas que se desarrollar\u00e1n durante todo el fin de semana\u201d.<\/p>\n<p>La Fiesta Grande del Ni\u00f1o Dios de Sotaqu\u00ed contempla una nutrida programaci\u00f3n religiosa y cultural, consolid\u00e1ndose una vez m\u00e1s como un punto de encuentro de fe, tradici\u00f3n e identidad para la comuna de Ovalle y para el pa\u00eds.<\/p>\n","protected":false},"excerpt":{"rendered":"<p>Este fin de semana se realizar\u00e1 esta festividad que re\u00fane a fieles de todas partes del pa\u00eds, quienes participar\u00e1n de las diversas actividades religiosas que se desarrollar\u00e1n durante el fin de semana. Ya se encuentra todo dispuesto para el desarrollo de la Fiesta Grande del Ni\u00f1o Dios de Sotaqu\u00ed, una de las celebraciones religiosas y culturales m\u00e1s importantes de la comuna y del norte de Chile, la cual se desarrollar\u00e1 durante este fin de semana, congregando a miles de fieles provenientes de distintas regiones del pa\u00eds. Tras un trabajo de coordinaci\u00f3n desarrollado durante varios meses, el municipio, en conjunto con Carabineros de Chile, la Direcci\u00f3n de Seguridad P\u00fablica Municipal y seguridad privada, ha implementado un plan integral de orden y seguridad, con el objetivo de garantizar el normal desarrollo de la festividad antes, durante y despu\u00e9s de su realizaci\u00f3n. El alcalde de Ovalle, H\u00e9ctor Vega Campusano, se\u00f1al\u00f3 que \u201cya est\u00e1 todo listo y dispuesto para la Fiesta Grande del Ni\u00f1o Dios de Sotaqu\u00ed, tras un trabajo que hemos realizado durante meses para que sea una festividad ordenada y segura, especialmente considerando la gran afluencia de fieles provenientes de diversas regiones del pa\u00eds\u201d. La autoridad comunal agreg\u00f3 que \u201cla idea es que las personas vivan un momento grato en lo religioso, sin que esto se vea interrumpido por des\u00f3rdenes o comercio ambulante no autorizado\u201d, destacando adem\u00e1s que desde el mi\u00e9rcoles existe presencia permanente de Carabineros, personal de Seguridad P\u00fablica Municipal y seguridad privada, resguardando los sectores donde no est\u00e1 permitida la venta de productos. Por su parte, el Prefecto (S) de Carabineros de Limar\u00ed, Teniente Coronel Osvaldo Gonz\u00e1lez, inform\u00f3 que \u201ccomo instituci\u00f3n iniciamos los servicios policiales el pasado mi\u00e9rcoles, con la finalidad de resguardar la periferia de Sotaqu\u00ed y evitar la instalaci\u00f3n anticipada e irregular de comerciantes\u201d. Asimismo, precis\u00f3 que se espera la llegada de alrededor de 25 mil personas, para lo cual se ha dispuesto un contingente superior a los 100 carabineros, incluyendo personal de orden p\u00fablico, agregando que durante el desarrollo de la festividad se mantendr\u00e1 habilitada la ruta que une Ovalle con la comuna de Monte Patria. Finalmente, Carabineros realiz\u00f3 un llamado a la ciudadan\u00eda a asistir de manera responsable, mantenerse hidratados y cuidar sus pertenencias personales, con el fin de evitar la ocurrencia de delitos. Desde el \u00e1mbito religioso, el p\u00e1rroco de Sotaqu\u00ed, Juan Alvarado Elgueta, extendi\u00f3 una invitaci\u00f3n a los fieles de todo Chile a participar de esta celebraci\u00f3n. \u201cLos esperamos con calma y tranquilidad, ya que se ha trabajado para que esta sea una festividad segura y ordenada, con diversas actividades religiosas que se desarrollar\u00e1n durante todo el fin de semana\u201d. La Fiesta Grande del Ni\u00f1o Dios de Sotaqu\u00ed contempla una nutrida programaci\u00f3n religiosa y cultural, consolid\u00e1ndose una vez m\u00e1s como un punto de encuentro de fe, tradici\u00f3n e identidad para la comuna de Ovalle y para el pa\u00eds.<\/p>\n","protected":false},"author":3,"featured_media":11468,"comment_status":"closed","ping_status":"closed","sticky":false,"template":"","format":"standard","meta":{"_vp_format_video_url":"","_vp_image_focal_point":[],"footnotes":""},"categories":[61],"tags":[],"class_list":["post-11467","post","type-post","status-publish","format-standard","has-post-thumbnail","hentry","category-municipal"],"_links":{"self":[{"href":"https:\/\/muniovalle.cl\/sitio\/wp-json\/wp\/v2\/posts\/11467","targetHints":{"allow":["GET"]}}],"collection":[{"href":"https:\/\/muniovalle.cl\/sitio\/wp-json\/wp\/v2\/posts"}],"about":[{"href":"https:\/\/muniovalle.cl\/sitio\/wp-json\/wp\/v2\/types\/post"}],"author":[{"embeddable":true,"href":"https:\/\/muniovalle.cl\/sitio\/wp-json\/wp\/v2\/users\/3"}],"replies":[{"embeddable":true,"href":"https:\/\/muniovalle.cl\/sitio\/wp-json\/wp\/v2\/comments?post=11467"}],"version-history":[{"count":1,"href":"https:\/\/muniovalle.cl\/sitio\/wp-json\/wp\/v2\/posts\/11467\/revisions"}],"predecessor-version":[{"id":11469,"href":"https:\/\/muniovalle.cl\/sitio\/wp-json\/wp\/v2\/posts\/11467\/revisions\/11469"}],"wp:featuredmedia":[{"embeddable":true,"href":"https:\/\/muniovalle.cl\/sitio\/wp-json\/wp\/v2\/media\/11468"}],"wp:attachment":[{"href":"https:\/\/muniovalle.cl\/sitio\/wp-json\/wp\/v2\/media?parent=11467"}],"wp:term":[{"taxonomy":"category","embeddable":true,"href":"https:\/\/muniovalle.cl\/sitio\/wp-json\/wp\/v2\/categories?post=11467"},{"taxonomy":"post_tag","embeddable":true,"href":"https:\/\/muniovalle.cl\/sitio\/wp-json\/wp\/v2\/tags?post=11467"}],"curies":[{"name":"wp","href":"https:\/\/api.w.org\/{rel}","templated":true}]}}