{"id":11410,"date":"2026-01-02T16:30:38","date_gmt":"2026-01-02T19:30:38","guid":{"rendered":"https:\/\/muniovalle.cl\/sitio\/?p=11410"},"modified":"2026-01-02T16:30:38","modified_gmt":"2026-01-02T19:30:38","slug":"desde-el-proximo-12-de-enero-no-podran-circular-buses-interurbanos-por-la-alameda-de-ovalle","status":"publish","type":"post","link":"https:\/\/muniovalle.cl\/sitio\/2026\/01\/02\/desde-el-proximo-12-de-enero-no-podran-circular-buses-interurbanos-por-la-alameda-de-ovalle\/","title":{"rendered":"Desde el pr\u00f3ximo 12 de enero no podr\u00e1n circular buses interurbanos por la alameda de Ovalle"},"content":{"rendered":"<p><strong><em>La medida apunta a un mayor ordenamiento del centro de la ciudad, evitar congesti\u00f3n vehicular y dar cumplimiento a la normativa vigente.<\/em><\/strong><\/p>\n<p><img fetchpriority=\"high\" decoding=\"async\" class=\"alignnone size-medium wp-image-11411\" src=\"https:\/\/muniovalle.cl\/sitio\/wp-content\/uploads\/2026\/01\/BUSES-ALAMEDA-PARADAS--300x169.jpg\" alt=\"\" width=\"300\" height=\"169\" srcset=\"https:\/\/muniovalle.cl\/sitio\/wp-content\/uploads\/2026\/01\/BUSES-ALAMEDA-PARADAS--300x169.jpg 300w, https:\/\/muniovalle.cl\/sitio\/wp-content\/uploads\/2026\/01\/BUSES-ALAMEDA-PARADAS--1024x576.jpg 1024w, https:\/\/muniovalle.cl\/sitio\/wp-content\/uploads\/2026\/01\/BUSES-ALAMEDA-PARADAS--768x432.jpg 768w, https:\/\/muniovalle.cl\/sitio\/wp-content\/uploads\/2026\/01\/BUSES-ALAMEDA-PARADAS--1536x864.jpg 1536w, https:\/\/muniovalle.cl\/sitio\/wp-content\/uploads\/2026\/01\/BUSES-ALAMEDA-PARADAS--2048x1152.jpg 2048w, https:\/\/muniovalle.cl\/sitio\/wp-content\/uploads\/2026\/01\/BUSES-ALAMEDA-PARADAS--500x281.jpg 500w, https:\/\/muniovalle.cl\/sitio\/wp-content\/uploads\/2026\/01\/BUSES-ALAMEDA-PARADAS--800x450.jpg 800w, https:\/\/muniovalle.cl\/sitio\/wp-content\/uploads\/2026\/01\/BUSES-ALAMEDA-PARADAS--1280x720.jpg 1280w, https:\/\/muniovalle.cl\/sitio\/wp-content\/uploads\/2026\/01\/BUSES-ALAMEDA-PARADAS--1920x1080.jpg 1920w\" sizes=\"(max-width: 300px) 100vw, 300px\" \/><\/p>\n<p>Ya es oficial. A contar del lunes 12 de enero de 2026, los buses interurbanos que realizan recorridos hacia La Serena y Coquimbo no podr\u00e1n circular por la Alameda de Ovalle, espec\u00edficamente por Avenida Arizt\u00eda Oriente y Arizt\u00eda Poniente. La medida se adopta tras una resoluci\u00f3n del Ministerio de Transportes y Telecomunicaciones, que busca mejorar el ordenamiento vial y reducir la congesti\u00f3n vehicular en este sector altamente transitado por veh\u00edculos y peatones.<\/p>\n<p>Cabe se\u00f1alar que, en el marco de este proceso, las empresas del rubro interpusieron un recurso de protecci\u00f3n, el cual fue finalmente rechazado por la Corte Suprema de Santiago, raz\u00f3n por la cual deber\u00e1n dar cumplimiento a esta normativa, quedando firme la resoluci\u00f3n adoptada por la autoridad competente.<\/p>\n<p>Al respecto, la seremi de Transportes y Telecomunicaciones de la Regi\u00f3n de Coquimbo, Alejandra Maureira, explic\u00f3 que esta disposici\u00f3n se aplicar\u00e1 en un horario comprendido entre las 07:00 y las 22:00 horas, y comenzar\u00e1 a regir oficialmente \u201cdesde el d\u00eda 12 de enero de 2026, de tal manera que los buses puedan circular y salir de la comuna por el sector Costanera. Esto tiene como principal objetivo aportar al ordenamiento vial que est\u00e1 impulsando el municipio de Ovalle, disminuir los problemas de congesti\u00f3n y dar cumplimiento a la normativa vigente, que establece que los buses deben iniciar sus recorridos desde puntos habilitados, como el terminal\u201d.<\/p>\n<p>El alcalde de Ovalle, H\u00e9ctor Vega Campusano, se\u00f1al\u00f3 que esta medida se enmarca en el trabajo que est\u00e1 desarrollando el municipio para ordenar el tr\u00e1nsito y recuperar los espacios p\u00fablicos. \u201cNuestro prop\u00f3sito es mejorar el ordenamiento vial, reducir la congesti\u00f3n vehicular y entregar mayor seguridad a peatones y automovilistas, haciendo valer la normativa vigente en materia de transporte para las ciudades de m\u00e1s de 50 mil habitantes, que por a\u00f1os no se estaba aplicando con la rigurosidad necesaria. Como municipio tenemos la responsabilidad de velar por su cumplimiento y avanzar hacia una ciudad m\u00e1s ordenada y segura para todos y todas\u201d.<\/p>\n<p>Desde la fecha indicada, los buses deber\u00e1n salir desde el terminal de buses, continuar por el sector Costanera, avanzar hacia el camino a la localidad de Huamalata y posteriormente incorporarse a la Ruta D-43. Este nuevo trazado ser\u00e1 fiscalizado por el Ministerio de Transportes y Telecomunicaciones, Carabineros de Chile y los inspectores de Seguridad P\u00fablica del municipio de Ovalle.<\/p>\n<p>Cabe destacar que la oferta de operadores se mantendr\u00e1 sin cambios, por lo que los usuarios continuar\u00e1n contando con las mismas empresas para trasladarse hacia y desde las comunas de La Serena y Coquimbo.<\/p>\n<p>&nbsp;<\/p>\n","protected":false},"excerpt":{"rendered":"<p>La medida apunta a un mayor ordenamiento del centro de la ciudad, evitar congesti\u00f3n vehicular y dar cumplimiento a la normativa vigente. Ya es oficial. A contar del lunes 12 de enero de 2026, los buses interurbanos que realizan recorridos hacia La Serena y Coquimbo no podr\u00e1n circular por la Alameda de Ovalle, espec\u00edficamente por Avenida Arizt\u00eda Oriente y Arizt\u00eda Poniente. La medida se adopta tras una resoluci\u00f3n del Ministerio de Transportes y Telecomunicaciones, que busca mejorar el ordenamiento vial y reducir la congesti\u00f3n vehicular en este sector altamente transitado por veh\u00edculos y peatones. Cabe se\u00f1alar que, en el marco de este proceso, las empresas del rubro interpusieron un recurso de protecci\u00f3n, el cual fue finalmente rechazado por la Corte Suprema de Santiago, raz\u00f3n por la cual deber\u00e1n dar cumplimiento a esta normativa, quedando firme la resoluci\u00f3n adoptada por la autoridad competente. Al respecto, la seremi de Transportes y Telecomunicaciones de la Regi\u00f3n de Coquimbo, Alejandra Maureira, explic\u00f3 que esta disposici\u00f3n se aplicar\u00e1 en un horario comprendido entre las 07:00 y las 22:00 horas, y comenzar\u00e1 a regir oficialmente \u201cdesde el d\u00eda 12 de enero de 2026, de tal manera que los buses puedan circular y salir de la comuna por el sector Costanera. Esto tiene como principal objetivo aportar al ordenamiento vial que est\u00e1 impulsando el municipio de Ovalle, disminuir los problemas de congesti\u00f3n y dar cumplimiento a la normativa vigente, que establece que los buses deben iniciar sus recorridos desde puntos habilitados, como el terminal\u201d. El alcalde de Ovalle, H\u00e9ctor Vega Campusano, se\u00f1al\u00f3 que esta medida se enmarca en el trabajo que est\u00e1 desarrollando el municipio para ordenar el tr\u00e1nsito y recuperar los espacios p\u00fablicos. \u201cNuestro prop\u00f3sito es mejorar el ordenamiento vial, reducir la congesti\u00f3n vehicular y entregar mayor seguridad a peatones y automovilistas, haciendo valer la normativa vigente en materia de transporte para las ciudades de m\u00e1s de 50 mil habitantes, que por a\u00f1os no se estaba aplicando con la rigurosidad necesaria. Como municipio tenemos la responsabilidad de velar por su cumplimiento y avanzar hacia una ciudad m\u00e1s ordenada y segura para todos y todas\u201d. Desde la fecha indicada, los buses deber\u00e1n salir desde el terminal de buses, continuar por el sector Costanera, avanzar hacia el camino a la localidad de Huamalata y posteriormente incorporarse a la Ruta D-43. Este nuevo trazado ser\u00e1 fiscalizado por el Ministerio de Transportes y Telecomunicaciones, Carabineros de Chile y los inspectores de Seguridad P\u00fablica del municipio de Ovalle. Cabe destacar que la oferta de operadores se mantendr\u00e1 sin cambios, por lo que los usuarios continuar\u00e1n contando con las mismas empresas para trasladarse hacia y desde las comunas de La Serena y Coquimbo. &nbsp;<\/p>\n","protected":false},"author":3,"featured_media":11411,"comment_status":"closed","ping_status":"closed","sticky":false,"template":"","format":"standard","meta":{"_vp_format_video_url":"","_vp_image_focal_point":[],"footnotes":""},"categories":[61],"tags":[],"class_list":["post-11410","post","type-post","status-publish","format-standard","has-post-thumbnail","hentry","category-municipal"],"_links":{"self":[{"href":"https:\/\/muniovalle.cl\/sitio\/wp-json\/wp\/v2\/posts\/11410","targetHints":{"allow":["GET"]}}],"collection":[{"href":"https:\/\/muniovalle.cl\/sitio\/wp-json\/wp\/v2\/posts"}],"about":[{"href":"https:\/\/muniovalle.cl\/sitio\/wp-json\/wp\/v2\/types\/post"}],"author":[{"embeddable":true,"href":"https:\/\/muniovalle.cl\/sitio\/wp-json\/wp\/v2\/users\/3"}],"replies":[{"embeddable":true,"href":"https:\/\/muniovalle.cl\/sitio\/wp-json\/wp\/v2\/comments?post=11410"}],"version-history":[{"count":1,"href":"https:\/\/muniovalle.cl\/sitio\/wp-json\/wp\/v2\/posts\/11410\/revisions"}],"predecessor-version":[{"id":11412,"href":"https:\/\/muniovalle.cl\/sitio\/wp-json\/wp\/v2\/posts\/11410\/revisions\/11412"}],"wp:featuredmedia":[{"embeddable":true,"href":"https:\/\/muniovalle.cl\/sitio\/wp-json\/wp\/v2\/media\/11411"}],"wp:attachment":[{"href":"https:\/\/muniovalle.cl\/sitio\/wp-json\/wp\/v2\/media?parent=11410"}],"wp:term":[{"taxonomy":"category","embeddable":true,"href":"https:\/\/muniovalle.cl\/sitio\/wp-json\/wp\/v2\/categories?post=11410"},{"taxonomy":"post_tag","embeddable":true,"href":"https:\/\/muniovalle.cl\/sitio\/wp-json\/wp\/v2\/tags?post=11410"}],"curies":[{"name":"wp","href":"https:\/\/api.w.org\/{rel}","templated":true}]}}