{"id":11403,"date":"2026-01-02T16:20:54","date_gmt":"2026-01-02T19:20:54","guid":{"rendered":"https:\/\/muniovalle.cl\/sitio\/?p=11403"},"modified":"2026-01-02T16:20:54","modified_gmt":"2026-01-02T19:20:54","slug":"escuelas-de-verano-abren-inscripciones-para-programa-de-cuidado-infantil-dirigido-a-trabajadores-de-temporada","status":"publish","type":"post","link":"https:\/\/muniovalle.cl\/sitio\/2026\/01\/02\/escuelas-de-verano-abren-inscripciones-para-programa-de-cuidado-infantil-dirigido-a-trabajadores-de-temporada\/","title":{"rendered":"Escuelas de Verano: Abren inscripciones para programa de cuidado infantil dirigido a trabajadores de temporada"},"content":{"rendered":"<p dir=\"ltr\">La iniciativa ofrece espacios seguros para ni\u00f1os y ni\u00f1as de entre 6 y 12 a\u00f1os durante los meses de enero y febrero, incluyendo alimentaci\u00f3n y actividades recreativas en tres escuelas de la comuna.<\/p>\n<p dir=\"ltr\"><img fetchpriority=\"high\" decoding=\"async\" class=\"alignnone size-medium wp-image-11404\" src=\"https:\/\/muniovalle.cl\/sitio\/wp-content\/uploads\/2026\/01\/Escuela-de-verano-2024-1-1-300x200.jpg\" alt=\"\" width=\"300\" height=\"200\" srcset=\"https:\/\/muniovalle.cl\/sitio\/wp-content\/uploads\/2026\/01\/Escuela-de-verano-2024-1-1-300x200.jpg 300w, https:\/\/muniovalle.cl\/sitio\/wp-content\/uploads\/2026\/01\/Escuela-de-verano-2024-1-1-1024x683.jpg 1024w, https:\/\/muniovalle.cl\/sitio\/wp-content\/uploads\/2026\/01\/Escuela-de-verano-2024-1-1-768x512.jpg 768w, https:\/\/muniovalle.cl\/sitio\/wp-content\/uploads\/2026\/01\/Escuela-de-verano-2024-1-1-1536x1024.jpg 1536w, https:\/\/muniovalle.cl\/sitio\/wp-content\/uploads\/2026\/01\/Escuela-de-verano-2024-1-1-500x333.jpg 500w, https:\/\/muniovalle.cl\/sitio\/wp-content\/uploads\/2026\/01\/Escuela-de-verano-2024-1-1-800x533.jpg 800w, https:\/\/muniovalle.cl\/sitio\/wp-content\/uploads\/2026\/01\/Escuela-de-verano-2024-1-1-1280x853.jpg 1280w, https:\/\/muniovalle.cl\/sitio\/wp-content\/uploads\/2026\/01\/Escuela-de-verano-2024-1-1.jpg 1920w\" sizes=\"(max-width: 300px) 100vw, 300px\" \/><\/p>\n<p dir=\"ltr\">Con el objetivo de brindar una soluci\u00f3n concreta a las familias que enfrentan dificultades para el cuidado de sus hijos durante el periodo estival, el Departamento de Desarrollo Comunitario de la Municipalidad de Ovalle ha dado inicio al \u00abPrograma de Apoyo a Trabajadores de Temporada\u00bb, red que est\u00e1 dise\u00f1ada espec\u00edficamente para padres, madres y tutores que desempe\u00f1an labores durante enero y febrero, ofreciendo un entorno seguro y enriquecedor para menores de entre 6 y 12 a\u00f1os a su cargo.<\/p>\n<p dir=\"ltr\">Para este a\u00f1o, se han dispuesto tres sedes estrat\u00e9gicas con cupos limitados para garantizar una atenci\u00f3n de calidad: la Escuela Oscar Araya Molina en el sector San Luis dispone de 40 vacantes; la Escuela Arturo Alessandri Palma, ubicada en el centro de la ciudad, cuenta con 35 cupos; y la Escuela Arturo Villal\u00f3n en Cerrillos de Tamaya ofrece 30 espacios.<\/p>\n<p dir=\"ltr\">El alcalde H\u00e9ctor Vega Campusano se\u00f1al\u00f3 que \u201ccomo municipio, hacemos un esfuerzo importante para que el trabajo de temporada no sea un motivo de angustia para muchas familias ovallinas. Sabemos que durante enero y febrero muchos padres y madres tienen la oportunidad de generar ingresos fundamentales para sus hogares, pero se enfrentan al gran dilema de no tener con qui\u00e9n dejar a sus hijos\u201d.<\/p>\n<p dir=\"ltr\">El jefe comunal ovallino recalc\u00f3 que \u201ccon este programa, queremos darles esa tranquilidad, ofreciendo un espacio protegido, con alimentaci\u00f3n completa y actividades de calidad en nuestras escuelas, para que los ni\u00f1os se diviertan y aprendan mientras sus padres trabajan con la confianza de que sus hijos est\u00e1n en las mejores manos\u00bb.<\/p>\n<p dir=\"ltr\">El programa contempla una jornada integral que se extiende desde las 08:00 hasta las 17:00 horas. Durante este tiempo, los ni\u00f1os y ni\u00f1as recibir\u00e1n alimentaci\u00f3n completa, que incluye desayuno, almuerzo y una tercera comida. Adem\u00e1s, el plan de trabajo diario considera la realizaci\u00f3n de actividades f\u00edsicas, deportivas y recreativas orientadas a la diversi\u00f3n y el desarrollo, junto con charlas educativas que promueven el aprendizaje de los participantes.<\/p>\n<p dir=\"ltr\">Quienes deseen postular deben cumplir con requisitos espec\u00edficos, tales como pertenecer a los programas Chile Crece Contigo o Seguridad y Oportunidades, adem\u00e1s de contar con una calificaci\u00f3n socioecon\u00f3mica de hasta el 60% en el Registro Social de Hogares.<\/p>\n<p dir=\"ltr\">El proceso de inscripci\u00f3n se realiza de manera presencial y puede acceder a m\u00e1s informaci\u00f3n, en el segundo piso de la Municipalidad, espec\u00edficamente en el Departamento de Desarrollo Comunitario, con la documentaci\u00f3n solicitada.<\/p>\n","protected":false},"excerpt":{"rendered":"<p>La iniciativa ofrece espacios seguros para ni\u00f1os y ni\u00f1as de entre 6 y 12 a\u00f1os durante los meses de enero y febrero, incluyendo alimentaci\u00f3n y actividades recreativas en tres escuelas de la comuna. Con el objetivo de brindar una soluci\u00f3n concreta a las familias que enfrentan dificultades para el cuidado de sus hijos durante el periodo estival, el Departamento de Desarrollo Comunitario de la Municipalidad de Ovalle ha dado inicio al \u00abPrograma de Apoyo a Trabajadores de Temporada\u00bb, red que est\u00e1 dise\u00f1ada espec\u00edficamente para padres, madres y tutores que desempe\u00f1an labores durante enero y febrero, ofreciendo un entorno seguro y enriquecedor para menores de entre 6 y 12 a\u00f1os a su cargo. Para este a\u00f1o, se han dispuesto tres sedes estrat\u00e9gicas con cupos limitados para garantizar una atenci\u00f3n de calidad: la Escuela Oscar Araya Molina en el sector San Luis dispone de 40 vacantes; la Escuela Arturo Alessandri Palma, ubicada en el centro de la ciudad, cuenta con 35 cupos; y la Escuela Arturo Villal\u00f3n en Cerrillos de Tamaya ofrece 30 espacios. El alcalde H\u00e9ctor Vega Campusano se\u00f1al\u00f3 que \u201ccomo municipio, hacemos un esfuerzo importante para que el trabajo de temporada no sea un motivo de angustia para muchas familias ovallinas. Sabemos que durante enero y febrero muchos padres y madres tienen la oportunidad de generar ingresos fundamentales para sus hogares, pero se enfrentan al gran dilema de no tener con qui\u00e9n dejar a sus hijos\u201d. El jefe comunal ovallino recalc\u00f3 que \u201ccon este programa, queremos darles esa tranquilidad, ofreciendo un espacio protegido, con alimentaci\u00f3n completa y actividades de calidad en nuestras escuelas, para que los ni\u00f1os se diviertan y aprendan mientras sus padres trabajan con la confianza de que sus hijos est\u00e1n en las mejores manos\u00bb. El programa contempla una jornada integral que se extiende desde las 08:00 hasta las 17:00 horas. Durante este tiempo, los ni\u00f1os y ni\u00f1as recibir\u00e1n alimentaci\u00f3n completa, que incluye desayuno, almuerzo y una tercera comida. Adem\u00e1s, el plan de trabajo diario considera la realizaci\u00f3n de actividades f\u00edsicas, deportivas y recreativas orientadas a la diversi\u00f3n y el desarrollo, junto con charlas educativas que promueven el aprendizaje de los participantes. Quienes deseen postular deben cumplir con requisitos espec\u00edficos, tales como pertenecer a los programas Chile Crece Contigo o Seguridad y Oportunidades, adem\u00e1s de contar con una calificaci\u00f3n socioecon\u00f3mica de hasta el 60% en el Registro Social de Hogares. El proceso de inscripci\u00f3n se realiza de manera presencial y puede acceder a m\u00e1s informaci\u00f3n, en el segundo piso de la Municipalidad, espec\u00edficamente en el Departamento de Desarrollo Comunitario, con la documentaci\u00f3n solicitada.<\/p>\n","protected":false},"author":3,"featured_media":11405,"comment_status":"closed","ping_status":"closed","sticky":false,"template":"","format":"standard","meta":{"_vp_format_video_url":"","_vp_image_focal_point":[],"footnotes":""},"categories":[61],"tags":[],"class_list":["post-11403","post","type-post","status-publish","format-standard","has-post-thumbnail","hentry","category-municipal"],"_links":{"self":[{"href":"https:\/\/muniovalle.cl\/sitio\/wp-json\/wp\/v2\/posts\/11403","targetHints":{"allow":["GET"]}}],"collection":[{"href":"https:\/\/muniovalle.cl\/sitio\/wp-json\/wp\/v2\/posts"}],"about":[{"href":"https:\/\/muniovalle.cl\/sitio\/wp-json\/wp\/v2\/types\/post"}],"author":[{"embeddable":true,"href":"https:\/\/muniovalle.cl\/sitio\/wp-json\/wp\/v2\/users\/3"}],"replies":[{"embeddable":true,"href":"https:\/\/muniovalle.cl\/sitio\/wp-json\/wp\/v2\/comments?post=11403"}],"version-history":[{"count":1,"href":"https:\/\/muniovalle.cl\/sitio\/wp-json\/wp\/v2\/posts\/11403\/revisions"}],"predecessor-version":[{"id":11406,"href":"https:\/\/muniovalle.cl\/sitio\/wp-json\/wp\/v2\/posts\/11403\/revisions\/11406"}],"wp:featuredmedia":[{"embeddable":true,"href":"https:\/\/muniovalle.cl\/sitio\/wp-json\/wp\/v2\/media\/11405"}],"wp:attachment":[{"href":"https:\/\/muniovalle.cl\/sitio\/wp-json\/wp\/v2\/media?parent=11403"}],"wp:term":[{"taxonomy":"category","embeddable":true,"href":"https:\/\/muniovalle.cl\/sitio\/wp-json\/wp\/v2\/categories?post=11403"},{"taxonomy":"post_tag","embeddable":true,"href":"https:\/\/muniovalle.cl\/sitio\/wp-json\/wp\/v2\/tags?post=11403"}],"curies":[{"name":"wp","href":"https:\/\/api.w.org\/{rel}","templated":true}]}}