{"id":11264,"date":"2025-12-09T16:31:19","date_gmt":"2025-12-09T19:31:19","guid":{"rendered":"https:\/\/muniovalle.cl\/sitio\/?p=11264"},"modified":"2025-12-09T16:31:19","modified_gmt":"2025-12-09T19:31:19","slug":"con-record-de-asistencia-ovalle-encendio-el-arbol-de-navidad-natural-mas-grande-de-chile","status":"publish","type":"post","link":"https:\/\/muniovalle.cl\/sitio\/2025\/12\/09\/con-record-de-asistencia-ovalle-encendio-el-arbol-de-navidad-natural-mas-grande-de-chile\/","title":{"rendered":"Con r\u00e9cord de asistencia: Ovalle encendi\u00f3 el \u00c1rbol de Navidad Natural m\u00e1s grande de Chile"},"content":{"rendered":"<p><i><span style=\"font-size: large;\">La Plaza de Armas de Ovalle se replet\u00f3 de familias para vivir una jornada inolvidable que incluy\u00f3 villancicos, una obra musical teatral de gran despliegue y el esperado encendido del \u00e1rbol navide\u00f1o de m\u00e1s de 50 metros de altura.<\/span><\/i><\/p>\n<p><img fetchpriority=\"high\" decoding=\"async\" class=\"alignnone size-medium wp-image-11265\" src=\"https:\/\/muniovalle.cl\/sitio\/wp-content\/uploads\/2025\/12\/Arbol-de-Navidad6-300x169.jpeg\" alt=\"\" width=\"300\" height=\"169\" srcset=\"https:\/\/muniovalle.cl\/sitio\/wp-content\/uploads\/2025\/12\/Arbol-de-Navidad6-300x169.jpeg 300w, https:\/\/muniovalle.cl\/sitio\/wp-content\/uploads\/2025\/12\/Arbol-de-Navidad6-1024x575.jpeg 1024w, https:\/\/muniovalle.cl\/sitio\/wp-content\/uploads\/2025\/12\/Arbol-de-Navidad6-768x431.jpeg 768w, https:\/\/muniovalle.cl\/sitio\/wp-content\/uploads\/2025\/12\/Arbol-de-Navidad6-1536x863.jpeg 1536w, https:\/\/muniovalle.cl\/sitio\/wp-content\/uploads\/2025\/12\/Arbol-de-Navidad6-2048x1150.jpeg 2048w, https:\/\/muniovalle.cl\/sitio\/wp-content\/uploads\/2025\/12\/Arbol-de-Navidad6-500x281.jpeg 500w, https:\/\/muniovalle.cl\/sitio\/wp-content\/uploads\/2025\/12\/Arbol-de-Navidad6-800x449.jpeg 800w, https:\/\/muniovalle.cl\/sitio\/wp-content\/uploads\/2025\/12\/Arbol-de-Navidad6-1280x719.jpeg 1280w, https:\/\/muniovalle.cl\/sitio\/wp-content\/uploads\/2025\/12\/Arbol-de-Navidad6-1920x1079.jpeg 1920w\" sizes=\"(max-width: 300px) 100vw, 300px\" \/><\/p>\n<p dir=\"ltr\">Ovalle dio inicio oficial a la temporada navide\u00f1a la noche del pasado jueves 4 de diciembre con una masiva y emotiva jornada en la Plaza de Armas, que congreg\u00f3 a miles de familias locales y visitantes. El evento culmin\u00f3 con el esperado encendido del emblem\u00e1tico\u00a0\u00c1rbol de Navidad natural m\u00e1s grande de Chile, un verdadero patrimonio comunal que iluminar\u00e1 la \u00abPerla del Limar\u00ed\u00bb hasta fines de enero.<\/p>\n<p dir=\"ltr\">La jornada festiva comenz\u00f3 a las\u00a018:00 horas\u00a0con la presentaci\u00f3n de\u00a0villancicos\u00a0a cargo de diversos coros escolares de la comuna. Los ni\u00f1os y ni\u00f1as de establecimientos como la Escuela Manuel Espinosa L\u00f3pez, la Escuela Arturo Villal\u00f3n Sieulanne de Cerrillos de Tamaya; Elvira Ochoa Avil\u00e9z de Lagunillas, Aurora de Chile de Nueva Aurora; Antonio Tirado Lanas y la Escuela Helene Lang, que llenaron el ambiente de m\u00fasica y esp\u00edritu navide\u00f1o.<\/p>\n<p dir=\"ltr\">Posteriormente, a las\u00a020:00 horas, la\u00a0Compa\u00f1\u00eda OtroArte\u00a0present\u00f3 la obra teatral-musical\u00a0\u00abSue\u00f1os de Navidad\u00bb, un espect\u00e1culo de gran factura que prepar\u00f3 el ambiente para el momento c\u00falmine de la noche.<\/p>\n<p dir=\"ltr\">Finalmente, a las\u00a021:15 horas, se realiz\u00f3 el tradicional encendido del \u00e1rbol natural, un hito que fue celebrado con aplausos y v\u00edtores por la multitud.<\/p>\n<p dir=\"ltr\">El\u00a0alcalde de Ovalle, H\u00e9ctor Vega Campusano, destac\u00f3 el significado del evento para la comuna. \u00abYo creo que esta es una de las grandes festividades que ya tiene nuestra comuna y que, por supuesto, toma cada vez m\u00e1s preponderancia. Para nosotros es un orgullo, como ovallinos, poder tener este evento y contar con el \u00e1rbol natural m\u00e1s grande de Chile y de Sudam\u00e9rica en esta \u00e9poca de Navidad. Siempre deseamos que la gente piense en el amor y en la alegr\u00eda. Si hay una persona que no lo est\u00e1 pasando bien, el simple hecho de llamarla o visitarla puede cambiar su vida. As\u00ed que solo quiero instar a todos a vivir nuestra Navidad en tranquilidad, a vivir la coexistencia, que disfruten el amor, y a todos desearles una Feliz Navidad y un pr\u00f3spero A\u00f1o Nuevo\u00bb.<\/p>\n<p dir=\"ltr\">El evento de encendido del \u00c1rbol de Navidad natural m\u00e1s grande de Chile fue altamente valorado por la comunidad, quienes destacaron el ambiente de reuni\u00f3n familiar y la calidad del espect\u00e1culo ofrecido. Los asistentes expresaron que la actividad es\u00a0\u00abmuy linda para la familia de Ovalle\u00bb, ya que permite que los miembros del hogar, incluso aquellos que trabajan o estudian,\u00a0\u00abse pongan de acuerdo para poder salir todos\u00bb.<\/p>\n<p dir=\"ltr\">Adem\u00e1s, la multitud ovallina se mostr\u00f3 impresionada por el nivel de la presentaci\u00f3n art\u00edstica, calificando el show como\u00a0\u00abmaravilloso\u00bb\u00a0y\u00a0\u00abhermoso\u00bb, y se\u00f1alando que nunca hab\u00edan visto algo de esa magnitud en la comuna. Para muchos, este evento tiene un\u00a0\u00absentido \u00fanico para todos nosotros que somos ovallinos de coraz\u00f3n\u00bb\u00a0, pues es un motivo de orgullo tener\u00a0\u00abel \u00e1rbol m\u00e1s grande de Chile y de Sudam\u00e9rica&#8230; encendido ac\u00e1 en Ovalle\u00bb. Los asistentes tambi\u00e9n resaltaron el car\u00e1cter social de la jornada, afirmando que es\u00a0\u00abmuy bonito porque se puede pasar en familia\u00bb\u00a0y con amigos, disfrutando de un\u00a0\u00abrato de esparcimiento\u00bb.<\/p>\n<p dir=\"ltr\">El \u00e1rbol permanecer\u00e1 iluminado, proyectando su luz a diversos sectores de la ciudad, y se espera que contin\u00fae siendo un punto de visita obligado durante el verano.<\/p>\n<p>&nbsp;<\/p>\n","protected":false},"excerpt":{"rendered":"<p>La Plaza de Armas de Ovalle se replet\u00f3 de familias para vivir una jornada inolvidable que incluy\u00f3 villancicos, una obra musical teatral de gran despliegue y el esperado encendido del \u00e1rbol navide\u00f1o de m\u00e1s de 50 metros de altura. Ovalle dio inicio oficial a la temporada navide\u00f1a la noche del pasado jueves 4 de diciembre con una masiva y emotiva jornada en la Plaza de Armas, que congreg\u00f3 a miles de familias locales y visitantes. El evento culmin\u00f3 con el esperado encendido del emblem\u00e1tico\u00a0\u00c1rbol de Navidad natural m\u00e1s grande de Chile, un verdadero patrimonio comunal que iluminar\u00e1 la \u00abPerla del Limar\u00ed\u00bb hasta fines de enero. La jornada festiva comenz\u00f3 a las\u00a018:00 horas\u00a0con la presentaci\u00f3n de\u00a0villancicos\u00a0a cargo de diversos coros escolares de la comuna. Los ni\u00f1os y ni\u00f1as de establecimientos como la Escuela Manuel Espinosa L\u00f3pez, la Escuela Arturo Villal\u00f3n Sieulanne de Cerrillos de Tamaya; Elvira Ochoa Avil\u00e9z de Lagunillas, Aurora de Chile de Nueva Aurora; Antonio Tirado Lanas y la Escuela Helene Lang, que llenaron el ambiente de m\u00fasica y esp\u00edritu navide\u00f1o. Posteriormente, a las\u00a020:00 horas, la\u00a0Compa\u00f1\u00eda OtroArte\u00a0present\u00f3 la obra teatral-musical\u00a0\u00abSue\u00f1os de Navidad\u00bb, un espect\u00e1culo de gran factura que prepar\u00f3 el ambiente para el momento c\u00falmine de la noche. Finalmente, a las\u00a021:15 horas, se realiz\u00f3 el tradicional encendido del \u00e1rbol natural, un hito que fue celebrado con aplausos y v\u00edtores por la multitud. El\u00a0alcalde de Ovalle, H\u00e9ctor Vega Campusano, destac\u00f3 el significado del evento para la comuna. \u00abYo creo que esta es una de las grandes festividades que ya tiene nuestra comuna y que, por supuesto, toma cada vez m\u00e1s preponderancia. Para nosotros es un orgullo, como ovallinos, poder tener este evento y contar con el \u00e1rbol natural m\u00e1s grande de Chile y de Sudam\u00e9rica en esta \u00e9poca de Navidad. Siempre deseamos que la gente piense en el amor y en la alegr\u00eda. Si hay una persona que no lo est\u00e1 pasando bien, el simple hecho de llamarla o visitarla puede cambiar su vida. As\u00ed que solo quiero instar a todos a vivir nuestra Navidad en tranquilidad, a vivir la coexistencia, que disfruten el amor, y a todos desearles una Feliz Navidad y un pr\u00f3spero A\u00f1o Nuevo\u00bb. El evento de encendido del \u00c1rbol de Navidad natural m\u00e1s grande de Chile fue altamente valorado por la comunidad, quienes destacaron el ambiente de reuni\u00f3n familiar y la calidad del espect\u00e1culo ofrecido. Los asistentes expresaron que la actividad es\u00a0\u00abmuy linda para la familia de Ovalle\u00bb, ya que permite que los miembros del hogar, incluso aquellos que trabajan o estudian,\u00a0\u00abse pongan de acuerdo para poder salir todos\u00bb. Adem\u00e1s, la multitud ovallina se mostr\u00f3 impresionada por el nivel de la presentaci\u00f3n art\u00edstica, calificando el show como\u00a0\u00abmaravilloso\u00bb\u00a0y\u00a0\u00abhermoso\u00bb, y se\u00f1alando que nunca hab\u00edan visto algo de esa magnitud en la comuna. Para muchos, este evento tiene un\u00a0\u00absentido \u00fanico para todos nosotros que somos ovallinos de coraz\u00f3n\u00bb\u00a0, pues es un motivo de orgullo tener\u00a0\u00abel \u00e1rbol m\u00e1s grande de Chile y de Sudam\u00e9rica&#8230; encendido ac\u00e1 en Ovalle\u00bb. Los asistentes tambi\u00e9n resaltaron el car\u00e1cter social de la jornada, afirmando que es\u00a0\u00abmuy bonito porque se puede pasar en familia\u00bb\u00a0y con amigos, disfrutando de un\u00a0\u00abrato de esparcimiento\u00bb. El \u00e1rbol permanecer\u00e1 iluminado, proyectando su luz a diversos sectores de la ciudad, y se espera que contin\u00fae siendo un punto de visita obligado durante el verano. &nbsp;<\/p>\n","protected":false},"author":3,"featured_media":11265,"comment_status":"closed","ping_status":"closed","sticky":false,"template":"","format":"standard","meta":{"_vp_format_video_url":"","_vp_image_focal_point":[],"footnotes":""},"categories":[61],"tags":[],"class_list":["post-11264","post","type-post","status-publish","format-standard","has-post-thumbnail","hentry","category-municipal"],"_links":{"self":[{"href":"https:\/\/muniovalle.cl\/sitio\/wp-json\/wp\/v2\/posts\/11264","targetHints":{"allow":["GET"]}}],"collection":[{"href":"https:\/\/muniovalle.cl\/sitio\/wp-json\/wp\/v2\/posts"}],"about":[{"href":"https:\/\/muniovalle.cl\/sitio\/wp-json\/wp\/v2\/types\/post"}],"author":[{"embeddable":true,"href":"https:\/\/muniovalle.cl\/sitio\/wp-json\/wp\/v2\/users\/3"}],"replies":[{"embeddable":true,"href":"https:\/\/muniovalle.cl\/sitio\/wp-json\/wp\/v2\/comments?post=11264"}],"version-history":[{"count":1,"href":"https:\/\/muniovalle.cl\/sitio\/wp-json\/wp\/v2\/posts\/11264\/revisions"}],"predecessor-version":[{"id":11266,"href":"https:\/\/muniovalle.cl\/sitio\/wp-json\/wp\/v2\/posts\/11264\/revisions\/11266"}],"wp:featuredmedia":[{"embeddable":true,"href":"https:\/\/muniovalle.cl\/sitio\/wp-json\/wp\/v2\/media\/11265"}],"wp:attachment":[{"href":"https:\/\/muniovalle.cl\/sitio\/wp-json\/wp\/v2\/media?parent=11264"}],"wp:term":[{"taxonomy":"category","embeddable":true,"href":"https:\/\/muniovalle.cl\/sitio\/wp-json\/wp\/v2\/categories?post=11264"},{"taxonomy":"post_tag","embeddable":true,"href":"https:\/\/muniovalle.cl\/sitio\/wp-json\/wp\/v2\/tags?post=11264"}],"curies":[{"name":"wp","href":"https:\/\/api.w.org\/{rel}","templated":true}]}}