{"id":11137,"date":"2025-11-17T17:21:00","date_gmt":"2025-11-17T20:21:00","guid":{"rendered":"https:\/\/muniovalle.cl\/sitio\/?p=11137"},"modified":"2025-11-17T17:21:00","modified_gmt":"2025-11-17T20:21:00","slug":"11137","status":"publish","type":"post","link":"https:\/\/muniovalle.cl\/sitio\/2025\/11\/17\/11137\/","title":{"rendered":""},"content":{"rendered":"<p><b><i>La solidaridad de la comuna se encendi\u00f3 con fuerza en el sector rural, marcando un auspicioso inicio para la iniciativa organizada por la Ilustre Municipalidad de Ovalle, a trav\u00e9s del Departamento de Desarrollo Comunitario.<\/i><\/b><\/p>\n<p><img decoding=\"async\" class=\"alignnone size-medium wp-image-11138\" src=\"https:\/\/muniovalle.cl\/sitio\/wp-content\/uploads\/2025\/11\/TELETON-LIMARI-300x147.jpg\" alt=\"\" width=\"300\" height=\"147\" srcset=\"https:\/\/muniovalle.cl\/sitio\/wp-content\/uploads\/2025\/11\/TELETON-LIMARI-300x147.jpg 300w, https:\/\/muniovalle.cl\/sitio\/wp-content\/uploads\/2025\/11\/TELETON-LIMARI-1024x501.jpg 1024w, https:\/\/muniovalle.cl\/sitio\/wp-content\/uploads\/2025\/11\/TELETON-LIMARI-768x376.jpg 768w, https:\/\/muniovalle.cl\/sitio\/wp-content\/uploads\/2025\/11\/TELETON-LIMARI-1536x751.jpg 1536w, https:\/\/muniovalle.cl\/sitio\/wp-content\/uploads\/2025\/11\/TELETON-LIMARI-2048x1001.jpg 2048w, https:\/\/muniovalle.cl\/sitio\/wp-content\/uploads\/2025\/11\/TELETON-LIMARI-500x245.jpg 500w, https:\/\/muniovalle.cl\/sitio\/wp-content\/uploads\/2025\/11\/TELETON-LIMARI-800x391.jpg 800w, https:\/\/muniovalle.cl\/sitio\/wp-content\/uploads\/2025\/11\/TELETON-LIMARI-1280x626.jpg 1280w, https:\/\/muniovalle.cl\/sitio\/wp-content\/uploads\/2025\/11\/TELETON-LIMARI-1920x939.jpg 1920w\" sizes=\"(max-width: 300px) 100vw, 300px\" \/><\/p>\n<p>Las localidades de Limar\u00ed y El Guindo dieron el puntapi\u00e9 inicial a la Gira Telet\u00f3n Rural 2025 en Ovalle, demostrando un fervor solidario que ya super\u00f3 las expectativas en su primera parada. La primera fecha, realizada el pasado viernes 14 de noviembre, arroj\u00f3 resultados que demuestran el compromiso de los vecinos con la causa solidaria nacional.<br \/>\nLa localidad de Limar\u00ed fue la gran protagonista de la jornada, no solo por la masiva participaci\u00f3n, sino por el extraordinario resultado econ\u00f3mico: se reuni\u00f3 la suma de $4.078.920 pesos, superando con creces la meta alcanzada el a\u00f1o pasado. Por su parte, la comunidad de El Guindo tambi\u00e9n mostr\u00f3 su apoyo incondicional, aportando la cifra de $1.400.000 pesos a la campa\u00f1a.<br \/>\nEl alcalde de Ovalle, H\u00e9ctor Vega Campusano se\u00f1al\u00f3 que \u201cestamos tremendamente orgullosos de la respuesta de nuestra gente en la Gira Telet\u00f3n Rural. Ver a Limar\u00ed superar su propia meta y el entusiasmo de El Guindo, nos demuestra que Ovalle es una comuna con un coraz\u00f3n gigante. Esto es solo el comienzo porque este viernes 21 de noviembre, esperamos que nos acompa\u00f1en en Tabal\u00ed y en El Trapiche a partir de las 20:00 horas, para que en cada rinc\u00f3n de Ovalle, cumplamos la meta de la Telet\u00f3n\u201d.<\/p>\n<p>Pr\u00f3ximas jornadas<br \/>\nEl itinerario de la Telet\u00f3n Rural continuar\u00e1 con el objetivo de movilizar a toda la comunidad limarina y seguir sumando aportes a la causa: el Viernes 21 de noviembre llegar\u00e1 a Tabal\u00ed y El Trapiche, con eventos programados para iniciar a las 20:00 horas. En Tabal\u00ed, el encuentro se realizar\u00e1 en la cancha del Club Deportivo Uni\u00f3n Tabal\u00ed, mientras que en El Trapiche, la cita ser\u00e1 en el techado del club deportivo local.<br \/>\nEn tanto, el S\u00e1bado 22 de noviembre, la caravana solidaria continuar\u00e1 su recorrido a partir de las 20:00 horas en Los Olivos, en el techado de la junta de vecinos, y a la misma hora, en Huallillinga, la comunidad se reunir\u00e1 en la cancha de la Escuela La Araucana.<br \/>\nFinalmente, el Viernes 28 de noviembre, la gira cerrar\u00e1 en Barraza, el evento comenzar\u00e1 a las 20:00 horas en la sede social de la junta de vecinos, y en Cerrillos de Tamaya, que \u00a0recibir\u00e1 la Telet\u00f3n tambi\u00e9n a las 20:00 horas en su Plaza de Armas.<br \/>\nLa iniciativa busca movilizar a toda la comunidad rural de Ovalle, reafirmando el esp\u00edritu de colaboraci\u00f3n y apoyo a la Telet\u00f3n en la Regi\u00f3n de Coquimbo.<\/p>\n","protected":false},"excerpt":{"rendered":"<p>La solidaridad de la comuna se encendi\u00f3 con fuerza en el sector rural, marcando un auspicioso inicio para la iniciativa organizada por la Ilustre Municipalidad de Ovalle, a trav\u00e9s del Departamento de Desarrollo Comunitario. Las localidades de Limar\u00ed y El Guindo dieron el puntapi\u00e9 inicial a la Gira Telet\u00f3n Rural 2025 en Ovalle, demostrando un fervor solidario que ya super\u00f3 las expectativas en su primera parada. La primera fecha, realizada el pasado viernes 14 de noviembre, arroj\u00f3 resultados que demuestran el compromiso de los vecinos con la causa solidaria nacional. La localidad de Limar\u00ed fue la gran protagonista de la jornada, no solo por la masiva participaci\u00f3n, sino por el extraordinario resultado econ\u00f3mico: se reuni\u00f3 la suma de $4.078.920 pesos, superando con creces la meta alcanzada el a\u00f1o pasado. Por su parte, la comunidad de El Guindo tambi\u00e9n mostr\u00f3 su apoyo incondicional, aportando la cifra de $1.400.000 pesos a la campa\u00f1a. El alcalde de Ovalle, H\u00e9ctor Vega Campusano se\u00f1al\u00f3 que \u201cestamos tremendamente orgullosos de la respuesta de nuestra gente en la Gira Telet\u00f3n Rural. Ver a Limar\u00ed superar su propia meta y el entusiasmo de El Guindo, nos demuestra que Ovalle es una comuna con un coraz\u00f3n gigante. Esto es solo el comienzo porque este viernes 21 de noviembre, esperamos que nos acompa\u00f1en en Tabal\u00ed y en El Trapiche a partir de las 20:00 horas, para que en cada rinc\u00f3n de Ovalle, cumplamos la meta de la Telet\u00f3n\u201d. Pr\u00f3ximas jornadas El itinerario de la Telet\u00f3n Rural continuar\u00e1 con el objetivo de movilizar a toda la comunidad limarina y seguir sumando aportes a la causa: el Viernes 21 de noviembre llegar\u00e1 a Tabal\u00ed y El Trapiche, con eventos programados para iniciar a las 20:00 horas. En Tabal\u00ed, el encuentro se realizar\u00e1 en la cancha del Club Deportivo Uni\u00f3n Tabal\u00ed, mientras que en El Trapiche, la cita ser\u00e1 en el techado del club deportivo local. En tanto, el S\u00e1bado 22 de noviembre, la caravana solidaria continuar\u00e1 su recorrido a partir de las 20:00 horas en Los Olivos, en el techado de la junta de vecinos, y a la misma hora, en Huallillinga, la comunidad se reunir\u00e1 en la cancha de la Escuela La Araucana. Finalmente, el Viernes 28 de noviembre, la gira cerrar\u00e1 en Barraza, el evento comenzar\u00e1 a las 20:00 horas en la sede social de la junta de vecinos, y en Cerrillos de Tamaya, que \u00a0recibir\u00e1 la Telet\u00f3n tambi\u00e9n a las 20:00 horas en su Plaza de Armas. La iniciativa busca movilizar a toda la comunidad rural de Ovalle, reafirmando el esp\u00edritu de colaboraci\u00f3n y apoyo a la Telet\u00f3n en la Regi\u00f3n de Coquimbo.<\/p>\n","protected":false},"author":3,"featured_media":11138,"comment_status":"closed","ping_status":"closed","sticky":false,"template":"","format":"standard","meta":{"_vp_format_video_url":"","_vp_image_focal_point":[],"footnotes":""},"categories":[61],"tags":[],"class_list":["post-11137","post","type-post","status-publish","format-standard","has-post-thumbnail","hentry","category-municipal"],"_links":{"self":[{"href":"https:\/\/muniovalle.cl\/sitio\/wp-json\/wp\/v2\/posts\/11137","targetHints":{"allow":["GET"]}}],"collection":[{"href":"https:\/\/muniovalle.cl\/sitio\/wp-json\/wp\/v2\/posts"}],"about":[{"href":"https:\/\/muniovalle.cl\/sitio\/wp-json\/wp\/v2\/types\/post"}],"author":[{"embeddable":true,"href":"https:\/\/muniovalle.cl\/sitio\/wp-json\/wp\/v2\/users\/3"}],"replies":[{"embeddable":true,"href":"https:\/\/muniovalle.cl\/sitio\/wp-json\/wp\/v2\/comments?post=11137"}],"version-history":[{"count":1,"href":"https:\/\/muniovalle.cl\/sitio\/wp-json\/wp\/v2\/posts\/11137\/revisions"}],"predecessor-version":[{"id":11139,"href":"https:\/\/muniovalle.cl\/sitio\/wp-json\/wp\/v2\/posts\/11137\/revisions\/11139"}],"wp:featuredmedia":[{"embeddable":true,"href":"https:\/\/muniovalle.cl\/sitio\/wp-json\/wp\/v2\/media\/11138"}],"wp:attachment":[{"href":"https:\/\/muniovalle.cl\/sitio\/wp-json\/wp\/v2\/media?parent=11137"}],"wp:term":[{"taxonomy":"category","embeddable":true,"href":"https:\/\/muniovalle.cl\/sitio\/wp-json\/wp\/v2\/categories?post=11137"},{"taxonomy":"post_tag","embeddable":true,"href":"https:\/\/muniovalle.cl\/sitio\/wp-json\/wp\/v2\/tags?post=11137"}],"curies":[{"name":"wp","href":"https:\/\/api.w.org\/{rel}","templated":true}]}}