{"id":11048,"date":"2025-10-28T17:09:40","date_gmt":"2025-10-28T20:09:40","guid":{"rendered":"https:\/\/muniovalle.cl\/sitio\/?p=11048"},"modified":"2025-10-28T17:12:05","modified_gmt":"2025-10-28T20:12:05","slug":"11048","status":"publish","type":"post","link":"https:\/\/muniovalle.cl\/sitio\/2025\/10\/28\/11048\/","title":{"rendered":"Se inicia plan de descongesti\u00f3n para Ovalle: buses a La Serena &#8211; Coquimbo dejar\u00e1n la Alameda"},"content":{"rendered":"<p><i>La medida, que entrar\u00e1 en vigencia el 19 de noviembre, busca reordenar el tr\u00e1nsito en el centro de la ciudad, trasladando la salida de los buses con destino a La Serena y Coquimbo al Terminal Medialuna, con el fin de mejorar la calidad de vida y disminuir los tiempos de traslado.<\/i><\/p>\n<p><img decoding=\"async\" class=\"alignnone size-medium wp-image-11049\" src=\"https:\/\/muniovalle.cl\/sitio\/wp-content\/uploads\/2025\/10\/reunion-buses-300x154.jpg\" alt=\"\" width=\"300\" height=\"154\" srcset=\"https:\/\/muniovalle.cl\/sitio\/wp-content\/uploads\/2025\/10\/reunion-buses-300x154.jpg 300w, https:\/\/muniovalle.cl\/sitio\/wp-content\/uploads\/2025\/10\/reunion-buses-1024x526.jpg 1024w, https:\/\/muniovalle.cl\/sitio\/wp-content\/uploads\/2025\/10\/reunion-buses-768x395.jpg 768w, https:\/\/muniovalle.cl\/sitio\/wp-content\/uploads\/2025\/10\/reunion-buses-1536x790.jpg 1536w, https:\/\/muniovalle.cl\/sitio\/wp-content\/uploads\/2025\/10\/reunion-buses-2048x1053.jpg 2048w, https:\/\/muniovalle.cl\/sitio\/wp-content\/uploads\/2025\/10\/reunion-buses-500x257.jpg 500w, https:\/\/muniovalle.cl\/sitio\/wp-content\/uploads\/2025\/10\/reunion-buses-800x411.jpg 800w, https:\/\/muniovalle.cl\/sitio\/wp-content\/uploads\/2025\/10\/reunion-buses-1280x658.jpg 1280w, https:\/\/muniovalle.cl\/sitio\/wp-content\/uploads\/2025\/10\/reunion-buses-1920x987.jpg 1920w\" sizes=\"(max-width: 300px) 100vw, 300px\" \/><\/p>\n<p>La Municipalidad de Ovalle, en coordinaci\u00f3n con la Serem\u00eda de Transportes de Coquimbo, ha anunciado un significativo cambio en el recorrido de los buses que transitan por la comuna. El proyecto de ordenamiento vial tiene como principal objetivo descongestionar el centro de la ciudad, que se ve afectado por la alta circulaci\u00f3n de transporte mayor. La nueva normativa entrar\u00e1 en vigencia el pr\u00f3ximo 19 de noviembre, fecha que marcar\u00e1 el inicio de una rigurosa fiscalizaci\u00f3n para asegurar su cumplimiento.<br \/>\nEl alcalde de Ovalle, H\u00e9ctor Vega Campusano, se\u00f1al\u00f3 que \u201cla Municipalidad est\u00e1 dando un paso importante en el ordenamiento del tr\u00e1nsito de la comuna, argumentando que una ciudad con m\u00e1s de 120 mil habitantes y gran parque vehicular necesita tomar medidas para pasar ya como una ciudad como corresponde\u00bb.<br \/>\nA\u00f1adi\u00f3 que la primera acci\u00f3n es \u201csuprimir los paraderos de buses que hoy est\u00e1n ubicados en el sector de la Alameda, espec\u00edficamente para los buses que hacen el recorrido a La Serena y Coquimbo. Estos paraderos ser\u00e1n trasladados hacia el Terminal Medialuna o alg\u00fan otro terminal que los operadores determinen\u201d.<br \/>\nEl jefe comunal precis\u00f3 que \u201ca partir del 19 de noviembre de 2025, y entre las 07:00 de la ma\u00f1ana y las 10:00 de la noche, la ciudadan\u00eda deber\u00e1 tomar sus destinos en el Terminal Medialuna. El objetivo principal de esta medida es disminuir la congesti\u00f3n vehicular en la Alameda y mejorar los tiempos de traslado, lo que se traduce en una mejor calidad de vida para todos los habitantes\u201d y adelant\u00f3 \u201cque esta es solo la primera medida, y que pr\u00f3ximamente vendr\u00e1n las v\u00edas prioritarias y, posteriormente, exclusivas para el transporte p\u00fablico\u201d.<br \/>\nLa Seremi de Transportes y Telecomunicaciones de la Regi\u00f3n de Coquimbo, Alejandra Maureira, confirm\u00f3 que \u201cse est\u00e1 iniciando el proceso de ordenamiento vial y a partir del 19 de noviembre, los buses que actualmente se detienen en Avenida Arizt\u00eda tendr\u00e1n un nuevo trazado y saldr\u00e1n por Avenida Costanera\u00bb. La Seremi anunci\u00f3 una \u201cestrategia de fiscalizaci\u00f3n importante que incluir\u00e1 las principales v\u00edas del centro de la comuna de Ovalle, como Calle Libertad, Independencia, Benavente y Maestranza\u201d.<br \/>\nEn esa misma l\u00ednea, el Teniente Coronel Osvaldo Gonz\u00e1lez Guti\u00e9rrez, prefecto subrogante de la Prefectura Limar\u00ed, se\u00f1al\u00f3 que \u201crecientemente tuvimos una reuni\u00f3n de trabajo con la Seremi de Transportes, nuestro alcalde y diferentes actores relacionados con el tr\u00e1nsito vial de la comuna de Ovalle. Esto busca principalmente descongestionar el centro de la comuna, toda vez que hist\u00f3ricamente ha habido mucho bus circulando por el per\u00edmetro urbano, lo que ocasiona gran congesti\u00f3n\u00bb.<br \/>\nEl oficial a\u00f1adi\u00f3 que para asegurar el cumplimiento, \u00abvamos a implementar una fuerte fiscalizaci\u00f3n para dar cumplimiento a la nueva normativa que regula el recorrido de los buses. Tendremos presencia en las calles principales de desplazamiento y fiscalizaremos, junto a inspectores municipales, a fin de que los buses intercomunales o interprovinciales cumplan esta nueva norma\u00bb.<br \/>\nLa modificaci\u00f3n en la ruta de los buses en el sector de la alameda forma parte de un ordenamiento vial cuyo fin principal es aliviar la saturaci\u00f3n del centro de la ciudad, provocada por la intensa circulaci\u00f3n de transporte p\u00fablico.<\/p>\n","protected":false},"excerpt":{"rendered":"<p>La medida, que entrar\u00e1 en vigencia el 19 de noviembre, busca reordenar el tr\u00e1nsito en el centro de la ciudad, trasladando la salida de los buses con destino a La Serena y Coquimbo al Terminal Medialuna, con el fin de mejorar la calidad de vida y disminuir los tiempos de traslado. La Municipalidad de Ovalle, en coordinaci\u00f3n con la Serem\u00eda de Transportes de Coquimbo, ha anunciado un significativo cambio en el recorrido de los buses que transitan por la comuna. El proyecto de ordenamiento vial tiene como principal objetivo descongestionar el centro de la ciudad, que se ve afectado por la alta circulaci\u00f3n de transporte mayor. La nueva normativa entrar\u00e1 en vigencia el pr\u00f3ximo 19 de noviembre, fecha que marcar\u00e1 el inicio de una rigurosa fiscalizaci\u00f3n para asegurar su cumplimiento. El alcalde de Ovalle, H\u00e9ctor Vega Campusano, se\u00f1al\u00f3 que \u201cla Municipalidad est\u00e1 dando un paso importante en el ordenamiento del tr\u00e1nsito de la comuna, argumentando que una ciudad con m\u00e1s de 120 mil habitantes y gran parque vehicular necesita tomar medidas para pasar ya como una ciudad como corresponde\u00bb. A\u00f1adi\u00f3 que la primera acci\u00f3n es \u201csuprimir los paraderos de buses que hoy est\u00e1n ubicados en el sector de la Alameda, espec\u00edficamente para los buses que hacen el recorrido a La Serena y Coquimbo. Estos paraderos ser\u00e1n trasladados hacia el Terminal Medialuna o alg\u00fan otro terminal que los operadores determinen\u201d. El jefe comunal precis\u00f3 que \u201ca partir del 19 de noviembre de 2025, y entre las 07:00 de la ma\u00f1ana y las 10:00 de la noche, la ciudadan\u00eda deber\u00e1 tomar sus destinos en el Terminal Medialuna. El objetivo principal de esta medida es disminuir la congesti\u00f3n vehicular en la Alameda y mejorar los tiempos de traslado, lo que se traduce en una mejor calidad de vida para todos los habitantes\u201d y adelant\u00f3 \u201cque esta es solo la primera medida, y que pr\u00f3ximamente vendr\u00e1n las v\u00edas prioritarias y, posteriormente, exclusivas para el transporte p\u00fablico\u201d. La Seremi de Transportes y Telecomunicaciones de la Regi\u00f3n de Coquimbo, Alejandra Maureira, confirm\u00f3 que \u201cse est\u00e1 iniciando el proceso de ordenamiento vial y a partir del 19 de noviembre, los buses que actualmente se detienen en Avenida Arizt\u00eda tendr\u00e1n un nuevo trazado y saldr\u00e1n por Avenida Costanera\u00bb. La Seremi anunci\u00f3 una \u201cestrategia de fiscalizaci\u00f3n importante que incluir\u00e1 las principales v\u00edas del centro de la comuna de Ovalle, como Calle Libertad, Independencia, Benavente y Maestranza\u201d. En esa misma l\u00ednea, el Teniente Coronel Osvaldo Gonz\u00e1lez Guti\u00e9rrez, prefecto subrogante de la Prefectura Limar\u00ed, se\u00f1al\u00f3 que \u201crecientemente tuvimos una reuni\u00f3n de trabajo con la Seremi de Transportes, nuestro alcalde y diferentes actores relacionados con el tr\u00e1nsito vial de la comuna de Ovalle. Esto busca principalmente descongestionar el centro de la comuna, toda vez que hist\u00f3ricamente ha habido mucho bus circulando por el per\u00edmetro urbano, lo que ocasiona gran congesti\u00f3n\u00bb. El oficial a\u00f1adi\u00f3 que para asegurar el cumplimiento, \u00abvamos a implementar una fuerte fiscalizaci\u00f3n para dar cumplimiento a la nueva normativa que regula el recorrido de los buses. Tendremos presencia en las calles principales de desplazamiento y fiscalizaremos, junto a inspectores municipales, a fin de que los buses intercomunales o interprovinciales cumplan esta nueva norma\u00bb. La modificaci\u00f3n en la ruta de los buses en el sector de la alameda forma parte de un ordenamiento vial cuyo fin principal es aliviar la saturaci\u00f3n del centro de la ciudad, provocada por la intensa circulaci\u00f3n de transporte p\u00fablico.<\/p>\n","protected":false},"author":3,"featured_media":11049,"comment_status":"closed","ping_status":"closed","sticky":false,"template":"","format":"standard","meta":{"_vp_format_video_url":"","_vp_image_focal_point":[],"footnotes":""},"categories":[61],"tags":[],"class_list":["post-11048","post","type-post","status-publish","format-standard","has-post-thumbnail","hentry","category-municipal"],"_links":{"self":[{"href":"https:\/\/muniovalle.cl\/sitio\/wp-json\/wp\/v2\/posts\/11048","targetHints":{"allow":["GET"]}}],"collection":[{"href":"https:\/\/muniovalle.cl\/sitio\/wp-json\/wp\/v2\/posts"}],"about":[{"href":"https:\/\/muniovalle.cl\/sitio\/wp-json\/wp\/v2\/types\/post"}],"author":[{"embeddable":true,"href":"https:\/\/muniovalle.cl\/sitio\/wp-json\/wp\/v2\/users\/3"}],"replies":[{"embeddable":true,"href":"https:\/\/muniovalle.cl\/sitio\/wp-json\/wp\/v2\/comments?post=11048"}],"version-history":[{"count":3,"href":"https:\/\/muniovalle.cl\/sitio\/wp-json\/wp\/v2\/posts\/11048\/revisions"}],"predecessor-version":[{"id":11052,"href":"https:\/\/muniovalle.cl\/sitio\/wp-json\/wp\/v2\/posts\/11048\/revisions\/11052"}],"wp:featuredmedia":[{"embeddable":true,"href":"https:\/\/muniovalle.cl\/sitio\/wp-json\/wp\/v2\/media\/11049"}],"wp:attachment":[{"href":"https:\/\/muniovalle.cl\/sitio\/wp-json\/wp\/v2\/media?parent=11048"}],"wp:term":[{"taxonomy":"category","embeddable":true,"href":"https:\/\/muniovalle.cl\/sitio\/wp-json\/wp\/v2\/categories?post=11048"},{"taxonomy":"post_tag","embeddable":true,"href":"https:\/\/muniovalle.cl\/sitio\/wp-json\/wp\/v2\/tags?post=11048"}],"curies":[{"name":"wp","href":"https:\/\/api.w.org\/{rel}","templated":true}]}}