{"id":10977,"date":"2025-10-14T16:35:29","date_gmt":"2025-10-14T19:35:29","guid":{"rendered":"https:\/\/muniovalle.cl\/sitio\/?p=10977"},"modified":"2025-10-14T16:35:29","modified_gmt":"2025-10-14T19:35:29","slug":"diversas-actividades-se-desarrollaran-en-el-mes-del-adulto-mayor-en-ovalle","status":"publish","type":"post","link":"https:\/\/muniovalle.cl\/sitio\/2025\/10\/14\/diversas-actividades-se-desarrollaran-en-el-mes-del-adulto-mayor-en-ovalle\/","title":{"rendered":"Diversas actividades se desarrollar\u00e1n en el Mes del Adulto Mayor en Ovalle"},"content":{"rendered":"<p><strong><em>Dentro del programa, impulsado por el municipio de Ovalle, a trav\u00e9s de la Oficina del Adulto Mayor, se destaca una Muestra Acad\u00e9mica Art\u00edstica y Desfile de Modas, una Jornada Informativa y Saludable para Personas Mayores y la coronaci\u00f3n de la reina en la alameda de Ovalle.\u00a0<\/em><\/strong><\/p>\n<p><img fetchpriority=\"high\" decoding=\"async\" class=\"alignnone size-medium wp-image-10978\" src=\"https:\/\/muniovalle.cl\/sitio\/wp-content\/uploads\/2025\/10\/MES-DEL-ADULTO-MAYOR-3-300x169.jpg\" alt=\"\" width=\"300\" height=\"169\" srcset=\"https:\/\/muniovalle.cl\/sitio\/wp-content\/uploads\/2025\/10\/MES-DEL-ADULTO-MAYOR-3-300x169.jpg 300w, https:\/\/muniovalle.cl\/sitio\/wp-content\/uploads\/2025\/10\/MES-DEL-ADULTO-MAYOR-3-1024x576.jpg 1024w, https:\/\/muniovalle.cl\/sitio\/wp-content\/uploads\/2025\/10\/MES-DEL-ADULTO-MAYOR-3-768x432.jpg 768w, https:\/\/muniovalle.cl\/sitio\/wp-content\/uploads\/2025\/10\/MES-DEL-ADULTO-MAYOR-3-1536x864.jpg 1536w, https:\/\/muniovalle.cl\/sitio\/wp-content\/uploads\/2025\/10\/MES-DEL-ADULTO-MAYOR-3-2048x1152.jpg 2048w, https:\/\/muniovalle.cl\/sitio\/wp-content\/uploads\/2025\/10\/MES-DEL-ADULTO-MAYOR-3-500x281.jpg 500w, https:\/\/muniovalle.cl\/sitio\/wp-content\/uploads\/2025\/10\/MES-DEL-ADULTO-MAYOR-3-800x450.jpg 800w, https:\/\/muniovalle.cl\/sitio\/wp-content\/uploads\/2025\/10\/MES-DEL-ADULTO-MAYOR-3-1280x720.jpg 1280w, https:\/\/muniovalle.cl\/sitio\/wp-content\/uploads\/2025\/10\/MES-DEL-ADULTO-MAYOR-3-1920x1080.jpg 1920w\" sizes=\"(max-width: 300px) 100vw, 300px\" \/><\/p>\n<p>En el marco del <strong>Mes del Adulto Mayor<\/strong>, el municipio de Ovalle ha preparado un completo programa de actividades orientadas a celebrar y reconocer la trayectoria, energ\u00eda y aporte de las personas mayores de la comuna.<\/p>\n<p>Las celebraciones contin\u00faan el pr\u00f3ximo jueves<strong> 16 de octubre<\/strong>, desde las <strong>15:00 horas<\/strong>, con una <strong>Muestra Acad\u00e9mica Art\u00edstica y Desfile de Modas<\/strong> en el <strong>Teatro Municipal de Ovalle (TMO)<\/strong>, donde las agrupaciones de adultos mayores exhibir\u00e1n su talento, creatividad y entusiasmo.<\/p>\n<p>El <strong>viernes 17 de octubre<\/strong>, entre las <strong>10:00 y las 13:00 horas<\/strong>, se realizar\u00e1 la <strong>Tercera Jornada Informativa y Saludable para Personas Mayores<\/strong> en la <strong>Alameda de Ovalle, sector Espejo de Agua<\/strong>. En la ocasi\u00f3n, <strong>departamentos y oficinas municipales, junto a servicios p\u00fablicos<\/strong>, contar\u00e1n con stands informativos sobre los beneficios y programas disponibles para la comunidad. Adem\u00e1s, la jornada contar\u00e1 con <strong>actividades f\u00edsicas, juegos, concursos y la presencia de entidades como la Oficina de Intermediaci\u00f3n Laboral, Senda Previene, el Departamento Social, los Centros Diurnos Comunitarios<\/strong>, entre otros.<\/p>\n<p>El pr\u00f3ximo <strong>21 de octubre<\/strong> se llevar\u00e1 a cabo una <strong>Acci\u00f3n Social con visitas al Hogar de Ancianos<\/strong>, instancia que busca fortalecer los lazos comunitarios y brindar afecto y compa\u00f1\u00eda a sus residentes.<\/p>\n<p>Posteriormente, el <strong>mi\u00e9rcoles 29 de octubre<\/strong>, a partir de las <strong>15:00 horas<\/strong>, se realizar\u00e1 una <strong>Comparsa en la Plaza de Armas<\/strong>, que llenar\u00e1 de m\u00fasica, color y alegr\u00eda el centro de la ciudad. La jornada culminar\u00e1 con la esperada <strong>Coronaci\u00f3n de la Reina del Adulto Mayor<\/strong>, a las <strong>16:00 horas<\/strong> en la <strong>Alameda de Ovalle<\/strong>, como cierre del mes de celebraciones.<\/p>\n<p>El alcalde de Ovalle, <strong>H\u00e9ctor Vega Campusano<\/strong>, destac\u00f3 la relevancia de esta conmemoraci\u00f3n. \u201cNuestras personas mayores son un pilar fundamental en la construcci\u00f3n de nuestra comunidad. Queremos reconocer su experiencia, entrega y el aporte invaluable que han hecho a Ovalle. Este mes es una oportunidad para agradecerles, compartir con ellos y generar espacios donde se sientan valorados y part\u00edcipes activos de nuestra comuna\u201d. Por su parte, la encargada de la <strong>Oficina del Adulto Mayor del municipio de Ovalle<\/strong>, <strong>Kelly Marambio<\/strong>, indic\u00f3 que para este a\u00f1o \u201chemos preparado un programa con mucho cari\u00f1o, pensado en la participaci\u00f3n y bienestar de nuestros adultos mayores. Queremos que disfruten, se reencuentren y vivan momentos significativos en cada una de las actividades, porque este mes est\u00e1 dedicado a ellos\u201d.<\/p>\n<p>El municipio de Ovalle invita <strong>a todas las personas mayores a participar de estas actividades preparadas especialmente para ellas<\/strong>, en un mes dedicado a compartir, disfrutar y rendir homenaje a quienes con su experiencia y sabidur\u00eda han contribuido al desarrollo de nuestra comunidad.<\/p>\n<p>&nbsp;<\/p>\n","protected":false},"excerpt":{"rendered":"<p>Dentro del programa, impulsado por el municipio de Ovalle, a trav\u00e9s de la Oficina del Adulto Mayor, se destaca una Muestra Acad\u00e9mica Art\u00edstica y Desfile de Modas, una Jornada Informativa y Saludable para Personas Mayores y la coronaci\u00f3n de la reina en la alameda de Ovalle.\u00a0 En el marco del Mes del Adulto Mayor, el municipio de Ovalle ha preparado un completo programa de actividades orientadas a celebrar y reconocer la trayectoria, energ\u00eda y aporte de las personas mayores de la comuna. Las celebraciones contin\u00faan el pr\u00f3ximo jueves 16 de octubre, desde las 15:00 horas, con una Muestra Acad\u00e9mica Art\u00edstica y Desfile de Modas en el Teatro Municipal de Ovalle (TMO), donde las agrupaciones de adultos mayores exhibir\u00e1n su talento, creatividad y entusiasmo. El viernes 17 de octubre, entre las 10:00 y las 13:00 horas, se realizar\u00e1 la Tercera Jornada Informativa y Saludable para Personas Mayores en la Alameda de Ovalle, sector Espejo de Agua. En la ocasi\u00f3n, departamentos y oficinas municipales, junto a servicios p\u00fablicos, contar\u00e1n con stands informativos sobre los beneficios y programas disponibles para la comunidad. Adem\u00e1s, la jornada contar\u00e1 con actividades f\u00edsicas, juegos, concursos y la presencia de entidades como la Oficina de Intermediaci\u00f3n Laboral, Senda Previene, el Departamento Social, los Centros Diurnos Comunitarios, entre otros. El pr\u00f3ximo 21 de octubre se llevar\u00e1 a cabo una Acci\u00f3n Social con visitas al Hogar de Ancianos, instancia que busca fortalecer los lazos comunitarios y brindar afecto y compa\u00f1\u00eda a sus residentes. Posteriormente, el mi\u00e9rcoles 29 de octubre, a partir de las 15:00 horas, se realizar\u00e1 una Comparsa en la Plaza de Armas, que llenar\u00e1 de m\u00fasica, color y alegr\u00eda el centro de la ciudad. La jornada culminar\u00e1 con la esperada Coronaci\u00f3n de la Reina del Adulto Mayor, a las 16:00 horas en la Alameda de Ovalle, como cierre del mes de celebraciones. El alcalde de Ovalle, H\u00e9ctor Vega Campusano, destac\u00f3 la relevancia de esta conmemoraci\u00f3n. \u201cNuestras personas mayores son un pilar fundamental en la construcci\u00f3n de nuestra comunidad. Queremos reconocer su experiencia, entrega y el aporte invaluable que han hecho a Ovalle. Este mes es una oportunidad para agradecerles, compartir con ellos y generar espacios donde se sientan valorados y part\u00edcipes activos de nuestra comuna\u201d. Por su parte, la encargada de la Oficina del Adulto Mayor del municipio de Ovalle, Kelly Marambio, indic\u00f3 que para este a\u00f1o \u201chemos preparado un programa con mucho cari\u00f1o, pensado en la participaci\u00f3n y bienestar de nuestros adultos mayores. Queremos que disfruten, se reencuentren y vivan momentos significativos en cada una de las actividades, porque este mes est\u00e1 dedicado a ellos\u201d. El municipio de Ovalle invita a todas las personas mayores a participar de estas actividades preparadas especialmente para ellas, en un mes dedicado a compartir, disfrutar y rendir homenaje a quienes con su experiencia y sabidur\u00eda han contribuido al desarrollo de nuestra comunidad. &nbsp;<\/p>\n","protected":false},"author":3,"featured_media":10978,"comment_status":"closed","ping_status":"closed","sticky":false,"template":"","format":"standard","meta":{"_vp_format_video_url":"","_vp_image_focal_point":[],"footnotes":""},"categories":[61],"tags":[],"class_list":["post-10977","post","type-post","status-publish","format-standard","has-post-thumbnail","hentry","category-municipal"],"_links":{"self":[{"href":"https:\/\/muniovalle.cl\/sitio\/wp-json\/wp\/v2\/posts\/10977","targetHints":{"allow":["GET"]}}],"collection":[{"href":"https:\/\/muniovalle.cl\/sitio\/wp-json\/wp\/v2\/posts"}],"about":[{"href":"https:\/\/muniovalle.cl\/sitio\/wp-json\/wp\/v2\/types\/post"}],"author":[{"embeddable":true,"href":"https:\/\/muniovalle.cl\/sitio\/wp-json\/wp\/v2\/users\/3"}],"replies":[{"embeddable":true,"href":"https:\/\/muniovalle.cl\/sitio\/wp-json\/wp\/v2\/comments?post=10977"}],"version-history":[{"count":1,"href":"https:\/\/muniovalle.cl\/sitio\/wp-json\/wp\/v2\/posts\/10977\/revisions"}],"predecessor-version":[{"id":10979,"href":"https:\/\/muniovalle.cl\/sitio\/wp-json\/wp\/v2\/posts\/10977\/revisions\/10979"}],"wp:featuredmedia":[{"embeddable":true,"href":"https:\/\/muniovalle.cl\/sitio\/wp-json\/wp\/v2\/media\/10978"}],"wp:attachment":[{"href":"https:\/\/muniovalle.cl\/sitio\/wp-json\/wp\/v2\/media?parent=10977"}],"wp:term":[{"taxonomy":"category","embeddable":true,"href":"https:\/\/muniovalle.cl\/sitio\/wp-json\/wp\/v2\/categories?post=10977"},{"taxonomy":"post_tag","embeddable":true,"href":"https:\/\/muniovalle.cl\/sitio\/wp-json\/wp\/v2\/tags?post=10977"}],"curies":[{"name":"wp","href":"https:\/\/api.w.org\/{rel}","templated":true}]}}