{"id":10971,"date":"2025-10-13T16:38:11","date_gmt":"2025-10-13T19:38:11","guid":{"rendered":"https:\/\/muniovalle.cl\/sitio\/?p=10971"},"modified":"2025-10-13T16:38:11","modified_gmt":"2025-10-13T19:38:11","slug":"con-gran-exito-se-realizo-el-evento-motor-activando-comercial-estacion-en-ovalle","status":"publish","type":"post","link":"https:\/\/muniovalle.cl\/sitio\/2025\/10\/13\/con-gran-exito-se-realizo-el-evento-motor-activando-comercial-estacion-en-ovalle\/","title":{"rendered":"Con gran \u00e9xito se realiz\u00f3 el evento motor \u201cActivando Comercial Estaci\u00f3n\u201d en Ovalle"},"content":{"rendered":"<p><strong><em>El evento, organizado por el municipio de Ovalle, Car Fest Ovalle y el Club Conexi\u00f3n Tuerca, reuni\u00f3 a fan\u00e1ticos del mundo motor, quienes disfrutaron de autos cl\u00e1sicos, modificados y de alta gama, en un ambiente familiar.\u00a0<\/em><\/strong><\/p>\n<p><img fetchpriority=\"high\" decoding=\"async\" class=\"alignnone size-medium wp-image-10972\" src=\"https:\/\/muniovalle.cl\/sitio\/wp-content\/uploads\/2025\/10\/Car-Fest-Comercial-Estacion-300x169.jpg\" alt=\"\" width=\"300\" height=\"169\" srcset=\"https:\/\/muniovalle.cl\/sitio\/wp-content\/uploads\/2025\/10\/Car-Fest-Comercial-Estacion-300x169.jpg 300w, https:\/\/muniovalle.cl\/sitio\/wp-content\/uploads\/2025\/10\/Car-Fest-Comercial-Estacion-1024x576.jpg 1024w, https:\/\/muniovalle.cl\/sitio\/wp-content\/uploads\/2025\/10\/Car-Fest-Comercial-Estacion-768x432.jpg 768w, https:\/\/muniovalle.cl\/sitio\/wp-content\/uploads\/2025\/10\/Car-Fest-Comercial-Estacion-1536x864.jpg 1536w, https:\/\/muniovalle.cl\/sitio\/wp-content\/uploads\/2025\/10\/Car-Fest-Comercial-Estacion-2048x1152.jpg 2048w, https:\/\/muniovalle.cl\/sitio\/wp-content\/uploads\/2025\/10\/Car-Fest-Comercial-Estacion-500x281.jpg 500w, https:\/\/muniovalle.cl\/sitio\/wp-content\/uploads\/2025\/10\/Car-Fest-Comercial-Estacion-800x450.jpg 800w, https:\/\/muniovalle.cl\/sitio\/wp-content\/uploads\/2025\/10\/Car-Fest-Comercial-Estacion-1280x720.jpg 1280w, https:\/\/muniovalle.cl\/sitio\/wp-content\/uploads\/2025\/10\/Car-Fest-Comercial-Estacion-1920x1080.jpg 1920w\" sizes=\"(max-width: 300px) 100vw, 300px\" \/><\/p>\n<p><strong><em>\u00a0<\/em><\/strong>Con gran \u00e9xito se desarroll\u00f3 el evento <strong>\u201cActivando Comercial Estaci\u00f3n\u201d<\/strong>, que reuni\u00f3 a <strong>amantes de los autos y familias<\/strong>, quienes disfrutaron de una entretenida <strong>exhibici\u00f3n de veh\u00edculos modificados, cl\u00e1sicos y de alta gama<\/strong>, adem\u00e1s de <strong>m\u00fasica en vivo, espacios familiares y diversas actividades recreativas<\/strong> que le dieron vida a este centro comercial, que abri\u00f3 sus puertas el pasado 29 de agosto.<\/p>\n<p>Entre los atractivos m\u00e1s destacados, los asistentes pudieron apreciar de cerca <strong>autos cl\u00e1sicos como el Ford Galaxy<\/strong>, autom\u00f3viles deportivos de competencia y potentes sistemas de audio, todo en un <strong>ambiente familiar y seguro<\/strong>.<\/p>\n<p>Mar\u00eda Jos\u00e9 Araya, fundadora de <strong>Car Fest Ovalle<\/strong>, explic\u00f3 que la idea del evento fue \u201c<strong>realizar una exhibici\u00f3n de veh\u00edculos cl\u00e1sicos, japoneses y americanos, con el fin de atraer al p\u00fablico del mundo tuerca al Comercial Estaci\u00f3n y as\u00ed potenciar este lugar, que se est\u00e1 iniciando con sus ventas de manera m\u00e1s formal. Por eso quisimos hacer este nexo, que result\u00f3 muy bien<\/strong>\u201d. Por su parte, el presidente del <strong>Club Conexi\u00f3n Tuerca<\/strong>, Antonio Vega, se\u00f1al\u00f3 que se coordin\u00f3 \u201c<strong>con el municipio de Ovalle y Car Fest con la finalidad de apoyar al Comercial Estaci\u00f3n, incentivar el mundo motor y unir al mundo tuerca. Estamos muy contentos con la recepci\u00f3n que tuvimos de los asistentes y de los locatarios del recinto<\/strong>\u201d.<\/p>\n<p>Adem\u00e1s, los asistentes aprovecharon la oportunidad para <strong>conocer la variada oferta de locales de comida, vestuario, emprendimientos y servicios<\/strong> que ofrece el recinto, que alberga a comerciantes y emprendedores locales. Al respecto, <strong>Raquel Flores<\/strong>, locataria de Comercial Estaci\u00f3n agradeci\u00f3 la realizaci\u00f3n del evento tuerca.\u00a0 \u201c<strong>Estamos contentos, porque hubo alto flujo de gente y muy agradecidos del apoyo del municipio de Ovalle. Nos fue muy bien y tuvimos hartas ventas. Adem\u00e1s, estas instancias sirven para darnos a conocer<\/strong>\u201d.<\/p>\n<p>De igual forma, la locataria <strong>Ruth Araya afirm\u00f3 que <\/strong>e<strong>stos eventos \u201cnos permiten darnos a conocer para que las personas visiten el Comercial Estaci\u00f3n y puedan venir a nuestros locales y ver todo lo que tenemos a disposici\u00f3n de la gente<\/strong>\u201d.<\/p>\n<p>Fue una <strong>entretenida jornada que reuni\u00f3 a fan\u00e1ticos del mundo motor<\/strong>, quienes disfrutaron de diversas atracciones y sorpresas, en un <strong>ambiente de camarader\u00eda y alegr\u00eda<\/strong>. Desde la organizaci\u00f3n hicieron un balance positivo de la actividad, por lo que esta <strong>exitosa experiencia podr\u00eda repetirse en las pr\u00f3ximas semanas en Ovalle<\/strong>.<\/p>\n<p>&nbsp;<\/p>\n<p>&nbsp;<\/p>\n<p>&nbsp;<\/p>\n","protected":false},"excerpt":{"rendered":"<p>El evento, organizado por el municipio de Ovalle, Car Fest Ovalle y el Club Conexi\u00f3n Tuerca, reuni\u00f3 a fan\u00e1ticos del mundo motor, quienes disfrutaron de autos cl\u00e1sicos, modificados y de alta gama, en un ambiente familiar.\u00a0 \u00a0Con gran \u00e9xito se desarroll\u00f3 el evento \u201cActivando Comercial Estaci\u00f3n\u201d, que reuni\u00f3 a amantes de los autos y familias, quienes disfrutaron de una entretenida exhibici\u00f3n de veh\u00edculos modificados, cl\u00e1sicos y de alta gama, adem\u00e1s de m\u00fasica en vivo, espacios familiares y diversas actividades recreativas que le dieron vida a este centro comercial, que abri\u00f3 sus puertas el pasado 29 de agosto. Entre los atractivos m\u00e1s destacados, los asistentes pudieron apreciar de cerca autos cl\u00e1sicos como el Ford Galaxy, autom\u00f3viles deportivos de competencia y potentes sistemas de audio, todo en un ambiente familiar y seguro. Mar\u00eda Jos\u00e9 Araya, fundadora de Car Fest Ovalle, explic\u00f3 que la idea del evento fue \u201crealizar una exhibici\u00f3n de veh\u00edculos cl\u00e1sicos, japoneses y americanos, con el fin de atraer al p\u00fablico del mundo tuerca al Comercial Estaci\u00f3n y as\u00ed potenciar este lugar, que se est\u00e1 iniciando con sus ventas de manera m\u00e1s formal. Por eso quisimos hacer este nexo, que result\u00f3 muy bien\u201d. Por su parte, el presidente del Club Conexi\u00f3n Tuerca, Antonio Vega, se\u00f1al\u00f3 que se coordin\u00f3 \u201ccon el municipio de Ovalle y Car Fest con la finalidad de apoyar al Comercial Estaci\u00f3n, incentivar el mundo motor y unir al mundo tuerca. Estamos muy contentos con la recepci\u00f3n que tuvimos de los asistentes y de los locatarios del recinto\u201d. Adem\u00e1s, los asistentes aprovecharon la oportunidad para conocer la variada oferta de locales de comida, vestuario, emprendimientos y servicios que ofrece el recinto, que alberga a comerciantes y emprendedores locales. Al respecto, Raquel Flores, locataria de Comercial Estaci\u00f3n agradeci\u00f3 la realizaci\u00f3n del evento tuerca.\u00a0 \u201cEstamos contentos, porque hubo alto flujo de gente y muy agradecidos del apoyo del municipio de Ovalle. Nos fue muy bien y tuvimos hartas ventas. Adem\u00e1s, estas instancias sirven para darnos a conocer\u201d. De igual forma, la locataria Ruth Araya afirm\u00f3 que estos eventos \u201cnos permiten darnos a conocer para que las personas visiten el Comercial Estaci\u00f3n y puedan venir a nuestros locales y ver todo lo que tenemos a disposici\u00f3n de la gente\u201d. Fue una entretenida jornada que reuni\u00f3 a fan\u00e1ticos del mundo motor, quienes disfrutaron de diversas atracciones y sorpresas, en un ambiente de camarader\u00eda y alegr\u00eda. Desde la organizaci\u00f3n hicieron un balance positivo de la actividad, por lo que esta exitosa experiencia podr\u00eda repetirse en las pr\u00f3ximas semanas en Ovalle. &nbsp; &nbsp; &nbsp;<\/p>\n","protected":false},"author":3,"featured_media":10972,"comment_status":"closed","ping_status":"closed","sticky":false,"template":"","format":"standard","meta":{"_vp_format_video_url":"","_vp_image_focal_point":[],"footnotes":""},"categories":[61],"tags":[],"class_list":["post-10971","post","type-post","status-publish","format-standard","has-post-thumbnail","hentry","category-municipal"],"_links":{"self":[{"href":"https:\/\/muniovalle.cl\/sitio\/wp-json\/wp\/v2\/posts\/10971","targetHints":{"allow":["GET"]}}],"collection":[{"href":"https:\/\/muniovalle.cl\/sitio\/wp-json\/wp\/v2\/posts"}],"about":[{"href":"https:\/\/muniovalle.cl\/sitio\/wp-json\/wp\/v2\/types\/post"}],"author":[{"embeddable":true,"href":"https:\/\/muniovalle.cl\/sitio\/wp-json\/wp\/v2\/users\/3"}],"replies":[{"embeddable":true,"href":"https:\/\/muniovalle.cl\/sitio\/wp-json\/wp\/v2\/comments?post=10971"}],"version-history":[{"count":1,"href":"https:\/\/muniovalle.cl\/sitio\/wp-json\/wp\/v2\/posts\/10971\/revisions"}],"predecessor-version":[{"id":10973,"href":"https:\/\/muniovalle.cl\/sitio\/wp-json\/wp\/v2\/posts\/10971\/revisions\/10973"}],"wp:featuredmedia":[{"embeddable":true,"href":"https:\/\/muniovalle.cl\/sitio\/wp-json\/wp\/v2\/media\/10972"}],"wp:attachment":[{"href":"https:\/\/muniovalle.cl\/sitio\/wp-json\/wp\/v2\/media?parent=10971"}],"wp:term":[{"taxonomy":"category","embeddable":true,"href":"https:\/\/muniovalle.cl\/sitio\/wp-json\/wp\/v2\/categories?post=10971"},{"taxonomy":"post_tag","embeddable":true,"href":"https:\/\/muniovalle.cl\/sitio\/wp-json\/wp\/v2\/tags?post=10971"}],"curies":[{"name":"wp","href":"https:\/\/api.w.org\/{rel}","templated":true}]}}