{"id":10961,"date":"2025-10-07T18:21:12","date_gmt":"2025-10-07T21:21:12","guid":{"rendered":"https:\/\/muniovalle.cl\/sitio\/?p=10961"},"modified":"2025-10-07T18:21:12","modified_gmt":"2025-10-07T21:21:12","slug":"con-exito-se-realizo-el-2-seminario-intersectorial-neurodivergencias-y-ley-tea-en-el-teatro-municipal-de-ovalle","status":"publish","type":"post","link":"https:\/\/muniovalle.cl\/sitio\/2025\/10\/07\/con-exito-se-realizo-el-2-seminario-intersectorial-neurodivergencias-y-ley-tea-en-el-teatro-municipal-de-ovalle\/","title":{"rendered":"Con \u00e9xito se realiz\u00f3 el 2\u00b0 Seminario Intersectorial \u201cNeurodivergencias y Ley TEA\u201d en el Teatro Municipal de Ovalle"},"content":{"rendered":"<p>La jornada reuni\u00f3 a profesionales de salud, educaci\u00f3n y comunidad para fortalecer el trabajo intersectorial en la promoci\u00f3n, prevenci\u00f3n y tratamiento en salud mental, con \u00e9nfasis en la inclusi\u00f3n y comprensi\u00f3n de las neurodivergencias.<\/p>\n<p><img fetchpriority=\"high\" decoding=\"async\" class=\"alignnone size-medium wp-image-10962\" src=\"https:\/\/muniovalle.cl\/sitio\/wp-content\/uploads\/2025\/10\/Seminario-300x169.jpg\" alt=\"\" width=\"300\" height=\"169\" srcset=\"https:\/\/muniovalle.cl\/sitio\/wp-content\/uploads\/2025\/10\/Seminario-300x169.jpg 300w, https:\/\/muniovalle.cl\/sitio\/wp-content\/uploads\/2025\/10\/Seminario-1024x576.jpg 1024w, https:\/\/muniovalle.cl\/sitio\/wp-content\/uploads\/2025\/10\/Seminario-768x432.jpg 768w, https:\/\/muniovalle.cl\/sitio\/wp-content\/uploads\/2025\/10\/Seminario-1536x864.jpg 1536w, https:\/\/muniovalle.cl\/sitio\/wp-content\/uploads\/2025\/10\/Seminario-2048x1152.jpg 2048w, https:\/\/muniovalle.cl\/sitio\/wp-content\/uploads\/2025\/10\/Seminario-500x281.jpg 500w, https:\/\/muniovalle.cl\/sitio\/wp-content\/uploads\/2025\/10\/Seminario-800x450.jpg 800w, https:\/\/muniovalle.cl\/sitio\/wp-content\/uploads\/2025\/10\/Seminario-1280x720.jpg 1280w, https:\/\/muniovalle.cl\/sitio\/wp-content\/uploads\/2025\/10\/Seminario-1920x1080.jpg 1920w\" sizes=\"(max-width: 300px) 100vw, 300px\" \/><\/p>\n<p>El <strong>Teatro Municipal de Ovalle<\/strong> fue el escenario del <strong>2\u00b0 Seminario Intersectorial \u201cNeurodivergencias y Ley TEA\u201d<\/strong>, una instancia dirigida a equipos de salud, docentes y comunidad en general. La actividad fue organizada en colaboraci\u00f3n entre el <strong>Departamento de Salud Municipal<\/strong> y la <strong>Oficina Local de la Ni\u00f1ez (OLN)<\/strong>, con el prop\u00f3sito de fortalecer el trabajo intersectorial y promover una mirada m\u00e1s inclusiva en torno a las distintas formas en que las personas procesan la informaci\u00f3n, en el marco de la implementaci\u00f3n de la Ley TEA.<\/p>\n<p>Natalia Telchi, <strong>psic\u00f3loga referente comunal del Programa de Salud Mental <\/strong>y una de las organizadoras del seminario, explic\u00f3 que \u201ceste seminario tiene por objetivo visibilizar las neurodivergencias en general, pero se est\u00e1 profundizando en la tem\u00e1tica del Trastorno del Espectro Autista, dado a la Ley TEA, y que en definitiva las neurodivergencias, si bien no todas representan un trastorno propiamente tal, s\u00ed representan algunas exigencias a las personas neurot\u00edpicas al desenvolverse d\u00eda a d\u00eda. Y esa es nuestra expectativa: hacer que nuestra comunidad sea m\u00e1s tolerante y que contribuya a la adaptaci\u00f3n de los espacios\u201d.<\/p>\n<p>Por su parte, <strong>Camila Recabal, terapeuta ocupacional de la Unidad de Neurolog\u00eda del Hospital Provincial de Ovalle y una de las expositoras del seminario<\/strong>, se\u00f1al\u00f3 que \u201ces muy importante que estos espacios se den para ir derribando algunos mitos que hay, poder ir desinformando y, en el fondo, quitarle el estigma a lo que es la neurodivergencia propiamente tal. La neurodivergencia no es sin\u00f3nimo de un diagn\u00f3stico o de una enfermedad, tiene que ver con c\u00f3mo todas las personas procesamos la informaci\u00f3n de distintas maneras, con distintos modos de funcionamiento cerebral. En el fondo, hablar de neurodiversidad es darle la importancia y la relevancia a que todos somos diversos, que todos funcionamos de distinta manera y que todos contribuimos de cierto modo a que funcionemos como estamos. No hay un cerebro m\u00e1s importante que otro\u201d.<\/p>\n<p>Desde el \u00e1mbito educativo, <strong>Eliana Cuello, jefa de UTP del Liceo Estela \u00c1vila Molina y participante del seminario<\/strong>, destac\u00f3 que \u201cpara nosotros como establecimiento necesitamos prepararnos mejor y tener mejores herramientas para atender a nuestra poblaci\u00f3n de estudiantes autistas, que ha ido aumentando considerablemente. Adem\u00e1s, no todos nos sentimos preparados en la atenci\u00f3n y frente a la demanda de los padres por apoyar a los estudiantes con distintos requerimientos, porque cada ni\u00f1o autista es un mundo. Entonces necesitamos saber con qu\u00e9 herramientas contamos, cu\u00e1les podemos aprender, y aqu\u00ed tambi\u00e9n tengo presente al equipo PIE del establecimiento, entonces estamos todos atentos a saber m\u00e1s\u201d.<\/p>\n<p>El Seminario Intersectorial finaliz\u00f3 como un espacio de aprendizaje y reflexi\u00f3n, cuyo objetivo es fortalecer el trabajo conjunto entre salud, educaci\u00f3n y comunidad. La jornada promovi\u00f3 la comprensi\u00f3n, el respeto y el acompa\u00f1amiento hacia las personas neurodivergentes, evidenciando que comprenderlas no solo implica adquirir conocimientos, sino tambi\u00e9n abrir la mente y el coraz\u00f3n para acompa\u00f1ar desde la empat\u00eda y valorar las distintas formas de ser y aprender. Este encuentro tambi\u00e9n hizo un llamado a construir entornos m\u00e1s inclusivos y emp\u00e1ticos, donde todas las personas puedan desarrollarse plenamente.<\/p>\n<p>&nbsp;<\/p>\n","protected":false},"excerpt":{"rendered":"<p>La jornada reuni\u00f3 a profesionales de salud, educaci\u00f3n y comunidad para fortalecer el trabajo intersectorial en la promoci\u00f3n, prevenci\u00f3n y tratamiento en salud mental, con \u00e9nfasis en la inclusi\u00f3n y comprensi\u00f3n de las neurodivergencias. El Teatro Municipal de Ovalle fue el escenario del 2\u00b0 Seminario Intersectorial \u201cNeurodivergencias y Ley TEA\u201d, una instancia dirigida a equipos de salud, docentes y comunidad en general. La actividad fue organizada en colaboraci\u00f3n entre el Departamento de Salud Municipal y la Oficina Local de la Ni\u00f1ez (OLN), con el prop\u00f3sito de fortalecer el trabajo intersectorial y promover una mirada m\u00e1s inclusiva en torno a las distintas formas en que las personas procesan la informaci\u00f3n, en el marco de la implementaci\u00f3n de la Ley TEA. Natalia Telchi, psic\u00f3loga referente comunal del Programa de Salud Mental y una de las organizadoras del seminario, explic\u00f3 que \u201ceste seminario tiene por objetivo visibilizar las neurodivergencias en general, pero se est\u00e1 profundizando en la tem\u00e1tica del Trastorno del Espectro Autista, dado a la Ley TEA, y que en definitiva las neurodivergencias, si bien no todas representan un trastorno propiamente tal, s\u00ed representan algunas exigencias a las personas neurot\u00edpicas al desenvolverse d\u00eda a d\u00eda. Y esa es nuestra expectativa: hacer que nuestra comunidad sea m\u00e1s tolerante y que contribuya a la adaptaci\u00f3n de los espacios\u201d. Por su parte, Camila Recabal, terapeuta ocupacional de la Unidad de Neurolog\u00eda del Hospital Provincial de Ovalle y una de las expositoras del seminario, se\u00f1al\u00f3 que \u201ces muy importante que estos espacios se den para ir derribando algunos mitos que hay, poder ir desinformando y, en el fondo, quitarle el estigma a lo que es la neurodivergencia propiamente tal. La neurodivergencia no es sin\u00f3nimo de un diagn\u00f3stico o de una enfermedad, tiene que ver con c\u00f3mo todas las personas procesamos la informaci\u00f3n de distintas maneras, con distintos modos de funcionamiento cerebral. En el fondo, hablar de neurodiversidad es darle la importancia y la relevancia a que todos somos diversos, que todos funcionamos de distinta manera y que todos contribuimos de cierto modo a que funcionemos como estamos. No hay un cerebro m\u00e1s importante que otro\u201d. Desde el \u00e1mbito educativo, Eliana Cuello, jefa de UTP del Liceo Estela \u00c1vila Molina y participante del seminario, destac\u00f3 que \u201cpara nosotros como establecimiento necesitamos prepararnos mejor y tener mejores herramientas para atender a nuestra poblaci\u00f3n de estudiantes autistas, que ha ido aumentando considerablemente. Adem\u00e1s, no todos nos sentimos preparados en la atenci\u00f3n y frente a la demanda de los padres por apoyar a los estudiantes con distintos requerimientos, porque cada ni\u00f1o autista es un mundo. Entonces necesitamos saber con qu\u00e9 herramientas contamos, cu\u00e1les podemos aprender, y aqu\u00ed tambi\u00e9n tengo presente al equipo PIE del establecimiento, entonces estamos todos atentos a saber m\u00e1s\u201d. El Seminario Intersectorial finaliz\u00f3 como un espacio de aprendizaje y reflexi\u00f3n, cuyo objetivo es fortalecer el trabajo conjunto entre salud, educaci\u00f3n y comunidad. La jornada promovi\u00f3 la comprensi\u00f3n, el respeto y el acompa\u00f1amiento hacia las personas neurodivergentes, evidenciando que comprenderlas no solo implica adquirir conocimientos, sino tambi\u00e9n abrir la mente y el coraz\u00f3n para acompa\u00f1ar desde la empat\u00eda y valorar las distintas formas de ser y aprender. Este encuentro tambi\u00e9n hizo un llamado a construir entornos m\u00e1s inclusivos y emp\u00e1ticos, donde todas las personas puedan desarrollarse plenamente. &nbsp;<\/p>\n","protected":false},"author":3,"featured_media":10962,"comment_status":"closed","ping_status":"closed","sticky":false,"template":"","format":"standard","meta":{"_vp_format_video_url":"","_vp_image_focal_point":[],"footnotes":""},"categories":[61],"tags":[],"class_list":["post-10961","post","type-post","status-publish","format-standard","has-post-thumbnail","hentry","category-municipal"],"_links":{"self":[{"href":"https:\/\/muniovalle.cl\/sitio\/wp-json\/wp\/v2\/posts\/10961","targetHints":{"allow":["GET"]}}],"collection":[{"href":"https:\/\/muniovalle.cl\/sitio\/wp-json\/wp\/v2\/posts"}],"about":[{"href":"https:\/\/muniovalle.cl\/sitio\/wp-json\/wp\/v2\/types\/post"}],"author":[{"embeddable":true,"href":"https:\/\/muniovalle.cl\/sitio\/wp-json\/wp\/v2\/users\/3"}],"replies":[{"embeddable":true,"href":"https:\/\/muniovalle.cl\/sitio\/wp-json\/wp\/v2\/comments?post=10961"}],"version-history":[{"count":1,"href":"https:\/\/muniovalle.cl\/sitio\/wp-json\/wp\/v2\/posts\/10961\/revisions"}],"predecessor-version":[{"id":10963,"href":"https:\/\/muniovalle.cl\/sitio\/wp-json\/wp\/v2\/posts\/10961\/revisions\/10963"}],"wp:featuredmedia":[{"embeddable":true,"href":"https:\/\/muniovalle.cl\/sitio\/wp-json\/wp\/v2\/media\/10962"}],"wp:attachment":[{"href":"https:\/\/muniovalle.cl\/sitio\/wp-json\/wp\/v2\/media?parent=10961"}],"wp:term":[{"taxonomy":"category","embeddable":true,"href":"https:\/\/muniovalle.cl\/sitio\/wp-json\/wp\/v2\/categories?post=10961"},{"taxonomy":"post_tag","embeddable":true,"href":"https:\/\/muniovalle.cl\/sitio\/wp-json\/wp\/v2\/tags?post=10961"}],"curies":[{"name":"wp","href":"https:\/\/api.w.org\/{rel}","templated":true}]}}