{"id":10958,"date":"2025-10-07T18:11:50","date_gmt":"2025-10-07T21:11:50","guid":{"rendered":"https:\/\/muniovalle.cl\/sitio\/?p=10958"},"modified":"2025-10-07T18:11:50","modified_gmt":"2025-10-07T21:11:50","slug":"la-ovallina-belen-araya-logra-historica-medalla-de-bronce-mundial-en-japon","status":"publish","type":"post","link":"https:\/\/muniovalle.cl\/sitio\/2025\/10\/07\/la-ovallina-belen-araya-logra-historica-medalla-de-bronce-mundial-en-japon\/","title":{"rendered":"La ovallina Bel\u00e9n Araya logra hist\u00f3rica medalla de bronce mundial en Jap\u00f3n\u00a0"},"content":{"rendered":"<p><i><b>La karateca \u00a0obtuvo el tercer lugar en su categor\u00eda en la 1\u00aa Copa Mundial de Karate de Kyokushin. El\u00edas Araya, padre de la deportista que este mi\u00e9rcoles 8 de Octubre emprende el regreso a Chile, destac\u00f3 el apoyo del Municipio de Ovalle y el Gobierno Regional.<\/b><\/i><\/p>\n<p><img fetchpriority=\"high\" decoding=\"async\" class=\"alignnone size-medium wp-image-10959\" src=\"https:\/\/muniovalle.cl\/sitio\/wp-content\/uploads\/2025\/10\/Belen-Araya-267x300.jpeg\" alt=\"\" width=\"267\" height=\"300\" srcset=\"https:\/\/muniovalle.cl\/sitio\/wp-content\/uploads\/2025\/10\/Belen-Araya-267x300.jpeg 267w, https:\/\/muniovalle.cl\/sitio\/wp-content\/uploads\/2025\/10\/Belen-Araya-768x864.jpeg 768w, https:\/\/muniovalle.cl\/sitio\/wp-content\/uploads\/2025\/10\/Belen-Araya-500x562.jpeg 500w, https:\/\/muniovalle.cl\/sitio\/wp-content\/uploads\/2025\/10\/Belen-Araya-800x900.jpeg 800w, https:\/\/muniovalle.cl\/sitio\/wp-content\/uploads\/2025\/10\/Belen-Araya.jpeg 810w\" sizes=\"(max-width: 267px) 100vw, 267px\" \/><\/p>\n<p>La comuna de Ovalle celebra con orgullo la medalla de bronce obtenida por la karateca ovallina Bel\u00e9n Araya, durante el 1\u00aa Copa Mundial de Karate de Kyokushin realizado en Tokio, Jap\u00f3n. Este hito deportivo internacional fue posible gracias al esfuerzo y disciplina de la atleta, sumado al apoyo del Municipio de Ovalle y el Gobierno Regional de Coquimbo.<\/p>\n<p><b>El camino al podio y el factor \u00ablocal\u00eda\u00bb<br \/>\n<\/b>La destacada participaci\u00f3n de Bel\u00e9n Araya en el certamen mundial la posicion\u00f3 entre las mejores del mundo, demostrando el potencial del talento local. El\u00edas Araya, padre de la deportista, expres\u00f3 el sentir familiar y el an\u00e1lisis de la competencia.<br \/>\n\u201cLa verdad que ha sido un orgullo grande. Estaba conversando con Bel\u00e9n despu\u00e9s de su \u00faltima pelea y lo importante es que ella iba al primer lugar, a ser campeona. Pero qued\u00f3 muy contenta con el resultado porque en la \u00faltima pelea, para pasar a disputar el tercer lugar, la perdi\u00f3 solamente por puntos, la cual se not\u00f3 mucho la local\u00eda en Jap\u00f3n, porque le toc\u00f3 realmente con una japonesa, una local,\u00bb detall\u00f3 Araya.<br \/>\nEl padre de la karateca confirm\u00f3 que, aunque inicialmente hubo \u201cun baj\u00f3n\u00bb por no alcanzar el oro, Bel\u00e9n ya mira hacia el futuro, \u00abreforzando su preparaci\u00f3n con seminarios y t\u00e9cnicas japonesas para su pr\u00f3ximo gran desaf\u00edo: la Copa Am\u00e9rica en noviembre\u00bb.<br \/>\nEl viaje de Bel\u00e9n Araya a Jap\u00f3n sirvi\u00f3 como un ejemplo claro de lo que se puede lograr cuando existe un apoyo institucional. El\u00edas Araya fue enf\u00e1tico en resaltar esta colaboraci\u00f3n. \u201cSi no hubiera sido por el apoyo municipal y del Gobierno Regional, Bel\u00e9n no hubiera podido asistir al campeonato mundial porque los costos para viajar a Jap\u00f3n son alt\u00edsimos&#8230; Gracias al municipio, y yo siempre lo he dicho, y tambi\u00e9n al Gobierno Regional, Bel\u00e9n pudo llegar y esperando que as\u00ed tambi\u00e9n sea, con todos los otros deportistas, porque tenemos tanto deportista bueno, y por falta de apoyo econ\u00f3mico, no han podido dejar a Ovalle o a Chile, en lo m\u00e1s alto. Aqu\u00ed se ha demostrado que en conjunto con la municipalidad y el gobierno, se pudo lograr este tercer lugar.\u201d<br \/>\nEl alcalde de Ovalle, H\u00e9ctor Vega Campusano, celebr\u00f3 el logro de Bel\u00e9n Araya, destacando que el apoyo a este tipo de talentos es un pilar de su gesti\u00f3n, que busca potenciar las diferentes pr\u00e1cticas deportivas, desde el karate hasta el f\u00fatbol amateur.<br \/>\nEn este contexto, la autoridad comunal se refiri\u00f3 al crucial trabajo en materia de infraestructura deportiva que tiene como objetivo la administraci\u00f3n que lidera. \u201cLa medalla de Bel\u00e9n nos confirma que en Ovalle hay talento de clase mundial. Para nuestra administraci\u00f3n es vital potenciar todas las pr\u00e1cticas deportivas. En ese sentido, el trabajo que estamos realizando desde hace alrededor de 10 meses, ya hemos obtenido la Recomendaci\u00f3n Satisfactoria (RS) para dos proyectos de complejos deportivos que van en directo beneficio de la Academia Municipal de F\u00fatbol y para la Asociaci\u00f3n de F\u00fatbol Amateur de Ovalle, con una inversi\u00f3n de m\u00e1s de 5400 millones de pesos, ambos ubicados en el sector de la Costanera, fortaleciendo as\u00ed los espacios para el deporte masivo y de calidad\u201d.<\/p>\n<div>La karateca ovallina, Bel\u00e9n Araya, tomar\u00e1 el vuelo de regreso a nuestro pa\u00eds este mi\u00e9rcoles 08 y su arribo a Chile est\u00e1 previsto para el jueves 09 de octubre, tras lo cual deber\u00e1 continuar con su preparaci\u00f3n para los desaf\u00edos que \u00a0enfrentar\u00e1 en el corto plazo.<\/div>\n<div><\/div>\n","protected":false},"excerpt":{"rendered":"<p>La karateca \u00a0obtuvo el tercer lugar en su categor\u00eda en la 1\u00aa Copa Mundial de Karate de Kyokushin. El\u00edas Araya, padre de la deportista que este mi\u00e9rcoles 8 de Octubre emprende el regreso a Chile, destac\u00f3 el apoyo del Municipio de Ovalle y el Gobierno Regional. La comuna de Ovalle celebra con orgullo la medalla de bronce obtenida por la karateca ovallina Bel\u00e9n Araya, durante el 1\u00aa Copa Mundial de Karate de Kyokushin realizado en Tokio, Jap\u00f3n. Este hito deportivo internacional fue posible gracias al esfuerzo y disciplina de la atleta, sumado al apoyo del Municipio de Ovalle y el Gobierno Regional de Coquimbo. El camino al podio y el factor \u00ablocal\u00eda\u00bb La destacada participaci\u00f3n de Bel\u00e9n Araya en el certamen mundial la posicion\u00f3 entre las mejores del mundo, demostrando el potencial del talento local. El\u00edas Araya, padre de la deportista, expres\u00f3 el sentir familiar y el an\u00e1lisis de la competencia. \u201cLa verdad que ha sido un orgullo grande. Estaba conversando con Bel\u00e9n despu\u00e9s de su \u00faltima pelea y lo importante es que ella iba al primer lugar, a ser campeona. Pero qued\u00f3 muy contenta con el resultado porque en la \u00faltima pelea, para pasar a disputar el tercer lugar, la perdi\u00f3 solamente por puntos, la cual se not\u00f3 mucho la local\u00eda en Jap\u00f3n, porque le toc\u00f3 realmente con una japonesa, una local,\u00bb detall\u00f3 Araya. El padre de la karateca confirm\u00f3 que, aunque inicialmente hubo \u201cun baj\u00f3n\u00bb por no alcanzar el oro, Bel\u00e9n ya mira hacia el futuro, \u00abreforzando su preparaci\u00f3n con seminarios y t\u00e9cnicas japonesas para su pr\u00f3ximo gran desaf\u00edo: la Copa Am\u00e9rica en noviembre\u00bb. El viaje de Bel\u00e9n Araya a Jap\u00f3n sirvi\u00f3 como un ejemplo claro de lo que se puede lograr cuando existe un apoyo institucional. El\u00edas Araya fue enf\u00e1tico en resaltar esta colaboraci\u00f3n. \u201cSi no hubiera sido por el apoyo municipal y del Gobierno Regional, Bel\u00e9n no hubiera podido asistir al campeonato mundial porque los costos para viajar a Jap\u00f3n son alt\u00edsimos&#8230; Gracias al municipio, y yo siempre lo he dicho, y tambi\u00e9n al Gobierno Regional, Bel\u00e9n pudo llegar y esperando que as\u00ed tambi\u00e9n sea, con todos los otros deportistas, porque tenemos tanto deportista bueno, y por falta de apoyo econ\u00f3mico, no han podido dejar a Ovalle o a Chile, en lo m\u00e1s alto. Aqu\u00ed se ha demostrado que en conjunto con la municipalidad y el gobierno, se pudo lograr este tercer lugar.\u201d El alcalde de Ovalle, H\u00e9ctor Vega Campusano, celebr\u00f3 el logro de Bel\u00e9n Araya, destacando que el apoyo a este tipo de talentos es un pilar de su gesti\u00f3n, que busca potenciar las diferentes pr\u00e1cticas deportivas, desde el karate hasta el f\u00fatbol amateur. En este contexto, la autoridad comunal se refiri\u00f3 al crucial trabajo en materia de infraestructura deportiva que tiene como objetivo la administraci\u00f3n que lidera. \u201cLa medalla de Bel\u00e9n nos confirma que en Ovalle hay talento de clase mundial. Para nuestra administraci\u00f3n es vital potenciar todas las pr\u00e1cticas deportivas. En ese sentido, el trabajo que estamos realizando desde hace alrededor de 10 meses, ya hemos obtenido la Recomendaci\u00f3n Satisfactoria (RS) para dos proyectos de complejos deportivos que van en directo beneficio de la Academia Municipal de F\u00fatbol y para la Asociaci\u00f3n de F\u00fatbol Amateur de Ovalle, con una inversi\u00f3n de m\u00e1s de 5400 millones de pesos, ambos ubicados en el sector de la Costanera, fortaleciendo as\u00ed los espacios para el deporte masivo y de calidad\u201d. La karateca ovallina, Bel\u00e9n Araya, tomar\u00e1 el vuelo de regreso a nuestro pa\u00eds este mi\u00e9rcoles 08 y su arribo a Chile est\u00e1 previsto para el jueves 09 de octubre, tras lo cual deber\u00e1 continuar con su preparaci\u00f3n para los desaf\u00edos que \u00a0enfrentar\u00e1 en el corto plazo.<\/p>\n","protected":false},"author":3,"featured_media":10959,"comment_status":"closed","ping_status":"closed","sticky":false,"template":"","format":"standard","meta":{"_vp_format_video_url":"","_vp_image_focal_point":[],"footnotes":""},"categories":[61],"tags":[],"class_list":["post-10958","post","type-post","status-publish","format-standard","has-post-thumbnail","hentry","category-municipal"],"_links":{"self":[{"href":"https:\/\/muniovalle.cl\/sitio\/wp-json\/wp\/v2\/posts\/10958","targetHints":{"allow":["GET"]}}],"collection":[{"href":"https:\/\/muniovalle.cl\/sitio\/wp-json\/wp\/v2\/posts"}],"about":[{"href":"https:\/\/muniovalle.cl\/sitio\/wp-json\/wp\/v2\/types\/post"}],"author":[{"embeddable":true,"href":"https:\/\/muniovalle.cl\/sitio\/wp-json\/wp\/v2\/users\/3"}],"replies":[{"embeddable":true,"href":"https:\/\/muniovalle.cl\/sitio\/wp-json\/wp\/v2\/comments?post=10958"}],"version-history":[{"count":1,"href":"https:\/\/muniovalle.cl\/sitio\/wp-json\/wp\/v2\/posts\/10958\/revisions"}],"predecessor-version":[{"id":10960,"href":"https:\/\/muniovalle.cl\/sitio\/wp-json\/wp\/v2\/posts\/10958\/revisions\/10960"}],"wp:featuredmedia":[{"embeddable":true,"href":"https:\/\/muniovalle.cl\/sitio\/wp-json\/wp\/v2\/media\/10959"}],"wp:attachment":[{"href":"https:\/\/muniovalle.cl\/sitio\/wp-json\/wp\/v2\/media?parent=10958"}],"wp:term":[{"taxonomy":"category","embeddable":true,"href":"https:\/\/muniovalle.cl\/sitio\/wp-json\/wp\/v2\/categories?post=10958"},{"taxonomy":"post_tag","embeddable":true,"href":"https:\/\/muniovalle.cl\/sitio\/wp-json\/wp\/v2\/tags?post=10958"}],"curies":[{"name":"wp","href":"https:\/\/api.w.org\/{rel}","templated":true}]}}