{"id":10904,"date":"2025-09-26T16:02:27","date_gmt":"2025-09-26T19:02:27","guid":{"rendered":"https:\/\/muniovalle.cl\/sitio\/?p=10904"},"modified":"2025-09-26T16:02:27","modified_gmt":"2025-09-26T19:02:27","slug":"adultos-mayores-de-ovalle-celebraron-las-fiestas-patrias-con-una-fonda-mayor","status":"publish","type":"post","link":"https:\/\/muniovalle.cl\/sitio\/2025\/09\/26\/adultos-mayores-de-ovalle-celebraron-las-fiestas-patrias-con-una-fonda-mayor\/","title":{"rendered":"Adultos mayores de Ovalle celebraron las Fiestas Patrias con una \u00abFonda Mayor\u00bb"},"content":{"rendered":"<p><i>Con baile, m\u00fasica y tradiciones chilenas, el centro de salud familiar de la Poblaci\u00f3n Fray Jorge, relev\u00f3 la importancia de la socializaci\u00f3n y la alegr\u00eda para su bienestar.<\/i><\/p>\n<p><i><img fetchpriority=\"high\" decoding=\"async\" class=\"alignnone size-medium wp-image-10905\" src=\"https:\/\/muniovalle.cl\/sitio\/wp-content\/uploads\/2025\/09\/1000050365-300x225.jpg\" alt=\"\" width=\"300\" height=\"225\" srcset=\"https:\/\/muniovalle.cl\/sitio\/wp-content\/uploads\/2025\/09\/1000050365-300x225.jpg 300w, https:\/\/muniovalle.cl\/sitio\/wp-content\/uploads\/2025\/09\/1000050365-1024x768.jpg 1024w, https:\/\/muniovalle.cl\/sitio\/wp-content\/uploads\/2025\/09\/1000050365-768x576.jpg 768w, https:\/\/muniovalle.cl\/sitio\/wp-content\/uploads\/2025\/09\/1000050365-1536x1152.jpg 1536w, https:\/\/muniovalle.cl\/sitio\/wp-content\/uploads\/2025\/09\/1000050365-500x375.jpg 500w, https:\/\/muniovalle.cl\/sitio\/wp-content\/uploads\/2025\/09\/1000050365-800x600.jpg 800w, https:\/\/muniovalle.cl\/sitio\/wp-content\/uploads\/2025\/09\/1000050365-1280x960.jpg 1280w, https:\/\/muniovalle.cl\/sitio\/wp-content\/uploads\/2025\/09\/1000050365.jpg 1600w\" sizes=\"(max-width: 300px) 100vw, 300px\" \/><\/i><br \/>\nEl esp\u00edritu de las Fiestas Patrias se hizo sentir en el CESFAM Fray Jorge, que organiz\u00f3 una exitosa \u00abFonda Mayor\u00bb para los clubes de adultos mayores de la comuna. La actividad, realizada en el Parque de la Salud, fue un espacio para que los asistentes disfrutaran de la m\u00fasica, el baile y las tradiciones chilenas.<\/p>\n<p>El evento se llev\u00f3 a cabo con el apoyo del programa M\u00e1s Adultos Mayores Autovalentes, y busca fomentar la integraci\u00f3n y la socializaci\u00f3n de este grupo etario. Jocelyn Belaunde, encargada de Participaci\u00f3n y Promoci\u00f3n del CESFAM, destac\u00f3 que el objetivo era ofrecer una jornada de alegr\u00eda y tradici\u00f3n. \u00abHoy estamos celebrando las Fiestas Patrias junto a clubes de adultos mayores y contamos con el apoyo de agrupaciones folcl\u00f3ricas\u00bb, coment\u00f3.<\/p>\n<p>La fonda cont\u00f3 con un variado repertorio musical de agrupaciones locales como Rai Mapu, el Conjunto Folcl\u00f3rico Magisterio y otros talentos de la zona, que animaron la jornada con canciones y bailes tradicionales. Los asistentes disfrutaron de las presentaciones y tuvieron la oportunidad de bailar y compartir, creando un ambiente de comunidad y celebraci\u00f3n.<\/p>\n<p>Delicia Fern\u00e1ndez, presidenta del Club de Adulto Mayor Jacarand\u00e1, expres\u00f3 su satisfacci\u00f3n. \u00abMuy bueno para nosotros los adultos mayores, es una actividad bonita, entretenida y tenemos la oportunidad de bailar y compartir con otras personas mayores\u00bb, afirm\u00f3 la dirigente.<\/p>\n<p>La jornada fue un claro ejemplo de la importancia de mantener activos y conectados a los adultos mayores, promoviendo espacios de encuentro que enriquecen su calidad de vida y fortalecen los lazos comunitarios.<\/p>\n","protected":false},"excerpt":{"rendered":"<p>Con baile, m\u00fasica y tradiciones chilenas, el centro de salud familiar de la Poblaci\u00f3n Fray Jorge, relev\u00f3 la importancia de la socializaci\u00f3n y la alegr\u00eda para su bienestar. El esp\u00edritu de las Fiestas Patrias se hizo sentir en el CESFAM Fray Jorge, que organiz\u00f3 una exitosa \u00abFonda Mayor\u00bb para los clubes de adultos mayores de la comuna. La actividad, realizada en el Parque de la Salud, fue un espacio para que los asistentes disfrutaran de la m\u00fasica, el baile y las tradiciones chilenas. El evento se llev\u00f3 a cabo con el apoyo del programa M\u00e1s Adultos Mayores Autovalentes, y busca fomentar la integraci\u00f3n y la socializaci\u00f3n de este grupo etario. Jocelyn Belaunde, encargada de Participaci\u00f3n y Promoci\u00f3n del CESFAM, destac\u00f3 que el objetivo era ofrecer una jornada de alegr\u00eda y tradici\u00f3n. \u00abHoy estamos celebrando las Fiestas Patrias junto a clubes de adultos mayores y contamos con el apoyo de agrupaciones folcl\u00f3ricas\u00bb, coment\u00f3. La fonda cont\u00f3 con un variado repertorio musical de agrupaciones locales como Rai Mapu, el Conjunto Folcl\u00f3rico Magisterio y otros talentos de la zona, que animaron la jornada con canciones y bailes tradicionales. Los asistentes disfrutaron de las presentaciones y tuvieron la oportunidad de bailar y compartir, creando un ambiente de comunidad y celebraci\u00f3n. Delicia Fern\u00e1ndez, presidenta del Club de Adulto Mayor Jacarand\u00e1, expres\u00f3 su satisfacci\u00f3n. \u00abMuy bueno para nosotros los adultos mayores, es una actividad bonita, entretenida y tenemos la oportunidad de bailar y compartir con otras personas mayores\u00bb, afirm\u00f3 la dirigente. La jornada fue un claro ejemplo de la importancia de mantener activos y conectados a los adultos mayores, promoviendo espacios de encuentro que enriquecen su calidad de vida y fortalecen los lazos comunitarios.<\/p>\n","protected":false},"author":3,"featured_media":10906,"comment_status":"closed","ping_status":"closed","sticky":false,"template":"","format":"standard","meta":{"_vp_format_video_url":"","_vp_image_focal_point":[],"footnotes":""},"categories":[61],"tags":[],"class_list":["post-10904","post","type-post","status-publish","format-standard","has-post-thumbnail","hentry","category-municipal"],"_links":{"self":[{"href":"https:\/\/muniovalle.cl\/sitio\/wp-json\/wp\/v2\/posts\/10904","targetHints":{"allow":["GET"]}}],"collection":[{"href":"https:\/\/muniovalle.cl\/sitio\/wp-json\/wp\/v2\/posts"}],"about":[{"href":"https:\/\/muniovalle.cl\/sitio\/wp-json\/wp\/v2\/types\/post"}],"author":[{"embeddable":true,"href":"https:\/\/muniovalle.cl\/sitio\/wp-json\/wp\/v2\/users\/3"}],"replies":[{"embeddable":true,"href":"https:\/\/muniovalle.cl\/sitio\/wp-json\/wp\/v2\/comments?post=10904"}],"version-history":[{"count":1,"href":"https:\/\/muniovalle.cl\/sitio\/wp-json\/wp\/v2\/posts\/10904\/revisions"}],"predecessor-version":[{"id":10907,"href":"https:\/\/muniovalle.cl\/sitio\/wp-json\/wp\/v2\/posts\/10904\/revisions\/10907"}],"wp:featuredmedia":[{"embeddable":true,"href":"https:\/\/muniovalle.cl\/sitio\/wp-json\/wp\/v2\/media\/10906"}],"wp:attachment":[{"href":"https:\/\/muniovalle.cl\/sitio\/wp-json\/wp\/v2\/media?parent=10904"}],"wp:term":[{"taxonomy":"category","embeddable":true,"href":"https:\/\/muniovalle.cl\/sitio\/wp-json\/wp\/v2\/categories?post=10904"},{"taxonomy":"post_tag","embeddable":true,"href":"https:\/\/muniovalle.cl\/sitio\/wp-json\/wp\/v2\/tags?post=10904"}],"curies":[{"name":"wp","href":"https:\/\/api.w.org\/{rel}","templated":true}]}}