{"id":10797,"date":"2025-09-12T17:18:08","date_gmt":"2025-09-12T20:18:08","guid":{"rendered":"https:\/\/muniovalle.cl\/sitio\/?p=10797"},"modified":"2025-09-12T17:18:08","modified_gmt":"2025-09-12T20:18:08","slug":"el-proximo-jueves-18-de-septiembre-se-inaugura-la-fonda-los-penones-en-ovalle","status":"publish","type":"post","link":"https:\/\/muniovalle.cl\/sitio\/2025\/09\/12\/el-proximo-jueves-18-de-septiembre-se-inaugura-la-fonda-los-penones-en-ovalle\/","title":{"rendered":"El pr\u00f3ximo jueves 18 de septiembre se inaugura la Fonda Los Pe\u00f1ones en Ovalle"},"content":{"rendered":"<p><strong><em>El municipio de Ovalle organiz\u00f3 tres jornadas de celebraci\u00f3n, que se desarrollar\u00e1n los d\u00edas 18 y 19 septiembre en el Parque Recreacional Los Pe\u00f1ones y el d\u00eda 20, en el Parque Tamelcura, donde destacan las presentaciones de Alanys Lagos, Sebasti\u00e1n Almendras y Los Charros de Argentina, quienes ser\u00e1n acompa\u00f1ados por artistas y agrupaciones folcl\u00f3ricas locales.<\/em><\/strong><\/p>\n<p><img fetchpriority=\"high\" decoding=\"async\" class=\"alignnone size-medium wp-image-10798\" src=\"https:\/\/muniovalle.cl\/sitio\/wp-content\/uploads\/2025\/09\/FIESTAS-PATRIAS-EN-OVALLE-4-1-1-300x225.jpg\" alt=\"\" width=\"300\" height=\"225\" srcset=\"https:\/\/muniovalle.cl\/sitio\/wp-content\/uploads\/2025\/09\/FIESTAS-PATRIAS-EN-OVALLE-4-1-1-300x225.jpg 300w, https:\/\/muniovalle.cl\/sitio\/wp-content\/uploads\/2025\/09\/FIESTAS-PATRIAS-EN-OVALLE-4-1-1-1024x768.jpg 1024w, https:\/\/muniovalle.cl\/sitio\/wp-content\/uploads\/2025\/09\/FIESTAS-PATRIAS-EN-OVALLE-4-1-1-768x576.jpg 768w, https:\/\/muniovalle.cl\/sitio\/wp-content\/uploads\/2025\/09\/FIESTAS-PATRIAS-EN-OVALLE-4-1-1-1536x1152.jpg 1536w, https:\/\/muniovalle.cl\/sitio\/wp-content\/uploads\/2025\/09\/FIESTAS-PATRIAS-EN-OVALLE-4-1-1-2048x1536.jpg 2048w, https:\/\/muniovalle.cl\/sitio\/wp-content\/uploads\/2025\/09\/FIESTAS-PATRIAS-EN-OVALLE-4-1-1-500x375.jpg 500w, https:\/\/muniovalle.cl\/sitio\/wp-content\/uploads\/2025\/09\/FIESTAS-PATRIAS-EN-OVALLE-4-1-1-800x600.jpg 800w, https:\/\/muniovalle.cl\/sitio\/wp-content\/uploads\/2025\/09\/FIESTAS-PATRIAS-EN-OVALLE-4-1-1-1280x960.jpg 1280w, https:\/\/muniovalle.cl\/sitio\/wp-content\/uploads\/2025\/09\/FIESTAS-PATRIAS-EN-OVALLE-4-1-1-1920x1440.jpg 1920w\" sizes=\"(max-width: 300px) 100vw, 300px\" \/><\/p>\n<p>Ovalle tendr\u00e1 tres d\u00edas de celebraciones en estas Fiestas Patrias. Los d\u00edas 18 y 19 de septiembre las actividades se centrar\u00e1n en el Parque Recreacional Los Pe\u00f1ones. La primera jornada se iniciar\u00e1 con la presentaci\u00f3n de la Agrupaci\u00f3n Folcl\u00f3rica Semillas del Tamaya (10.30 horas) y posteriormente ser\u00e1 el turno de la cantante local Mar\u00eda Mar\u00edn (12.00 horas).<\/p>\n<p>A las 14.00 horas se realizar\u00e1n la ceremonia oficial de inauguraci\u00f3n de la Fonda Los Pe\u00f1ones, en la que participar\u00e1n autoridades locales, encabezadas por el alcalde de Ovalle, H\u00e9ctor Vega Campusano y los integrantes del Concejo Municipal, quienes ser\u00e1n los encargados de dar el vamos a las celebraciones.<\/p>\n<p>Luego, se presentar\u00e1n la Agrupaci\u00f3n Folcl\u00f3rica Alma Chilena (14.30 horas), la Tormenta Ovallina (15.00 horas). Por la tarde, ser\u00e1 el turno del Grupo Almahue (17.30 horas), Grupo Katedra (18.40 horas), la cantante Karime Campo (19.30 horas). Asimismo, alrededor de las 21.00 horas se presentar\u00e1 Koky y su Banda Tropical (21.00 horas), para cerrar con los cl\u00e1sicos de Los Charros de Argentina (22.30 horas).<\/p>\n<p>El alcalde de Ovalle, <strong>H\u00e9ctor Vega Campusano<\/strong> invit\u00f3 a la comunidad a sumarse a estas celebraciones. <em>\u201cQueremos que las familias ovallinas y quienes nos visiten vivan unas Fiestas Patrias llenas de alegr\u00eda, m\u00fasica y tradiciones. Hemos preparado una variada parrilla art\u00edstica, con espacio para nuestros talentos locales y grandes exponentes de la m\u00fasica folcl\u00f3rica y tropical. La invitaci\u00f3n es a disfrutar en un ambiente seguro y familiar los d\u00edas 18, 19 y 20 de septiembre\u201d<\/em>.<\/p>\n<p>La segunda jornada se iniciar\u00e1 con la presentaci\u00f3n de la Agrupaci\u00f3n Folcl\u00f3rica Bacufo (13.30 horas), para luego dar paso a la cantante local Mar\u00eda Abigail (14.00 horas). Posteriormente ser\u00e1 el turno de una de las mejores exponentes de la cumbia tropical ranchera, Alanys Lagos, quien har\u00e1 un recorrido por sus grandes \u00e9xitos, que actualmente la posiciona como una de las int\u00e9rpretes m\u00e1s exitosas en este \u00e1mbito.<\/p>\n<p>Las celebraciones continuar\u00e1n con el espect\u00e1culo de la Agrupaci\u00f3n Folcl\u00f3rica Rai Mapu (16.00 horas), los cantantes locales Diana Rojas y su banda (18.00 horas) y Santyno (19.30 horas). Luego, se presentar\u00e1 el grupo tropical Signus (20.00 horas), Danisa La Farahona, para cerrar la segunda jornada con uno de los mejores exponentes de la m\u00fasica tropical ranchera, Sebasti\u00e1n Almendras (22.30 horas).<\/p>\n<p>El d\u00eda 20 de septiembre, los festejos se trasladar\u00e1n al Parque Tamelcura, en las cercan\u00edas del Embalse La Paloma, los que se iniciar\u00e1n con la presentaci\u00f3n de Entre Espuelas y Tacones (14.30 horas) y juegos tradicionales. M\u00e1s tarde, el escenario recibir\u00e1 a la cantante local PAE (15.40 horas), Los Arrieros Agrupaci\u00f3n Folcl\u00f3rica Musical (16.20 horas), el cantante arique\u00f1o Fabi\u00e1n N\u00fa\u00f1ez (17.20 horas), y el tecladista tropical Agust\u00edn Morales (18.00 horas).<\/p>\n<p>Posteriormente, el escenario central recibir\u00e1 al grupo tropical Los Gatos Buenos (19.30 horas), quienes har\u00e1n un recorrido por su carrera art\u00edstica y recordar\u00e1n la \u00e9poca \u201cSound\u201d y luego ser\u00e1 el turno de la agrupaci\u00f3n Amaneceres del Valle (21.00 horas).<\/p>\n<p>&nbsp;<\/p>\n<p>&nbsp;<\/p>\n<p>&nbsp;<\/p>\n<p>&nbsp;<\/p>\n<p>&nbsp;<\/p>\n<p>&nbsp;<\/p>\n<p>&nbsp;<\/p>\n<p>&nbsp;<\/p>\n<p>&nbsp;<\/p>\n<p>&nbsp;<\/p>\n<p>&nbsp;<\/p>\n<p>&nbsp;<\/p>\n<p>&nbsp;<\/p>\n","protected":false},"excerpt":{"rendered":"<p>El municipio de Ovalle organiz\u00f3 tres jornadas de celebraci\u00f3n, que se desarrollar\u00e1n los d\u00edas 18 y 19 septiembre en el Parque Recreacional Los Pe\u00f1ones y el d\u00eda 20, en el Parque Tamelcura, donde destacan las presentaciones de Alanys Lagos, Sebasti\u00e1n Almendras y Los Charros de Argentina, quienes ser\u00e1n acompa\u00f1ados por artistas y agrupaciones folcl\u00f3ricas locales. Ovalle tendr\u00e1 tres d\u00edas de celebraciones en estas Fiestas Patrias. Los d\u00edas 18 y 19 de septiembre las actividades se centrar\u00e1n en el Parque Recreacional Los Pe\u00f1ones. La primera jornada se iniciar\u00e1 con la presentaci\u00f3n de la Agrupaci\u00f3n Folcl\u00f3rica Semillas del Tamaya (10.30 horas) y posteriormente ser\u00e1 el turno de la cantante local Mar\u00eda Mar\u00edn (12.00 horas). A las 14.00 horas se realizar\u00e1n la ceremonia oficial de inauguraci\u00f3n de la Fonda Los Pe\u00f1ones, en la que participar\u00e1n autoridades locales, encabezadas por el alcalde de Ovalle, H\u00e9ctor Vega Campusano y los integrantes del Concejo Municipal, quienes ser\u00e1n los encargados de dar el vamos a las celebraciones. Luego, se presentar\u00e1n la Agrupaci\u00f3n Folcl\u00f3rica Alma Chilena (14.30 horas), la Tormenta Ovallina (15.00 horas). Por la tarde, ser\u00e1 el turno del Grupo Almahue (17.30 horas), Grupo Katedra (18.40 horas), la cantante Karime Campo (19.30 horas). Asimismo, alrededor de las 21.00 horas se presentar\u00e1 Koky y su Banda Tropical (21.00 horas), para cerrar con los cl\u00e1sicos de Los Charros de Argentina (22.30 horas). El alcalde de Ovalle, H\u00e9ctor Vega Campusano invit\u00f3 a la comunidad a sumarse a estas celebraciones. \u201cQueremos que las familias ovallinas y quienes nos visiten vivan unas Fiestas Patrias llenas de alegr\u00eda, m\u00fasica y tradiciones. Hemos preparado una variada parrilla art\u00edstica, con espacio para nuestros talentos locales y grandes exponentes de la m\u00fasica folcl\u00f3rica y tropical. La invitaci\u00f3n es a disfrutar en un ambiente seguro y familiar los d\u00edas 18, 19 y 20 de septiembre\u201d. La segunda jornada se iniciar\u00e1 con la presentaci\u00f3n de la Agrupaci\u00f3n Folcl\u00f3rica Bacufo (13.30 horas), para luego dar paso a la cantante local Mar\u00eda Abigail (14.00 horas). Posteriormente ser\u00e1 el turno de una de las mejores exponentes de la cumbia tropical ranchera, Alanys Lagos, quien har\u00e1 un recorrido por sus grandes \u00e9xitos, que actualmente la posiciona como una de las int\u00e9rpretes m\u00e1s exitosas en este \u00e1mbito. Las celebraciones continuar\u00e1n con el espect\u00e1culo de la Agrupaci\u00f3n Folcl\u00f3rica Rai Mapu (16.00 horas), los cantantes locales Diana Rojas y su banda (18.00 horas) y Santyno (19.30 horas). Luego, se presentar\u00e1 el grupo tropical Signus (20.00 horas), Danisa La Farahona, para cerrar la segunda jornada con uno de los mejores exponentes de la m\u00fasica tropical ranchera, Sebasti\u00e1n Almendras (22.30 horas). El d\u00eda 20 de septiembre, los festejos se trasladar\u00e1n al Parque Tamelcura, en las cercan\u00edas del Embalse La Paloma, los que se iniciar\u00e1n con la presentaci\u00f3n de Entre Espuelas y Tacones (14.30 horas) y juegos tradicionales. M\u00e1s tarde, el escenario recibir\u00e1 a la cantante local PAE (15.40 horas), Los Arrieros Agrupaci\u00f3n Folcl\u00f3rica Musical (16.20 horas), el cantante arique\u00f1o Fabi\u00e1n N\u00fa\u00f1ez (17.20 horas), y el tecladista tropical Agust\u00edn Morales (18.00 horas). Posteriormente, el escenario central recibir\u00e1 al grupo tropical Los Gatos Buenos (19.30 horas), quienes har\u00e1n un recorrido por su carrera art\u00edstica y recordar\u00e1n la \u00e9poca \u201cSound\u201d y luego ser\u00e1 el turno de la agrupaci\u00f3n Amaneceres del Valle (21.00 horas). &nbsp; &nbsp; &nbsp; &nbsp; &nbsp; &nbsp; &nbsp; &nbsp; &nbsp; &nbsp; &nbsp; &nbsp; &nbsp;<\/p>\n","protected":false},"author":3,"featured_media":10798,"comment_status":"closed","ping_status":"closed","sticky":false,"template":"","format":"standard","meta":{"_vp_format_video_url":"","_vp_image_focal_point":[],"footnotes":""},"categories":[61],"tags":[],"class_list":["post-10797","post","type-post","status-publish","format-standard","has-post-thumbnail","hentry","category-municipal"],"_links":{"self":[{"href":"https:\/\/muniovalle.cl\/sitio\/wp-json\/wp\/v2\/posts\/10797","targetHints":{"allow":["GET"]}}],"collection":[{"href":"https:\/\/muniovalle.cl\/sitio\/wp-json\/wp\/v2\/posts"}],"about":[{"href":"https:\/\/muniovalle.cl\/sitio\/wp-json\/wp\/v2\/types\/post"}],"author":[{"embeddable":true,"href":"https:\/\/muniovalle.cl\/sitio\/wp-json\/wp\/v2\/users\/3"}],"replies":[{"embeddable":true,"href":"https:\/\/muniovalle.cl\/sitio\/wp-json\/wp\/v2\/comments?post=10797"}],"version-history":[{"count":1,"href":"https:\/\/muniovalle.cl\/sitio\/wp-json\/wp\/v2\/posts\/10797\/revisions"}],"predecessor-version":[{"id":10799,"href":"https:\/\/muniovalle.cl\/sitio\/wp-json\/wp\/v2\/posts\/10797\/revisions\/10799"}],"wp:featuredmedia":[{"embeddable":true,"href":"https:\/\/muniovalle.cl\/sitio\/wp-json\/wp\/v2\/media\/10798"}],"wp:attachment":[{"href":"https:\/\/muniovalle.cl\/sitio\/wp-json\/wp\/v2\/media?parent=10797"}],"wp:term":[{"taxonomy":"category","embeddable":true,"href":"https:\/\/muniovalle.cl\/sitio\/wp-json\/wp\/v2\/categories?post=10797"},{"taxonomy":"post_tag","embeddable":true,"href":"https:\/\/muniovalle.cl\/sitio\/wp-json\/wp\/v2\/tags?post=10797"}],"curies":[{"name":"wp","href":"https:\/\/api.w.org\/{rel}","templated":true}]}}