{"id":10767,"date":"2025-09-09T16:39:12","date_gmt":"2025-09-09T19:39:12","guid":{"rendered":"https:\/\/muniovalle.cl\/sitio\/?p=10767"},"modified":"2025-09-09T16:39:12","modified_gmt":"2025-09-09T19:39:12","slug":"recintos-comerciales-de-ovalle-tendran-horario-especial-en-fiestas-patrias","status":"publish","type":"post","link":"https:\/\/muniovalle.cl\/sitio\/2025\/09\/09\/recintos-comerciales-de-ovalle-tendran-horario-especial-en-fiestas-patrias\/","title":{"rendered":"Recintos comerciales de Ovalle tendr\u00e1n horario especial en Fiestas Patrias"},"content":{"rendered":"<p><strong><em>La Feria Modelo, el Mercado Municipal y el Comercial Estaci\u00f3n atender\u00e1n de forma especial durante los d\u00edas festivos de septiembre, con el prop\u00f3sito de entregar un buen servicio a la comunidad.<\/em><\/strong><\/p>\n<p><img fetchpriority=\"high\" decoding=\"async\" class=\"alignnone size-medium wp-image-10768\" src=\"https:\/\/muniovalle.cl\/sitio\/wp-content\/uploads\/2025\/09\/feria-modelo-4-300x200.jpg\" alt=\"\" width=\"300\" height=\"200\" srcset=\"https:\/\/muniovalle.cl\/sitio\/wp-content\/uploads\/2025\/09\/feria-modelo-4-300x200.jpg 300w, https:\/\/muniovalle.cl\/sitio\/wp-content\/uploads\/2025\/09\/feria-modelo-4-1024x683.jpg 1024w, https:\/\/muniovalle.cl\/sitio\/wp-content\/uploads\/2025\/09\/feria-modelo-4-768x512.jpg 768w, https:\/\/muniovalle.cl\/sitio\/wp-content\/uploads\/2025\/09\/feria-modelo-4-1536x1024.jpg 1536w, https:\/\/muniovalle.cl\/sitio\/wp-content\/uploads\/2025\/09\/feria-modelo-4-2048x1365.jpg 2048w, https:\/\/muniovalle.cl\/sitio\/wp-content\/uploads\/2025\/09\/feria-modelo-4-500x333.jpg 500w, https:\/\/muniovalle.cl\/sitio\/wp-content\/uploads\/2025\/09\/feria-modelo-4-800x533.jpg 800w, https:\/\/muniovalle.cl\/sitio\/wp-content\/uploads\/2025\/09\/feria-modelo-4-1280x853.jpg 1280w, https:\/\/muniovalle.cl\/sitio\/wp-content\/uploads\/2025\/09\/feria-modelo-4-1920x1280.jpg 1920w\" sizes=\"(max-width: 300px) 100vw, 300px\" \/><\/p>\n<p><strong><em>\u00a0<\/em><\/strong>Con el objetivo de entregar un buen servicio a la comunidad durante las celebraciones de Fiestas Patrias, la Feria Modelo, el Mercado Municipal y el Comercial Estaci\u00f3n de Ovalle funcionar\u00e1n con horarios especiales de atenci\u00f3n.<\/p>\n<p>El Comercial Estaci\u00f3n, ubicado en las cercan\u00edas del ex Recinto Estaci\u00f3n, mantendr\u00e1 su horario habitual, de lunes a s\u00e1bado, entre las 09:00 y las 18:00 horas.<\/p>\n<p>En tanto, la Feria Modelo de Ovalle abrir\u00e1 el s\u00e1bado 13 de septiembre entre las 06:00 y las 20:00 horas, mientras que el domingo 14 atender\u00e1 de 08:00 a 17:00 horas. Los d\u00edas lunes 15 y martes 16 funcionar\u00e1 de 06:00 a 20:00 horas, y el mi\u00e9rcoles 17 lo har\u00e1 entre 06:00 y 19:00 horas. Durante el jueves 18 y viernes 19 el recinto permanecer\u00e1 cerrado. Posteriormente, el s\u00e1bado 20 abrir\u00e1 sus puertas de 06:00 a 19:00 horas y el domingo 21 de 08:00 a 15:00 horas.<\/p>\n<p>Por su parte, el Mercado Municipal mantendr\u00e1 su horario normal entre el 15 y el 17 de septiembre. El jueves 18 atender\u00e1 desde las 09:00 hasta las 16:00 horas, el viernes 19 permanecer\u00e1 cerrado y el s\u00e1bado 20 abrir\u00e1 de 08:30 a 18:00 horas.<\/p>\n<p>El alcalde de Ovalle, <strong>H\u00e9ctor Vega Campusano<\/strong>, destac\u00f3 la importancia de informar oportunamente estos horarios a la comunidad. <em>\u201cQueremos que nuestros vecinos y vecinas puedan realizar sus compras con tranquilidad y sin inconvenientes durante estas Fiestas Patrias. Por eso, hemos coordinado con los recintos comerciales de la comuna para que la ciudadan\u00eda se organice con anticipaci\u00f3n y disfrute de estas celebraciones en familia\u201d<\/em>, indic\u00f3 la autoridad comunal.<\/p>\n<p>De esta manera, los recintos comerciales m\u00e1s tradicionales de la comuna adaptar\u00e1n su funcionamiento para que las familias ovallinas puedan realizar sus compras de manera oportuna durante los d\u00edas previos y posteriores a las festividades patrias.<\/p>\n<p>&nbsp;<\/p>\n<p>&nbsp;<\/p>\n","protected":false},"excerpt":{"rendered":"<p>La Feria Modelo, el Mercado Municipal y el Comercial Estaci\u00f3n atender\u00e1n de forma especial durante los d\u00edas festivos de septiembre, con el prop\u00f3sito de entregar un buen servicio a la comunidad. \u00a0Con el objetivo de entregar un buen servicio a la comunidad durante las celebraciones de Fiestas Patrias, la Feria Modelo, el Mercado Municipal y el Comercial Estaci\u00f3n de Ovalle funcionar\u00e1n con horarios especiales de atenci\u00f3n. El Comercial Estaci\u00f3n, ubicado en las cercan\u00edas del ex Recinto Estaci\u00f3n, mantendr\u00e1 su horario habitual, de lunes a s\u00e1bado, entre las 09:00 y las 18:00 horas. En tanto, la Feria Modelo de Ovalle abrir\u00e1 el s\u00e1bado 13 de septiembre entre las 06:00 y las 20:00 horas, mientras que el domingo 14 atender\u00e1 de 08:00 a 17:00 horas. Los d\u00edas lunes 15 y martes 16 funcionar\u00e1 de 06:00 a 20:00 horas, y el mi\u00e9rcoles 17 lo har\u00e1 entre 06:00 y 19:00 horas. Durante el jueves 18 y viernes 19 el recinto permanecer\u00e1 cerrado. Posteriormente, el s\u00e1bado 20 abrir\u00e1 sus puertas de 06:00 a 19:00 horas y el domingo 21 de 08:00 a 15:00 horas. Por su parte, el Mercado Municipal mantendr\u00e1 su horario normal entre el 15 y el 17 de septiembre. El jueves 18 atender\u00e1 desde las 09:00 hasta las 16:00 horas, el viernes 19 permanecer\u00e1 cerrado y el s\u00e1bado 20 abrir\u00e1 de 08:30 a 18:00 horas. El alcalde de Ovalle, H\u00e9ctor Vega Campusano, destac\u00f3 la importancia de informar oportunamente estos horarios a la comunidad. \u201cQueremos que nuestros vecinos y vecinas puedan realizar sus compras con tranquilidad y sin inconvenientes durante estas Fiestas Patrias. Por eso, hemos coordinado con los recintos comerciales de la comuna para que la ciudadan\u00eda se organice con anticipaci\u00f3n y disfrute de estas celebraciones en familia\u201d, indic\u00f3 la autoridad comunal. De esta manera, los recintos comerciales m\u00e1s tradicionales de la comuna adaptar\u00e1n su funcionamiento para que las familias ovallinas puedan realizar sus compras de manera oportuna durante los d\u00edas previos y posteriores a las festividades patrias. &nbsp; &nbsp;<\/p>\n","protected":false},"author":3,"featured_media":10768,"comment_status":"closed","ping_status":"closed","sticky":false,"template":"","format":"standard","meta":{"_vp_format_video_url":"","_vp_image_focal_point":[],"footnotes":""},"categories":[61],"tags":[],"class_list":["post-10767","post","type-post","status-publish","format-standard","has-post-thumbnail","hentry","category-municipal"],"_links":{"self":[{"href":"https:\/\/muniovalle.cl\/sitio\/wp-json\/wp\/v2\/posts\/10767","targetHints":{"allow":["GET"]}}],"collection":[{"href":"https:\/\/muniovalle.cl\/sitio\/wp-json\/wp\/v2\/posts"}],"about":[{"href":"https:\/\/muniovalle.cl\/sitio\/wp-json\/wp\/v2\/types\/post"}],"author":[{"embeddable":true,"href":"https:\/\/muniovalle.cl\/sitio\/wp-json\/wp\/v2\/users\/3"}],"replies":[{"embeddable":true,"href":"https:\/\/muniovalle.cl\/sitio\/wp-json\/wp\/v2\/comments?post=10767"}],"version-history":[{"count":1,"href":"https:\/\/muniovalle.cl\/sitio\/wp-json\/wp\/v2\/posts\/10767\/revisions"}],"predecessor-version":[{"id":10769,"href":"https:\/\/muniovalle.cl\/sitio\/wp-json\/wp\/v2\/posts\/10767\/revisions\/10769"}],"wp:featuredmedia":[{"embeddable":true,"href":"https:\/\/muniovalle.cl\/sitio\/wp-json\/wp\/v2\/media\/10768"}],"wp:attachment":[{"href":"https:\/\/muniovalle.cl\/sitio\/wp-json\/wp\/v2\/media?parent=10767"}],"wp:term":[{"taxonomy":"category","embeddable":true,"href":"https:\/\/muniovalle.cl\/sitio\/wp-json\/wp\/v2\/categories?post=10767"},{"taxonomy":"post_tag","embeddable":true,"href":"https:\/\/muniovalle.cl\/sitio\/wp-json\/wp\/v2\/tags?post=10767"}],"curies":[{"name":"wp","href":"https:\/\/api.w.org\/{rel}","templated":true}]}}