{"id":10676,"date":"2025-08-29T17:14:58","date_gmt":"2025-08-29T21:14:58","guid":{"rendered":"https:\/\/muniovalle.cl\/sitio\/?p=10676"},"modified":"2025-08-29T17:14:58","modified_gmt":"2025-08-29T21:14:58","slug":"ovalle-celebro-con-exito-la-primera-feria-tecnico-profesional","status":"publish","type":"post","link":"https:\/\/muniovalle.cl\/sitio\/2025\/08\/29\/ovalle-celebro-con-exito-la-primera-feria-tecnico-profesional\/","title":{"rendered":"Ovalle celebr\u00f3 con \u00e9xito la Primera Feria T\u00e9cnico Profesional"},"content":{"rendered":"<p><strong><em>De forma in\u00e9dita, las 12 especialidades que imparten los establecimientos municipales de ense\u00f1anza media fueron exhibidas por sus propios estudiantes, en la Plaza de Armas<\/em><\/strong><\/p>\n<p><img fetchpriority=\"high\" decoding=\"async\" class=\"alignnone size-medium wp-image-10677\" src=\"https:\/\/muniovalle.cl\/sitio\/wp-content\/uploads\/2025\/08\/IMG_4478-Mejorado-NR-300x200.jpg\" alt=\"\" width=\"300\" height=\"200\" srcset=\"https:\/\/muniovalle.cl\/sitio\/wp-content\/uploads\/2025\/08\/IMG_4478-Mejorado-NR-300x200.jpg 300w, https:\/\/muniovalle.cl\/sitio\/wp-content\/uploads\/2025\/08\/IMG_4478-Mejorado-NR-1024x683.jpg 1024w, https:\/\/muniovalle.cl\/sitio\/wp-content\/uploads\/2025\/08\/IMG_4478-Mejorado-NR-768x512.jpg 768w, https:\/\/muniovalle.cl\/sitio\/wp-content\/uploads\/2025\/08\/IMG_4478-Mejorado-NR-1536x1024.jpg 1536w, https:\/\/muniovalle.cl\/sitio\/wp-content\/uploads\/2025\/08\/IMG_4478-Mejorado-NR-2048x1365.jpg 2048w, https:\/\/muniovalle.cl\/sitio\/wp-content\/uploads\/2025\/08\/IMG_4478-Mejorado-NR-500x333.jpg 500w, https:\/\/muniovalle.cl\/sitio\/wp-content\/uploads\/2025\/08\/IMG_4478-Mejorado-NR-800x533.jpg 800w, https:\/\/muniovalle.cl\/sitio\/wp-content\/uploads\/2025\/08\/IMG_4478-Mejorado-NR-1280x853.jpg 1280w, https:\/\/muniovalle.cl\/sitio\/wp-content\/uploads\/2025\/08\/IMG_4478-Mejorado-NR-1920x1280.jpg 1920w\" sizes=\"(max-width: 300px) 100vw, 300px\" \/><\/p>\n<p><strong>\u00a0<\/strong>Con una masiva concurrencia de familias, estudiantes y comunidad en general, se desarroll\u00f3 la <strong>Primera Feria T\u00e9cnico Profesional<\/strong>. Una in\u00e9dita instancia organizada por los tres establecimientos municipales de la comuna que imparten esta modalidad educativa y la Municipalidad de Ovalle, a trav\u00e9s del Departamento de Educaci\u00f3n.<\/p>\n<p>La actividad desarrollada este mi\u00e9rcoles, en la Plaza de Armas, se enmarca en la conmemoraci\u00f3n del D\u00eda de la Educaci\u00f3n T\u00e9cnico Profesional, reuniendo a centenares de visitantes, quienes pudieron conocer los distintos stands y muestras de 12 especialidades.<\/p>\n<p>Durante la jornada tambi\u00e9n se llevaron a cabo presentaciones art\u00edsticas a cargo de establecimientos educativos de la comuna, que entregaron un sello cultural y comunitario a la celebraci\u00f3n. Asimismo, se reconoci\u00f3 p\u00fablicamente a los directores y coordinadores t\u00e9cnico profesionales, por su aporte a la formaci\u00f3n de nuevas generaciones y su compromiso con la educaci\u00f3n en Ovalle.<\/p>\n<p>El jefe del Departamento de Educaci\u00f3n (DEM), Francisco Oshiro Riveros, sostuvo que \u201cestamos muy contentos porque esto es una feria exitosa, es la primera feria que se organiza en Ovalle de este gran nivel, donde los establecimientos han mostrado cada una de las carreras disponibles. Felicitamos a los participantes, especialmente a los estudiantes, quienes han expuesto de muy buena forma cada una de sus carreras\u201d.<\/p>\n<p>Cabe destacar que en la comuna existen actualmente 3.258 estudiantes de ense\u00f1anza media municipal, de los cuales 1.651 optan por la educaci\u00f3n t\u00e9cnico profesional, cifra que refleja la relevancia y preferencia que esta modalidad tiene entre la juventud local.<\/p>\n<p>Seg\u00fan Paulo Pereira Campusano, profesor jefe de la Explotaci\u00f3n Minera, del colegio Ra\u00fal Silva Henr\u00edquez, \u201cexiste una alta demanda de estudiantes para sumarse a la educaci\u00f3n t\u00e9cnico profesional, por lo que poder estar mostrando a la comunidad todo lo que hacemos es una gran vitrina. Adem\u00e1s, esta feria permite que sean los propios estudiantes quienes expongan cada \u00e1rea, lo que les ayudar\u00e1 mucho en su futuro profesional\u201d.<\/p>\n<p>Mientras que parte de los expositores de la jornada, tambi\u00e9n valor\u00f3 el desarrollo de esta actividad. Fue el caso de Blanca Urqueta Arriagada, estudiante de Contabilidad General del Colegio El Ingenio, quien detall\u00f3 que \u201cha sido una experiencia bastante grata. Es una oportunidad de darnos a conocer ante toda la comunidad. Siento que deber\u00eda ser m\u00e1s recurrente porque nos ayuda mucho a poder expresarnos, a dar a conocer las diferentes carreras. Hemos podido conversar con muchas personas cont\u00e1ndoles lo que hacemos\u201d.<\/p>\n<p>Por su parte, Alexander Sangama Rojas, estudiante de Mec\u00e1nico Industrial del Liceo Polit\u00e9cnico, expres\u00f3 que \u201cpara nosotros ha sido entretenido y una buena oportunidad para ense\u00f1ar todo lo que sabemos sobre nuestra especialidad. Es una excelente oportunidad para cada especialidad y es bonito ense\u00f1ar todo lo que hemos aprendido\u201d.<\/p>\n<p>Cabe destacar que la iniciativa cont\u00f3 tambi\u00e9n con la presencia de instituciones de educaci\u00f3n superior y programas de acompa\u00f1amiento acad\u00e9mico como el CFT Estatal de Ovalle, el Instituto Profesional Santo Tom\u00e1s, Instituto Profesional (IP) Chile y el Programa de Acceso a la Educaci\u00f3n Superior (PACE).<\/p>\n<p>&nbsp;<\/p>\n<p>&nbsp;<\/p>\n","protected":false},"excerpt":{"rendered":"<p>De forma in\u00e9dita, las 12 especialidades que imparten los establecimientos municipales de ense\u00f1anza media fueron exhibidas por sus propios estudiantes, en la Plaza de Armas \u00a0Con una masiva concurrencia de familias, estudiantes y comunidad en general, se desarroll\u00f3 la Primera Feria T\u00e9cnico Profesional. Una in\u00e9dita instancia organizada por los tres establecimientos municipales de la comuna que imparten esta modalidad educativa y la Municipalidad de Ovalle, a trav\u00e9s del Departamento de Educaci\u00f3n. La actividad desarrollada este mi\u00e9rcoles, en la Plaza de Armas, se enmarca en la conmemoraci\u00f3n del D\u00eda de la Educaci\u00f3n T\u00e9cnico Profesional, reuniendo a centenares de visitantes, quienes pudieron conocer los distintos stands y muestras de 12 especialidades. Durante la jornada tambi\u00e9n se llevaron a cabo presentaciones art\u00edsticas a cargo de establecimientos educativos de la comuna, que entregaron un sello cultural y comunitario a la celebraci\u00f3n. Asimismo, se reconoci\u00f3 p\u00fablicamente a los directores y coordinadores t\u00e9cnico profesionales, por su aporte a la formaci\u00f3n de nuevas generaciones y su compromiso con la educaci\u00f3n en Ovalle. El jefe del Departamento de Educaci\u00f3n (DEM), Francisco Oshiro Riveros, sostuvo que \u201cestamos muy contentos porque esto es una feria exitosa, es la primera feria que se organiza en Ovalle de este gran nivel, donde los establecimientos han mostrado cada una de las carreras disponibles. Felicitamos a los participantes, especialmente a los estudiantes, quienes han expuesto de muy buena forma cada una de sus carreras\u201d. Cabe destacar que en la comuna existen actualmente 3.258 estudiantes de ense\u00f1anza media municipal, de los cuales 1.651 optan por la educaci\u00f3n t\u00e9cnico profesional, cifra que refleja la relevancia y preferencia que esta modalidad tiene entre la juventud local. Seg\u00fan Paulo Pereira Campusano, profesor jefe de la Explotaci\u00f3n Minera, del colegio Ra\u00fal Silva Henr\u00edquez, \u201cexiste una alta demanda de estudiantes para sumarse a la educaci\u00f3n t\u00e9cnico profesional, por lo que poder estar mostrando a la comunidad todo lo que hacemos es una gran vitrina. Adem\u00e1s, esta feria permite que sean los propios estudiantes quienes expongan cada \u00e1rea, lo que les ayudar\u00e1 mucho en su futuro profesional\u201d. Mientras que parte de los expositores de la jornada, tambi\u00e9n valor\u00f3 el desarrollo de esta actividad. Fue el caso de Blanca Urqueta Arriagada, estudiante de Contabilidad General del Colegio El Ingenio, quien detall\u00f3 que \u201cha sido una experiencia bastante grata. Es una oportunidad de darnos a conocer ante toda la comunidad. Siento que deber\u00eda ser m\u00e1s recurrente porque nos ayuda mucho a poder expresarnos, a dar a conocer las diferentes carreras. Hemos podido conversar con muchas personas cont\u00e1ndoles lo que hacemos\u201d. Por su parte, Alexander Sangama Rojas, estudiante de Mec\u00e1nico Industrial del Liceo Polit\u00e9cnico, expres\u00f3 que \u201cpara nosotros ha sido entretenido y una buena oportunidad para ense\u00f1ar todo lo que sabemos sobre nuestra especialidad. Es una excelente oportunidad para cada especialidad y es bonito ense\u00f1ar todo lo que hemos aprendido\u201d. Cabe destacar que la iniciativa cont\u00f3 tambi\u00e9n con la presencia de instituciones de educaci\u00f3n superior y programas de acompa\u00f1amiento acad\u00e9mico como el CFT Estatal de Ovalle, el Instituto Profesional Santo Tom\u00e1s, Instituto Profesional (IP) Chile y el Programa de Acceso a la Educaci\u00f3n Superior (PACE). &nbsp; &nbsp;<\/p>\n","protected":false},"author":3,"featured_media":10677,"comment_status":"closed","ping_status":"closed","sticky":false,"template":"","format":"standard","meta":{"_vp_format_video_url":"","_vp_image_focal_point":[],"footnotes":""},"categories":[61],"tags":[],"class_list":["post-10676","post","type-post","status-publish","format-standard","has-post-thumbnail","hentry","category-municipal"],"_links":{"self":[{"href":"https:\/\/muniovalle.cl\/sitio\/wp-json\/wp\/v2\/posts\/10676","targetHints":{"allow":["GET"]}}],"collection":[{"href":"https:\/\/muniovalle.cl\/sitio\/wp-json\/wp\/v2\/posts"}],"about":[{"href":"https:\/\/muniovalle.cl\/sitio\/wp-json\/wp\/v2\/types\/post"}],"author":[{"embeddable":true,"href":"https:\/\/muniovalle.cl\/sitio\/wp-json\/wp\/v2\/users\/3"}],"replies":[{"embeddable":true,"href":"https:\/\/muniovalle.cl\/sitio\/wp-json\/wp\/v2\/comments?post=10676"}],"version-history":[{"count":1,"href":"https:\/\/muniovalle.cl\/sitio\/wp-json\/wp\/v2\/posts\/10676\/revisions"}],"predecessor-version":[{"id":10678,"href":"https:\/\/muniovalle.cl\/sitio\/wp-json\/wp\/v2\/posts\/10676\/revisions\/10678"}],"wp:featuredmedia":[{"embeddable":true,"href":"https:\/\/muniovalle.cl\/sitio\/wp-json\/wp\/v2\/media\/10677"}],"wp:attachment":[{"href":"https:\/\/muniovalle.cl\/sitio\/wp-json\/wp\/v2\/media?parent=10676"}],"wp:term":[{"taxonomy":"category","embeddable":true,"href":"https:\/\/muniovalle.cl\/sitio\/wp-json\/wp\/v2\/categories?post=10676"},{"taxonomy":"post_tag","embeddable":true,"href":"https:\/\/muniovalle.cl\/sitio\/wp-json\/wp\/v2\/tags?post=10676"}],"curies":[{"name":"wp","href":"https:\/\/api.w.org\/{rel}","templated":true}]}}