{"id":10673,"date":"2025-08-29T17:12:19","date_gmt":"2025-08-29T21:12:19","guid":{"rendered":"https:\/\/muniovalle.cl\/sitio\/?p=10673"},"modified":"2025-08-29T17:12:19","modified_gmt":"2025-08-29T21:12:19","slug":"ovalle-se-prepara-para-gran-velada-de-combates-estrellas-en-el-ring-ovallino","status":"publish","type":"post","link":"https:\/\/muniovalle.cl\/sitio\/2025\/08\/29\/ovalle-se-prepara-para-gran-velada-de-combates-estrellas-en-el-ring-ovallino\/","title":{"rendered":"Ovalle se prepara para gran velada de combates \u00abEstrellas en el ring ovallino\u00bb"},"content":{"rendered":"<p dir=\"ltr\">El evento deportivo, que se realizar\u00e1 el pr\u00f3ximo s\u00e1bado 30 de agosto, reunir\u00e1 boxeo, kickboxing y karate en la Alameda, sector Espejo de Agua, con especial reconocimiento a la karateca Bel\u00e9n Araya antes de su viaje a Jap\u00f3n.<\/p>\n<p dir=\"ltr\"><img fetchpriority=\"high\" decoding=\"async\" class=\"alignnone size-medium wp-image-10674\" src=\"https:\/\/muniovalle.cl\/sitio\/wp-content\/uploads\/2025\/08\/boxeo1-300x169.jpg\" alt=\"\" width=\"300\" height=\"169\" srcset=\"https:\/\/muniovalle.cl\/sitio\/wp-content\/uploads\/2025\/08\/boxeo1-300x169.jpg 300w, https:\/\/muniovalle.cl\/sitio\/wp-content\/uploads\/2025\/08\/boxeo1-1024x576.jpg 1024w, https:\/\/muniovalle.cl\/sitio\/wp-content\/uploads\/2025\/08\/boxeo1-768x432.jpg 768w, https:\/\/muniovalle.cl\/sitio\/wp-content\/uploads\/2025\/08\/boxeo1-1536x864.jpg 1536w, https:\/\/muniovalle.cl\/sitio\/wp-content\/uploads\/2025\/08\/boxeo1-2048x1152.jpg 2048w, https:\/\/muniovalle.cl\/sitio\/wp-content\/uploads\/2025\/08\/boxeo1-500x281.jpg 500w, https:\/\/muniovalle.cl\/sitio\/wp-content\/uploads\/2025\/08\/boxeo1-800x450.jpg 800w, https:\/\/muniovalle.cl\/sitio\/wp-content\/uploads\/2025\/08\/boxeo1-1280x720.jpg 1280w, https:\/\/muniovalle.cl\/sitio\/wp-content\/uploads\/2025\/08\/boxeo1-1920x1080.jpg 1920w\" sizes=\"(max-width: 300px) 100vw, 300px\" \/><\/p>\n<p dir=\"ltr\">La Alameda de Ovalle se convertir\u00e1 el pr\u00f3ximo s\u00e1bado 30 de agosto en un gran ring al aire libre con la velada de combates \u00abEstrellas en el ring ovallino\u00bb, organizada por el Dojo Nor-Dhai con patrocinio del municipio local. El evento, que se desarrollar\u00e1 desde las 16:00 horas frente al Espejo de Agua, busca recaudar fondos para apoyar el viaje de la karateca local Bel\u00e9n Araya a Jap\u00f3n.<\/p>\n<p dir=\"ltr\">El alcalde H\u00e9ctor Vega destac\u00f3 que \u00abesta velada no solo promueve el deporte de combate, sino que tambi\u00e9n reconoce el esfuerzo de nuestros j\u00f3venes talentos. Bel\u00e9n es un ejemplo de dedicaci\u00f3n y merece todo nuestro apoyo\u00bb.<\/p>\n<p dir=\"ltr\">En tanto, el encargado de la Oficina de Deportes y Recreaci\u00f3n del municipio, V\u00edctor Cort\u00e9s Rojas remarc\u00f3 que \u00abqueremos que Ovalle conozca el nivel de nuestros deportistas y se sume a esta causa\u00bb.<\/p>\n<p dir=\"ltr\">La actividad contar\u00e1 con exhibiciones y combates de boxeo, kickboxing y karate, donde participar\u00e1n deportistas locales y de la regi\u00f3n. El objetivo central es visibilizar el talento de Bel\u00e9n Araya, quien representar\u00e1 a Chile en competencias internacionales en tierras japonesas, y generar apoyo comunitario para su viaje.<\/p>\n<p dir=\"ltr\">Los organizadores hicieron un llamado a la comunidad a asistir masivamente al evento, que contar\u00e1 con acceso gratuito y espacios seguros para todo p\u00fablico.<\/p>\n<p>&nbsp;<\/p>\n","protected":false},"excerpt":{"rendered":"<p>El evento deportivo, que se realizar\u00e1 el pr\u00f3ximo s\u00e1bado 30 de agosto, reunir\u00e1 boxeo, kickboxing y karate en la Alameda, sector Espejo de Agua, con especial reconocimiento a la karateca Bel\u00e9n Araya antes de su viaje a Jap\u00f3n. La Alameda de Ovalle se convertir\u00e1 el pr\u00f3ximo s\u00e1bado 30 de agosto en un gran ring al aire libre con la velada de combates \u00abEstrellas en el ring ovallino\u00bb, organizada por el Dojo Nor-Dhai con patrocinio del municipio local. El evento, que se desarrollar\u00e1 desde las 16:00 horas frente al Espejo de Agua, busca recaudar fondos para apoyar el viaje de la karateca local Bel\u00e9n Araya a Jap\u00f3n. El alcalde H\u00e9ctor Vega destac\u00f3 que \u00abesta velada no solo promueve el deporte de combate, sino que tambi\u00e9n reconoce el esfuerzo de nuestros j\u00f3venes talentos. Bel\u00e9n es un ejemplo de dedicaci\u00f3n y merece todo nuestro apoyo\u00bb. En tanto, el encargado de la Oficina de Deportes y Recreaci\u00f3n del municipio, V\u00edctor Cort\u00e9s Rojas remarc\u00f3 que \u00abqueremos que Ovalle conozca el nivel de nuestros deportistas y se sume a esta causa\u00bb. La actividad contar\u00e1 con exhibiciones y combates de boxeo, kickboxing y karate, donde participar\u00e1n deportistas locales y de la regi\u00f3n. El objetivo central es visibilizar el talento de Bel\u00e9n Araya, quien representar\u00e1 a Chile en competencias internacionales en tierras japonesas, y generar apoyo comunitario para su viaje. Los organizadores hicieron un llamado a la comunidad a asistir masivamente al evento, que contar\u00e1 con acceso gratuito y espacios seguros para todo p\u00fablico. &nbsp;<\/p>\n","protected":false},"author":3,"featured_media":10674,"comment_status":"closed","ping_status":"closed","sticky":false,"template":"","format":"standard","meta":{"_vp_format_video_url":"","_vp_image_focal_point":[],"footnotes":""},"categories":[61],"tags":[],"class_list":["post-10673","post","type-post","status-publish","format-standard","has-post-thumbnail","hentry","category-municipal"],"_links":{"self":[{"href":"https:\/\/muniovalle.cl\/sitio\/wp-json\/wp\/v2\/posts\/10673","targetHints":{"allow":["GET"]}}],"collection":[{"href":"https:\/\/muniovalle.cl\/sitio\/wp-json\/wp\/v2\/posts"}],"about":[{"href":"https:\/\/muniovalle.cl\/sitio\/wp-json\/wp\/v2\/types\/post"}],"author":[{"embeddable":true,"href":"https:\/\/muniovalle.cl\/sitio\/wp-json\/wp\/v2\/users\/3"}],"replies":[{"embeddable":true,"href":"https:\/\/muniovalle.cl\/sitio\/wp-json\/wp\/v2\/comments?post=10673"}],"version-history":[{"count":1,"href":"https:\/\/muniovalle.cl\/sitio\/wp-json\/wp\/v2\/posts\/10673\/revisions"}],"predecessor-version":[{"id":10675,"href":"https:\/\/muniovalle.cl\/sitio\/wp-json\/wp\/v2\/posts\/10673\/revisions\/10675"}],"wp:featuredmedia":[{"embeddable":true,"href":"https:\/\/muniovalle.cl\/sitio\/wp-json\/wp\/v2\/media\/10674"}],"wp:attachment":[{"href":"https:\/\/muniovalle.cl\/sitio\/wp-json\/wp\/v2\/media?parent=10673"}],"wp:term":[{"taxonomy":"category","embeddable":true,"href":"https:\/\/muniovalle.cl\/sitio\/wp-json\/wp\/v2\/categories?post=10673"},{"taxonomy":"post_tag","embeddable":true,"href":"https:\/\/muniovalle.cl\/sitio\/wp-json\/wp\/v2\/tags?post=10673"}],"curies":[{"name":"wp","href":"https:\/\/api.w.org\/{rel}","templated":true}]}}