{"id":10657,"date":"2025-08-27T14:51:35","date_gmt":"2025-08-27T18:51:35","guid":{"rendered":"https:\/\/muniovalle.cl\/sitio\/?p=10657"},"modified":"2025-08-27T15:09:29","modified_gmt":"2025-08-27T19:09:29","slug":"sotaqui-se-prepara-para-vivir-la-tradicional-fiesta-chica-del-nino-dios","status":"publish","type":"post","link":"https:\/\/muniovalle.cl\/sitio\/2025\/08\/27\/sotaqui-se-prepara-para-vivir-la-tradicional-fiesta-chica-del-nino-dios\/","title":{"rendered":"Sotaqu\u00ed se prepara para vivir la tradicional Fiesta Chica del Ni\u00f1o Dios"},"content":{"rendered":"<p><strong><em>Desde el pr\u00f3ximo 29 de agosto y hasta el 7 de septiembre, se desarrollar\u00e1n actividades en el marco de esta festividad religiosa. El municipio de Ovalle, en conjunto con la comunidad religiosa y entidades p\u00fablicas est\u00e1 coordinando acciones, con el fin de que los fieles asistan a un lugar seguro y ordenado.<\/em><\/strong><\/p>\n<p><img fetchpriority=\"high\" decoding=\"async\" class=\"alignnone size-medium wp-image-10658\" src=\"https:\/\/muniovalle.cl\/sitio\/wp-content\/uploads\/2025\/08\/Fiesta-del-Nino-Dios-de-Sotaqui-ok-1-300x200.jpg\" alt=\"\" width=\"300\" height=\"200\" srcset=\"https:\/\/muniovalle.cl\/sitio\/wp-content\/uploads\/2025\/08\/Fiesta-del-Nino-Dios-de-Sotaqui-ok-1-300x200.jpg 300w, https:\/\/muniovalle.cl\/sitio\/wp-content\/uploads\/2025\/08\/Fiesta-del-Nino-Dios-de-Sotaqui-ok-1-1024x682.jpg 1024w, https:\/\/muniovalle.cl\/sitio\/wp-content\/uploads\/2025\/08\/Fiesta-del-Nino-Dios-de-Sotaqui-ok-1-768x511.jpg 768w, https:\/\/muniovalle.cl\/sitio\/wp-content\/uploads\/2025\/08\/Fiesta-del-Nino-Dios-de-Sotaqui-ok-1-1536x1022.jpg 1536w, https:\/\/muniovalle.cl\/sitio\/wp-content\/uploads\/2025\/08\/Fiesta-del-Nino-Dios-de-Sotaqui-ok-1-2048x1363.jpg 2048w, https:\/\/muniovalle.cl\/sitio\/wp-content\/uploads\/2025\/08\/Fiesta-del-Nino-Dios-de-Sotaqui-ok-1-500x333.jpg 500w, https:\/\/muniovalle.cl\/sitio\/wp-content\/uploads\/2025\/08\/Fiesta-del-Nino-Dios-de-Sotaqui-ok-1-800x533.jpg 800w, https:\/\/muniovalle.cl\/sitio\/wp-content\/uploads\/2025\/08\/Fiesta-del-Nino-Dios-de-Sotaqui-ok-1-1280x852.jpg 1280w, https:\/\/muniovalle.cl\/sitio\/wp-content\/uploads\/2025\/08\/Fiesta-del-Nino-Dios-de-Sotaqui-ok-1-1920x1278.jpg 1920w\" sizes=\"(max-width: 300px) 100vw, 300px\" \/><\/p>\n<p>La localidad de Sotaqui ya se alista para recibir a fieles de todo el pa\u00eds, quienes participar\u00e1n en la Fiesta Chica del Ni\u00f1o Dios de Sotaqui, una de las celebraciones m\u00e1s importantes de la comuna. Si bien, las actividades se iniciar\u00e1n el pr\u00f3ximo 29 de agosto con la Novena, se concentrar\u00e1n principalmente los d\u00edas viernes 5, s\u00e1bado 6 y domingo 7 de septiembre, que ser\u00e1n las jornadas con mayor afluencia de p\u00fablico.<\/p>\n<p>La programaci\u00f3n contempla diversas actividades lit\u00fargicas y culturales en torno a la devoci\u00f3n del Ni\u00f1o Dios, que cada a\u00f1o convoca a peregrinos y agrupaciones de bailes religiosos provenientes de distintos puntos de la Regi\u00f3n de Coquimbo.<\/p>\n<p>El s\u00e1bado 6 de septiembre la jornada comenzar\u00e1 a las 08:00 horas con el Santo Rosario, seguido por las confirmaciones de los bailes religiosos, la adoraci\u00f3n al Sant\u00edsimo Sacramento y la tradicional Liturgia de las Velas a las 21:30 horas, cerrando el templo a las 23:00 horas.<\/p>\n<p>En tanto, el domingo 7 de septiembre se abrir\u00e1n las puertas del templo desde las 07:00 horas para celebrar una serie de misas durante la ma\u00f1ana. A las 10:00 horas se realizar\u00e1 el traslado de la imagen del Ni\u00f1o Dios al campo de oraci\u00f3n, para posteriormente dar paso a la presentaci\u00f3n de los bailes religiosos entre las 13:00 y las 15:45 horas.<\/p>\n<p>El punto m\u00e1s solemne de la festividad ser\u00e1 la Misa de Fiesta Chica a las 16:00 horas, seguida por la procesi\u00f3n programada para las 17:00 horas. Finalmente, la celebraci\u00f3n culminar\u00e1 con la Misa de Clausura y la subida de la imagen del Ni\u00f1o Dios alrededor de las 20:00 horas.<\/p>\n<p>Al respecto, el alcalde de Ovalle, H\u00e9ctor Vega Campusano sostuvo que est\u00e1n trabajando coordinadamente con la junta de vecinos de Sotaqui, la comunidad religiosa y con entidades p\u00fablicas, \u201cpara que sea un fiesta ordenada y segura, porque queremos que los fieles de la comuna, la Regi\u00f3n de Coquimbo y el pa\u00eds, asistan con tranquilidad y participen de las diversas actividades, en el marco de la Fiesta Chica del Ni\u00f1o Dios de Sotaqui\u201d.<\/p>\n<p><strong>Venta de puestos <\/strong><\/p>\n<p>El municipio de Ovalle abrir\u00e1 el proceso de adquisici\u00f3n de puestos, los d\u00edas 3 y 4 de septiembre, de 8.30 a 13.30 horas y de 15.30 a 17.00 horas en el Cendyr Municipal, donde se entregar\u00e1n 100 n\u00fameros diarios. Los interesados deber\u00e1n presentar su c\u00e9dula de identidad vigente y Certificado de Antecedentes y la atenci\u00f3n ser\u00e1 por orden de llegada. El monto por puesto es de $55.000 y cada persona podr\u00e1 adquirir dos espacios, los cuales son intransferibles y est\u00e1 prohibida su venta.<\/p>\n<p>Desde el municipio de Ovalle invitan a la comunidad a participar con fe y respeto en esta conmemoraci\u00f3n religiosa, que constituye un espacio de encuentro cultural y espiritual para toda la provincia del Limar\u00ed.<\/p>\n<p>&nbsp;<\/p>\n<p>&nbsp;<\/p>\n","protected":false},"excerpt":{"rendered":"<p>Desde el pr\u00f3ximo 29 de agosto y hasta el 7 de septiembre, se desarrollar\u00e1n actividades en el marco de esta festividad religiosa. El municipio de Ovalle, en conjunto con la comunidad religiosa y entidades p\u00fablicas est\u00e1 coordinando acciones, con el fin de que los fieles asistan a un lugar seguro y ordenado. La localidad de Sotaqui ya se alista para recibir a fieles de todo el pa\u00eds, quienes participar\u00e1n en la Fiesta Chica del Ni\u00f1o Dios de Sotaqui, una de las celebraciones m\u00e1s importantes de la comuna. Si bien, las actividades se iniciar\u00e1n el pr\u00f3ximo 29 de agosto con la Novena, se concentrar\u00e1n principalmente los d\u00edas viernes 5, s\u00e1bado 6 y domingo 7 de septiembre, que ser\u00e1n las jornadas con mayor afluencia de p\u00fablico. La programaci\u00f3n contempla diversas actividades lit\u00fargicas y culturales en torno a la devoci\u00f3n del Ni\u00f1o Dios, que cada a\u00f1o convoca a peregrinos y agrupaciones de bailes religiosos provenientes de distintos puntos de la Regi\u00f3n de Coquimbo. El s\u00e1bado 6 de septiembre la jornada comenzar\u00e1 a las 08:00 horas con el Santo Rosario, seguido por las confirmaciones de los bailes religiosos, la adoraci\u00f3n al Sant\u00edsimo Sacramento y la tradicional Liturgia de las Velas a las 21:30 horas, cerrando el templo a las 23:00 horas. En tanto, el domingo 7 de septiembre se abrir\u00e1n las puertas del templo desde las 07:00 horas para celebrar una serie de misas durante la ma\u00f1ana. A las 10:00 horas se realizar\u00e1 el traslado de la imagen del Ni\u00f1o Dios al campo de oraci\u00f3n, para posteriormente dar paso a la presentaci\u00f3n de los bailes religiosos entre las 13:00 y las 15:45 horas. El punto m\u00e1s solemne de la festividad ser\u00e1 la Misa de Fiesta Chica a las 16:00 horas, seguida por la procesi\u00f3n programada para las 17:00 horas. Finalmente, la celebraci\u00f3n culminar\u00e1 con la Misa de Clausura y la subida de la imagen del Ni\u00f1o Dios alrededor de las 20:00 horas. Al respecto, el alcalde de Ovalle, H\u00e9ctor Vega Campusano sostuvo que est\u00e1n trabajando coordinadamente con la junta de vecinos de Sotaqui, la comunidad religiosa y con entidades p\u00fablicas, \u201cpara que sea un fiesta ordenada y segura, porque queremos que los fieles de la comuna, la Regi\u00f3n de Coquimbo y el pa\u00eds, asistan con tranquilidad y participen de las diversas actividades, en el marco de la Fiesta Chica del Ni\u00f1o Dios de Sotaqui\u201d. Venta de puestos El municipio de Ovalle abrir\u00e1 el proceso de adquisici\u00f3n de puestos, los d\u00edas 3 y 4 de septiembre, de 8.30 a 13.30 horas y de 15.30 a 17.00 horas en el Cendyr Municipal, donde se entregar\u00e1n 100 n\u00fameros diarios. Los interesados deber\u00e1n presentar su c\u00e9dula de identidad vigente y Certificado de Antecedentes y la atenci\u00f3n ser\u00e1 por orden de llegada. El monto por puesto es de $55.000 y cada persona podr\u00e1 adquirir dos espacios, los cuales son intransferibles y est\u00e1 prohibida su venta. Desde el municipio de Ovalle invitan a la comunidad a participar con fe y respeto en esta conmemoraci\u00f3n religiosa, que constituye un espacio de encuentro cultural y espiritual para toda la provincia del Limar\u00ed. &nbsp; &nbsp;<\/p>\n","protected":false},"author":3,"featured_media":10658,"comment_status":"closed","ping_status":"closed","sticky":false,"template":"","format":"standard","meta":{"_vp_format_video_url":"","_vp_image_focal_point":[],"footnotes":""},"categories":[61],"tags":[],"class_list":["post-10657","post","type-post","status-publish","format-standard","has-post-thumbnail","hentry","category-municipal"],"_links":{"self":[{"href":"https:\/\/muniovalle.cl\/sitio\/wp-json\/wp\/v2\/posts\/10657","targetHints":{"allow":["GET"]}}],"collection":[{"href":"https:\/\/muniovalle.cl\/sitio\/wp-json\/wp\/v2\/posts"}],"about":[{"href":"https:\/\/muniovalle.cl\/sitio\/wp-json\/wp\/v2\/types\/post"}],"author":[{"embeddable":true,"href":"https:\/\/muniovalle.cl\/sitio\/wp-json\/wp\/v2\/users\/3"}],"replies":[{"embeddable":true,"href":"https:\/\/muniovalle.cl\/sitio\/wp-json\/wp\/v2\/comments?post=10657"}],"version-history":[{"count":1,"href":"https:\/\/muniovalle.cl\/sitio\/wp-json\/wp\/v2\/posts\/10657\/revisions"}],"predecessor-version":[{"id":10659,"href":"https:\/\/muniovalle.cl\/sitio\/wp-json\/wp\/v2\/posts\/10657\/revisions\/10659"}],"wp:featuredmedia":[{"embeddable":true,"href":"https:\/\/muniovalle.cl\/sitio\/wp-json\/wp\/v2\/media\/10658"}],"wp:attachment":[{"href":"https:\/\/muniovalle.cl\/sitio\/wp-json\/wp\/v2\/media?parent=10657"}],"wp:term":[{"taxonomy":"category","embeddable":true,"href":"https:\/\/muniovalle.cl\/sitio\/wp-json\/wp\/v2\/categories?post=10657"},{"taxonomy":"post_tag","embeddable":true,"href":"https:\/\/muniovalle.cl\/sitio\/wp-json\/wp\/v2\/tags?post=10657"}],"curies":[{"name":"wp","href":"https:\/\/api.w.org\/{rel}","templated":true}]}}