{"id":10273,"date":"2025-06-30T14:13:11","date_gmt":"2025-06-30T18:13:11","guid":{"rendered":"https:\/\/muniovalle.cl\/sitio\/?p=10273"},"modified":"2025-06-30T14:17:14","modified_gmt":"2025-06-30T18:17:14","slug":"celebracion-a-san-pedro-patrono-de-los-pescadores-congrega-a-mas-de-300-personas-en-caleta-talquilla","status":"publish","type":"post","link":"https:\/\/muniovalle.cl\/sitio\/2025\/06\/30\/celebracion-a-san-pedro-patrono-de-los-pescadores-congrega-a-mas-de-300-personas-en-caleta-talquilla\/","title":{"rendered":"Celebraci\u00f3n a San Pedro, Patrono de los Pescadores, congrega a m\u00e1s de 300 personas en Caleta Talquilla"},"content":{"rendered":"<p style=\"font-weight: 400;\"><strong><em>Tradici\u00f3n, fe y mar se unieron en una emotiva jornada con misa, procesi\u00f3n y bailes religiosos.<\/em><\/strong><\/p>\n<p><img fetchpriority=\"high\" decoding=\"async\" class=\"alignnone size-medium wp-image-10274\" src=\"https:\/\/muniovalle.cl\/sitio\/wp-content\/uploads\/2025\/06\/Fiesta-San-Pedro1-300x169.jpeg\" alt=\"\" width=\"300\" height=\"169\" srcset=\"https:\/\/muniovalle.cl\/sitio\/wp-content\/uploads\/2025\/06\/Fiesta-San-Pedro1-300x169.jpeg 300w, https:\/\/muniovalle.cl\/sitio\/wp-content\/uploads\/2025\/06\/Fiesta-San-Pedro1-1024x577.jpeg 1024w, https:\/\/muniovalle.cl\/sitio\/wp-content\/uploads\/2025\/06\/Fiesta-San-Pedro1-768x432.jpeg 768w, https:\/\/muniovalle.cl\/sitio\/wp-content\/uploads\/2025\/06\/Fiesta-San-Pedro1-1536x865.jpeg 1536w, https:\/\/muniovalle.cl\/sitio\/wp-content\/uploads\/2025\/06\/Fiesta-San-Pedro1-2048x1153.jpeg 2048w, https:\/\/muniovalle.cl\/sitio\/wp-content\/uploads\/2025\/06\/Fiesta-San-Pedro1-500x282.jpeg 500w, https:\/\/muniovalle.cl\/sitio\/wp-content\/uploads\/2025\/06\/Fiesta-San-Pedro1-800x450.jpeg 800w, https:\/\/muniovalle.cl\/sitio\/wp-content\/uploads\/2025\/06\/Fiesta-San-Pedro1-1280x721.jpeg 1280w, https:\/\/muniovalle.cl\/sitio\/wp-content\/uploads\/2025\/06\/Fiesta-San-Pedro1-1920x1081.jpeg 1920w\" sizes=\"(max-width: 300px) 100vw, 300px\" \/><\/p>\n<p style=\"font-weight: 400;\">La Caleta Talquilla vivi\u00f3 una de sus jornadas m\u00e1s significativas con la tradicional Fiesta de San Pedro, patrono de los pescadores, que reuni\u00f3 a m\u00e1s de 300 personas entre vecinos, visitantes y familias del sector. La actividad fue organizada por la comunidad pesquera, con el apoyo del municipio de Ovalle, y estuvo marcada por la devoci\u00f3n, el folclore y el reconocimiento al trabajo de quienes viven del mar.<\/p>\n<p style=\"font-weight: 400;\">Desde temprano comenzaron las actividades en la caleta, con la llegada de delegaciones provenientes de distintos sectores rurales y urbanos de la comuna. Aunque el d\u00eda estuvo soleado, un viento muy fr\u00edo acompa\u00f1\u00f3 gran parte de la jornada, sin desmotivar la masiva asistencia. La ceremonia incluy\u00f3 una misa al aire libre, bautizos, presentaciones de bailes chinos y una emotiva procesi\u00f3n con la imagen de San Pedro, que recorri\u00f3 la caleta frente a la mirada atenta de cientos de feligreses.<\/p>\n<p style=\"font-weight: 400;\">El alcalde de Ovalle, H\u00e9ctor Vega Campusano, valor\u00f3 el esfuerzo de la comunidad pesquera por mantener vivas sus tradiciones y anunci\u00f3 apoyos de parte del municipio para mejorar la conectividad vial de las caletas de la comuna. \u201cEstamos en Caleta Talquilla, donde vino gran cantidad de personas a celebrar a San Pedro, patrono de los pescadores, con bailes chinos. Y tambi\u00e9n estamos disfrutando de esta costa tan hermosa que tiene la comuna con las ocho caletas que la componen. As\u00ed que estamos contentos\u201d, afirm\u00f3 el jefe comunal y agreg\u00f3 que \u00a0\u201cestamos trabajando para traer inversiones a este sector, como la pavimentaci\u00f3n del camino para la Caleta Talca, que conecta tambi\u00e9n a la Caleta Talquilla. As\u00ed que estamos trabajando para poder avanzar y mejorar las condiciones de nuestras caletas pesqueras\u201d, puntualiz\u00f3.<\/p>\n<p style=\"font-weight: 400;\">Fernando Andrade, presidente del sindicato de pescadores y alcalde de mar de la caleta, destac\u00f3 la importancia cultural de la fiesta. \u201cEsto es s\u00faper importante, porque es el santo patrono de nosotros los pescadores. Estamos celebrando desde el a\u00f1o 2002 en adelante y empezamos con una fiesta chiquita y hoy en d\u00eda, ya es una fiesta muy grande. Esperamos llegar si Dios quiere, m\u00e1s adelante, al doble\u201d manifest\u00f3 y a\u00f1adi\u00f3 que \u201cdesde el a\u00f1o pasado hasta ahora, nos sirvi\u00f3 harto el acompa\u00f1amiento. As\u00ed que ha resultado muy bien y que nos acompa\u00f1en la gente estamos muy agradecidos\u201d, expres\u00f3.<\/p>\n<p style=\"font-weight: 400;\">Desde el sector El Portal, en Ovalle, Claudio D\u00edaz, uno de los asistentes, coment\u00f3 que \u201cpara ser primera vez que venimos con mi familia, la experiencia ha sido bastante buena. Un poco de viento nom\u00e1s. Nos enteramos a trav\u00e9s de las redes sociales de la Ilustre Municipalidad de Ovalle. As\u00ed que feliz de estar compartiendo y conociendo lo que es la Caleta Talquilla que no conoc\u00edamos\u201d. Por su parte, Luc\u00eda Casanga, visitante ovallina, afirm\u00f3 que \u201clo he encontrado muy lindo. La verdad es que nos ha sorprendido bastante la cantidad de gente que lleg\u00f3 ac\u00e1, la procesi\u00f3n, los bailes, ha estado todo muy bonito\u201d, recalc\u00f3.<\/p>\n<p style=\"font-weight: 400;\">La Fiesta de San Pedro en Caleta Talquilla reafirma as\u00ed su rol como un punto de encuentro entre la espiritualidad, la cultura y la vida cotidiana de quienes dependen del mar, consolid\u00e1ndose como una tradici\u00f3n viva que sigue convocando a nuevas generaciones.<\/p>\n","protected":false},"excerpt":{"rendered":"<p>Tradici\u00f3n, fe y mar se unieron en una emotiva jornada con misa, procesi\u00f3n y bailes religiosos. La Caleta Talquilla vivi\u00f3 una de sus jornadas m\u00e1s significativas con la tradicional Fiesta de San Pedro, patrono de los pescadores, que reuni\u00f3 a m\u00e1s de 300 personas entre vecinos, visitantes y familias del sector. La actividad fue organizada por la comunidad pesquera, con el apoyo del municipio de Ovalle, y estuvo marcada por la devoci\u00f3n, el folclore y el reconocimiento al trabajo de quienes viven del mar. Desde temprano comenzaron las actividades en la caleta, con la llegada de delegaciones provenientes de distintos sectores rurales y urbanos de la comuna. Aunque el d\u00eda estuvo soleado, un viento muy fr\u00edo acompa\u00f1\u00f3 gran parte de la jornada, sin desmotivar la masiva asistencia. La ceremonia incluy\u00f3 una misa al aire libre, bautizos, presentaciones de bailes chinos y una emotiva procesi\u00f3n con la imagen de San Pedro, que recorri\u00f3 la caleta frente a la mirada atenta de cientos de feligreses. El alcalde de Ovalle, H\u00e9ctor Vega Campusano, valor\u00f3 el esfuerzo de la comunidad pesquera por mantener vivas sus tradiciones y anunci\u00f3 apoyos de parte del municipio para mejorar la conectividad vial de las caletas de la comuna. \u201cEstamos en Caleta Talquilla, donde vino gran cantidad de personas a celebrar a San Pedro, patrono de los pescadores, con bailes chinos. Y tambi\u00e9n estamos disfrutando de esta costa tan hermosa que tiene la comuna con las ocho caletas que la componen. As\u00ed que estamos contentos\u201d, afirm\u00f3 el jefe comunal y agreg\u00f3 que \u00a0\u201cestamos trabajando para traer inversiones a este sector, como la pavimentaci\u00f3n del camino para la Caleta Talca, que conecta tambi\u00e9n a la Caleta Talquilla. As\u00ed que estamos trabajando para poder avanzar y mejorar las condiciones de nuestras caletas pesqueras\u201d, puntualiz\u00f3. Fernando Andrade, presidente del sindicato de pescadores y alcalde de mar de la caleta, destac\u00f3 la importancia cultural de la fiesta. \u201cEsto es s\u00faper importante, porque es el santo patrono de nosotros los pescadores. Estamos celebrando desde el a\u00f1o 2002 en adelante y empezamos con una fiesta chiquita y hoy en d\u00eda, ya es una fiesta muy grande. Esperamos llegar si Dios quiere, m\u00e1s adelante, al doble\u201d manifest\u00f3 y a\u00f1adi\u00f3 que \u201cdesde el a\u00f1o pasado hasta ahora, nos sirvi\u00f3 harto el acompa\u00f1amiento. As\u00ed que ha resultado muy bien y que nos acompa\u00f1en la gente estamos muy agradecidos\u201d, expres\u00f3. Desde el sector El Portal, en Ovalle, Claudio D\u00edaz, uno de los asistentes, coment\u00f3 que \u201cpara ser primera vez que venimos con mi familia, la experiencia ha sido bastante buena. Un poco de viento nom\u00e1s. Nos enteramos a trav\u00e9s de las redes sociales de la Ilustre Municipalidad de Ovalle. As\u00ed que feliz de estar compartiendo y conociendo lo que es la Caleta Talquilla que no conoc\u00edamos\u201d. Por su parte, Luc\u00eda Casanga, visitante ovallina, afirm\u00f3 que \u201clo he encontrado muy lindo. La verdad es que nos ha sorprendido bastante la cantidad de gente que lleg\u00f3 ac\u00e1, la procesi\u00f3n, los bailes, ha estado todo muy bonito\u201d, recalc\u00f3. La Fiesta de San Pedro en Caleta Talquilla reafirma as\u00ed su rol como un punto de encuentro entre la espiritualidad, la cultura y la vida cotidiana de quienes dependen del mar, consolid\u00e1ndose como una tradici\u00f3n viva que sigue convocando a nuevas generaciones.<\/p>\n","protected":false},"author":3,"featured_media":10274,"comment_status":"closed","ping_status":"closed","sticky":false,"template":"","format":"standard","meta":{"_vp_format_video_url":"","_vp_image_focal_point":[],"footnotes":""},"categories":[61],"tags":[],"class_list":["post-10273","post","type-post","status-publish","format-standard","has-post-thumbnail","hentry","category-municipal"],"_links":{"self":[{"href":"https:\/\/muniovalle.cl\/sitio\/wp-json\/wp\/v2\/posts\/10273","targetHints":{"allow":["GET"]}}],"collection":[{"href":"https:\/\/muniovalle.cl\/sitio\/wp-json\/wp\/v2\/posts"}],"about":[{"href":"https:\/\/muniovalle.cl\/sitio\/wp-json\/wp\/v2\/types\/post"}],"author":[{"embeddable":true,"href":"https:\/\/muniovalle.cl\/sitio\/wp-json\/wp\/v2\/users\/3"}],"replies":[{"embeddable":true,"href":"https:\/\/muniovalle.cl\/sitio\/wp-json\/wp\/v2\/comments?post=10273"}],"version-history":[{"count":1,"href":"https:\/\/muniovalle.cl\/sitio\/wp-json\/wp\/v2\/posts\/10273\/revisions"}],"predecessor-version":[{"id":10275,"href":"https:\/\/muniovalle.cl\/sitio\/wp-json\/wp\/v2\/posts\/10273\/revisions\/10275"}],"wp:featuredmedia":[{"embeddable":true,"href":"https:\/\/muniovalle.cl\/sitio\/wp-json\/wp\/v2\/media\/10274"}],"wp:attachment":[{"href":"https:\/\/muniovalle.cl\/sitio\/wp-json\/wp\/v2\/media?parent=10273"}],"wp:term":[{"taxonomy":"category","embeddable":true,"href":"https:\/\/muniovalle.cl\/sitio\/wp-json\/wp\/v2\/categories?post=10273"},{"taxonomy":"post_tag","embeddable":true,"href":"https:\/\/muniovalle.cl\/sitio\/wp-json\/wp\/v2\/tags?post=10273"}],"curies":[{"name":"wp","href":"https:\/\/api.w.org\/{rel}","templated":true}]}}