{"id":10186,"date":"2025-06-13T15:36:56","date_gmt":"2025-06-13T19:36:56","guid":{"rendered":"https:\/\/muniovalle.cl\/sitio\/?p=10186"},"modified":"2025-06-13T15:36:56","modified_gmt":"2025-06-13T19:36:56","slug":"festival-escolar-reune-talento-y-calidad-vocal-de-mas-de-30-estudiantes-de-la-comuna","status":"publish","type":"post","link":"https:\/\/muniovalle.cl\/sitio\/2025\/06\/13\/festival-escolar-reune-talento-y-calidad-vocal-de-mas-de-30-estudiantes-de-la-comuna\/","title":{"rendered":"Festival Escolar re\u00fane talento y calidad vocal de m\u00e1s de 30 estudiantes de la comuna"},"content":{"rendered":"<p><strong><em>La competencia organizada por el \u00e1rea extraescolar del Departamento de Educaci\u00f3n Municipal dej\u00f3 a los representantes del Liceo Alejandro \u00c1lvarez Jofr\u00e9 y Colegio de Artes Eliseo Videla Jorquera con el primer lugar del certamen<\/em><\/strong><\/p>\n<p><img fetchpriority=\"high\" decoding=\"async\" class=\"alignnone size-medium wp-image-10187\" src=\"https:\/\/muniovalle.cl\/sitio\/wp-content\/uploads\/2025\/06\/isidora-ganadora-ensenanza-media-200x300.jpg\" alt=\"\" width=\"200\" height=\"300\" srcset=\"https:\/\/muniovalle.cl\/sitio\/wp-content\/uploads\/2025\/06\/isidora-ganadora-ensenanza-media-200x300.jpg 200w, https:\/\/muniovalle.cl\/sitio\/wp-content\/uploads\/2025\/06\/isidora-ganadora-ensenanza-media-683x1024.jpg 683w, https:\/\/muniovalle.cl\/sitio\/wp-content\/uploads\/2025\/06\/isidora-ganadora-ensenanza-media-768x1152.jpg 768w, https:\/\/muniovalle.cl\/sitio\/wp-content\/uploads\/2025\/06\/isidora-ganadora-ensenanza-media-1024x1536.jpg 1024w, https:\/\/muniovalle.cl\/sitio\/wp-content\/uploads\/2025\/06\/isidora-ganadora-ensenanza-media-500x750.jpg 500w, https:\/\/muniovalle.cl\/sitio\/wp-content\/uploads\/2025\/06\/isidora-ganadora-ensenanza-media-800x1200.jpg 800w, https:\/\/muniovalle.cl\/sitio\/wp-content\/uploads\/2025\/06\/isidora-ganadora-ensenanza-media-1280x1920.jpg 1280w, https:\/\/muniovalle.cl\/sitio\/wp-content\/uploads\/2025\/06\/isidora-ganadora-ensenanza-media.jpg 1365w\" sizes=\"(max-width: 200px) 100vw, 200px\" \/><\/p>\n<p>Treinta y dos estudiantes del sector urbano y rural, dieron vida a la segunda versi\u00f3n del Festival \u201cLa Voz Escolar Ovalle 2025\u201d, desarrollado hace algunos d\u00edas en el Teatro Municipal de Ovalle (TMO).<\/p>\n<p>El evento organizado por el \u00e1rea extraescolar del Departamento de Educaci\u00f3n Municipal (DEM), cont\u00f3 con la participaci\u00f3n de representantes de establecimientos municipales y particulares subvencionados, en competencias de ense\u00f1anza b\u00e1sica y media.<\/p>\n<p>La actividad tuvo por objetivo promover y estimular el talento art\u00edstico de los alumnos y alumnas, a trav\u00e9s del canto; y ofrecer una instancia art\u00edstica cultural para encontrar nuevos talentos escolares.<\/p>\n<p>En la instancia participaron las Escuelas Manuel Espinoza L\u00f3pez, \u00d3scar Araya Molina, Aurora de Chile (Nueva Aurora), Guardiamarina Ernesto Riquelme Venegas, Valent\u00edn Letelier (Villaseca), Los nogales, Jos\u00e9 Tom\u00e1s Ovalle, Arturo Alessandri Palma, Antonio Tirado Lanas, San Antonio de la \u00a0Villa (Barraza), Luc\u00eda N\u00fa\u00f1ez de la Cuadra (La Torre) y Vista Hermosa; los Colegios de Artes Eliseo Videla Jorquera, La Providencia, Dalmacia, Amalia Err\u00e1zuriz, Pucar\u00e1, Tamelcura, Fray Jorge, Santa Mar\u00eda, Santa Teresa de Jes\u00fas, Santa Mar\u00eda Eufrasia y Ra\u00fal Silva Henr\u00edquez; adem\u00e1s de los Liceos Alejandro \u00c1lvarez Jofr\u00e9 y Agr\u00edcola Tadeo Perry Barnes.<\/p>\n<p>En la categor\u00eda ense\u00f1anza b\u00e1sica, la ganadora fue Sof\u00eda Rivera \u00c1ngel, estudiante de 7\u00b0 a\u00f1o del Liceo Alejandro \u00c1lvarez Jofr\u00e9, quien interpret\u00f3 la canci\u00f3n \u201cLa Cigarra\u201d; seguida por Claudia Godoy Campos (Escuela Arturo Alessandri Palma) y Lucas Pacheco Cort\u00e9s (Escuela Aurora de Chile). Adem\u00e1s, se entreg\u00f3 una menci\u00f3n honrosa a Agust\u00edn Zamora Barraza (Colegio Tamelcura).<\/p>\n<p>Mientras que en la competencia ense\u00f1anza media, Isidora Cort\u00e9s Galleguillos, estudiante de segundo medio del Colegio de Artes Eliseo Videla Jorquera, se qued\u00f3 con el t\u00edtulo tras la interpretaci\u00f3n de \u201cCheck to check\u201d. El segundo puesto fue para Valentina Hern\u00e1ndez Hidalgo (Colegio La Providencia), seguida de Luis Rivera Araya (Liceo Alejandro \u00c1lvarez Jofr\u00e9). La menci\u00f3n honrosa fue para Josefa Miranda Segovia (Colegio Tamelcura).<\/p>\n<p>\u201cHemos tenido el privilegio de poder presenciar una tremenda competencia de canto, donde los estudiantes de la comuna, apoyados por sus profesores y familia, han podido demostrar su gran talento en este escenario. Como Departamento de Educaci\u00f3n y Municipalidad nos da mucha alegr\u00eda poder generar estas instancias art\u00edsticas tan necesarias para el desarrollo de los escolares\u201d, recalc\u00f3 el jefe DEM Francisco Oshiro Riveros.<\/p>\n<p>El broche de oro a la muestra de talento y desplante escolar lo puso la banda \u201cAnticalibres\u201d, agrupaci\u00f3n musical conformada por estudiantes del Liceo Alejandro \u00c1lvarez Jofr\u00e9 y del Colegio San Juan Bautista, quienes deleitaron al p\u00fablico con un repertorio cargado de rock.<\/p>\n<p>&nbsp;<\/p>\n<p>GANADORES<\/p>\n<p>Tras la final del certamen, Sof\u00eda Rivera, ganadora de la competencia ense\u00f1anza media, declar\u00f3 que \u201cdesde peque\u00f1a en mi casa se escucha m\u00fasica mexicana, amo las rancheras y me encanta el canto. Por eso buscamos una canci\u00f3n de este estilo que m permitiera interpretar de la mejor forma y pude conseguir el primer lugar, lo que me pone muy feliz. Le agradezco a mi familia y al profesor que me ayud\u00f3 a prepararme\u201d.<\/p>\n<p>Mientras que Isidora Cort\u00e9s, quien obtuvo el primer lugar en categor\u00eda ense\u00f1anza media, expres\u00f3 que \u201cme siento muy feliz y emocionada, hace algunos d\u00edas tambi\u00e9n gan\u00e9 un concurso de cuenter\u00eda, lo que me pone doblemente feliz. Fue una gran sorpresa ganar este festival, la competencia estuvo muy re\u00f1ida. Se lo dedico a mi mam\u00e1 a mi familia y a todos los que siempre me han apoyado en el canto\u201d.<\/p>\n<p>&nbsp;<\/p>\n<p>&nbsp;<\/p>\n<p>&nbsp;<\/p>\n<p>&nbsp;<\/p>\n","protected":false},"excerpt":{"rendered":"<p>La competencia organizada por el \u00e1rea extraescolar del Departamento de Educaci\u00f3n Municipal dej\u00f3 a los representantes del Liceo Alejandro \u00c1lvarez Jofr\u00e9 y Colegio de Artes Eliseo Videla Jorquera con el primer lugar del certamen Treinta y dos estudiantes del sector urbano y rural, dieron vida a la segunda versi\u00f3n del Festival \u201cLa Voz Escolar Ovalle 2025\u201d, desarrollado hace algunos d\u00edas en el Teatro Municipal de Ovalle (TMO). El evento organizado por el \u00e1rea extraescolar del Departamento de Educaci\u00f3n Municipal (DEM), cont\u00f3 con la participaci\u00f3n de representantes de establecimientos municipales y particulares subvencionados, en competencias de ense\u00f1anza b\u00e1sica y media. La actividad tuvo por objetivo promover y estimular el talento art\u00edstico de los alumnos y alumnas, a trav\u00e9s del canto; y ofrecer una instancia art\u00edstica cultural para encontrar nuevos talentos escolares. En la instancia participaron las Escuelas Manuel Espinoza L\u00f3pez, \u00d3scar Araya Molina, Aurora de Chile (Nueva Aurora), Guardiamarina Ernesto Riquelme Venegas, Valent\u00edn Letelier (Villaseca), Los nogales, Jos\u00e9 Tom\u00e1s Ovalle, Arturo Alessandri Palma, Antonio Tirado Lanas, San Antonio de la \u00a0Villa (Barraza), Luc\u00eda N\u00fa\u00f1ez de la Cuadra (La Torre) y Vista Hermosa; los Colegios de Artes Eliseo Videla Jorquera, La Providencia, Dalmacia, Amalia Err\u00e1zuriz, Pucar\u00e1, Tamelcura, Fray Jorge, Santa Mar\u00eda, Santa Teresa de Jes\u00fas, Santa Mar\u00eda Eufrasia y Ra\u00fal Silva Henr\u00edquez; adem\u00e1s de los Liceos Alejandro \u00c1lvarez Jofr\u00e9 y Agr\u00edcola Tadeo Perry Barnes. En la categor\u00eda ense\u00f1anza b\u00e1sica, la ganadora fue Sof\u00eda Rivera \u00c1ngel, estudiante de 7\u00b0 a\u00f1o del Liceo Alejandro \u00c1lvarez Jofr\u00e9, quien interpret\u00f3 la canci\u00f3n \u201cLa Cigarra\u201d; seguida por Claudia Godoy Campos (Escuela Arturo Alessandri Palma) y Lucas Pacheco Cort\u00e9s (Escuela Aurora de Chile). Adem\u00e1s, se entreg\u00f3 una menci\u00f3n honrosa a Agust\u00edn Zamora Barraza (Colegio Tamelcura). Mientras que en la competencia ense\u00f1anza media, Isidora Cort\u00e9s Galleguillos, estudiante de segundo medio del Colegio de Artes Eliseo Videla Jorquera, se qued\u00f3 con el t\u00edtulo tras la interpretaci\u00f3n de \u201cCheck to check\u201d. El segundo puesto fue para Valentina Hern\u00e1ndez Hidalgo (Colegio La Providencia), seguida de Luis Rivera Araya (Liceo Alejandro \u00c1lvarez Jofr\u00e9). La menci\u00f3n honrosa fue para Josefa Miranda Segovia (Colegio Tamelcura). \u201cHemos tenido el privilegio de poder presenciar una tremenda competencia de canto, donde los estudiantes de la comuna, apoyados por sus profesores y familia, han podido demostrar su gran talento en este escenario. Como Departamento de Educaci\u00f3n y Municipalidad nos da mucha alegr\u00eda poder generar estas instancias art\u00edsticas tan necesarias para el desarrollo de los escolares\u201d, recalc\u00f3 el jefe DEM Francisco Oshiro Riveros. El broche de oro a la muestra de talento y desplante escolar lo puso la banda \u201cAnticalibres\u201d, agrupaci\u00f3n musical conformada por estudiantes del Liceo Alejandro \u00c1lvarez Jofr\u00e9 y del Colegio San Juan Bautista, quienes deleitaron al p\u00fablico con un repertorio cargado de rock. &nbsp; GANADORES Tras la final del certamen, Sof\u00eda Rivera, ganadora de la competencia ense\u00f1anza media, declar\u00f3 que \u201cdesde peque\u00f1a en mi casa se escucha m\u00fasica mexicana, amo las rancheras y me encanta el canto. Por eso buscamos una canci\u00f3n de este estilo que m permitiera interpretar de la mejor forma y pude conseguir el primer lugar, lo que me pone muy feliz. Le agradezco a mi familia y al profesor que me ayud\u00f3 a prepararme\u201d. Mientras que Isidora Cort\u00e9s, quien obtuvo el primer lugar en categor\u00eda ense\u00f1anza media, expres\u00f3 que \u201cme siento muy feliz y emocionada, hace algunos d\u00edas tambi\u00e9n gan\u00e9 un concurso de cuenter\u00eda, lo que me pone doblemente feliz. Fue una gran sorpresa ganar este festival, la competencia estuvo muy re\u00f1ida. Se lo dedico a mi mam\u00e1 a mi familia y a todos los que siempre me han apoyado en el canto\u201d. &nbsp; &nbsp; &nbsp; &nbsp;<\/p>\n","protected":false},"author":3,"featured_media":10187,"comment_status":"closed","ping_status":"closed","sticky":false,"template":"","format":"standard","meta":{"_vp_format_video_url":"","_vp_image_focal_point":[],"footnotes":""},"categories":[61],"tags":[],"class_list":["post-10186","post","type-post","status-publish","format-standard","has-post-thumbnail","hentry","category-municipal"],"_links":{"self":[{"href":"https:\/\/muniovalle.cl\/sitio\/wp-json\/wp\/v2\/posts\/10186","targetHints":{"allow":["GET"]}}],"collection":[{"href":"https:\/\/muniovalle.cl\/sitio\/wp-json\/wp\/v2\/posts"}],"about":[{"href":"https:\/\/muniovalle.cl\/sitio\/wp-json\/wp\/v2\/types\/post"}],"author":[{"embeddable":true,"href":"https:\/\/muniovalle.cl\/sitio\/wp-json\/wp\/v2\/users\/3"}],"replies":[{"embeddable":true,"href":"https:\/\/muniovalle.cl\/sitio\/wp-json\/wp\/v2\/comments?post=10186"}],"version-history":[{"count":1,"href":"https:\/\/muniovalle.cl\/sitio\/wp-json\/wp\/v2\/posts\/10186\/revisions"}],"predecessor-version":[{"id":10188,"href":"https:\/\/muniovalle.cl\/sitio\/wp-json\/wp\/v2\/posts\/10186\/revisions\/10188"}],"wp:featuredmedia":[{"embeddable":true,"href":"https:\/\/muniovalle.cl\/sitio\/wp-json\/wp\/v2\/media\/10187"}],"wp:attachment":[{"href":"https:\/\/muniovalle.cl\/sitio\/wp-json\/wp\/v2\/media?parent=10186"}],"wp:term":[{"taxonomy":"category","embeddable":true,"href":"https:\/\/muniovalle.cl\/sitio\/wp-json\/wp\/v2\/categories?post=10186"},{"taxonomy":"post_tag","embeddable":true,"href":"https:\/\/muniovalle.cl\/sitio\/wp-json\/wp\/v2\/tags?post=10186"}],"curies":[{"name":"wp","href":"https:\/\/api.w.org\/{rel}","templated":true}]}}