{"id":10183,"date":"2025-06-13T15:33:30","date_gmt":"2025-06-13T19:33:30","guid":{"rendered":"https:\/\/muniovalle.cl\/sitio\/?p=10183"},"modified":"2025-06-13T15:42:31","modified_gmt":"2025-06-13T19:42:31","slug":"con-gran-exito-culmina-el-vii-concurso-de-cuenteria-ovalle-2025","status":"publish","type":"post","link":"https:\/\/muniovalle.cl\/sitio\/2025\/06\/13\/con-gran-exito-culmina-el-vii-concurso-de-cuenteria-ovalle-2025\/","title":{"rendered":"Con gran \u00e9xito culmina el VII Concurso de Cuenter\u00eda Ovalle 2025"},"content":{"rendered":"<p style=\"text-align: justify;\"><strong><em>El certamen organizado por los coordinadores CRA de los establecimientos educacionales municipales premi\u00f3 a los mejores relatores de cuentos, fabulas y leyendas<\/em><\/strong><\/p>\n<p style=\"text-align: justify;\"><img fetchpriority=\"high\" decoding=\"async\" class=\"alignnone size-medium wp-image-10184\" src=\"https:\/\/muniovalle.cl\/sitio\/wp-content\/uploads\/2025\/06\/IMG_7802-Mejorado-NR-300x200.jpg\" alt=\"\" width=\"300\" height=\"200\" srcset=\"https:\/\/muniovalle.cl\/sitio\/wp-content\/uploads\/2025\/06\/IMG_7802-Mejorado-NR-300x200.jpg 300w, https:\/\/muniovalle.cl\/sitio\/wp-content\/uploads\/2025\/06\/IMG_7802-Mejorado-NR-1024x683.jpg 1024w, https:\/\/muniovalle.cl\/sitio\/wp-content\/uploads\/2025\/06\/IMG_7802-Mejorado-NR-768x512.jpg 768w, https:\/\/muniovalle.cl\/sitio\/wp-content\/uploads\/2025\/06\/IMG_7802-Mejorado-NR-1536x1024.jpg 1536w, https:\/\/muniovalle.cl\/sitio\/wp-content\/uploads\/2025\/06\/IMG_7802-Mejorado-NR-2048x1365.jpg 2048w, https:\/\/muniovalle.cl\/sitio\/wp-content\/uploads\/2025\/06\/IMG_7802-Mejorado-NR-500x333.jpg 500w, https:\/\/muniovalle.cl\/sitio\/wp-content\/uploads\/2025\/06\/IMG_7802-Mejorado-NR-800x533.jpg 800w, https:\/\/muniovalle.cl\/sitio\/wp-content\/uploads\/2025\/06\/IMG_7802-Mejorado-NR-1280x853.jpg 1280w, https:\/\/muniovalle.cl\/sitio\/wp-content\/uploads\/2025\/06\/IMG_7802-Mejorado-NR-1920x1280.jpg 1920w\" sizes=\"(max-width: 300px) 100vw, 300px\" \/><\/p>\n<p style=\"text-align: justify;\">Destacadas presentaciones dieron vida a la final del VII Concurso de Cuenter\u00eda 2025, organizado por la Red de Coordinadores y Encargados de Bibliotecas Escolares CRA de Ovalle, reuniendo a decenas de estudiantes que presentaron distintos relatos de historias en el escenario.<\/p>\n<p style=\"text-align: justify;\">La iniciativa a cargo de los encargados de los Centros de Recursos para el Aprendizaje (CRA) surge como una actividad para promover la lectura con el prop\u00f3sito de despertar la imaginaci\u00f3n y el inter\u00e9s de los estudiantes por la literatura universal.<\/p>\n<p style=\"text-align: justify;\">El evento literario desarrollado en dependencias del Sal\u00f3n Auditorio de la Municipalidad de Ovalle, congreg\u00f3 a los a estudiantes representantes de las Escuelas Aurora de Chile (Nueva Aurora), Heberto Vel\u00e1zquez (Huamalata), Elvira Ochoa Avil\u00e9s (Lagunillas), Helen Lang, Valent\u00edn Letelier (Villaseca), Vista Hermosa; los Colegios de Artes Eliseo Videla Jorquera y Padre Joseph Stegmeier (Sotaqu\u00ed); adem\u00e1s del Liceo Estela \u00c1vila Molina.<\/p>\n<p style=\"text-align: justify;\">El certamen incluy\u00f3 categor\u00edas entre educaci\u00f3n parvularia y ense\u00f1anza media, con representaciones de f\u00e1bulas infantiles, cuentos, mitos y leyendas, y personificaci\u00f3n biogr\u00e1fica.<\/p>\n<p style=\"text-align: justify;\">Al respecto, el jefe del Departamento de Educaci\u00f3n Municipal (DEM), Francisco Oshiro Riveros, destac\u00f3 que \u201cfelicito a las familias y profesores de los estudiantes, porque ha sido una excelente presentaci\u00f3n de sus talentos, demostrando creatividad y por sobre todo la capacidad de pararse frente a p\u00fablico. Podemos ver en esta competencia, la importancia que le han entregado los establecimientos educacionales a la literatura\u201d.<\/p>\n<p style=\"text-align: justify;\"><strong>GANADORES<\/strong><\/p>\n<p style=\"text-align: justify;\">En la competencia \u201cf\u00e1bulas infantiles\u201d, el primer lugar fue obtenido por Joaqu\u00edn Gallardo Contreras, estudiante de la Escuela Aurora de Chile, con la f\u00e1bula \u201cEl colibr\u00ed y el b\u00faho\u201d.<\/p>\n<p style=\"text-align: justify;\">En la categor\u00eda \u201ccuentos\u201d, el trofeo fue para Rafaella L\u00f3pez Alfaro (Colegio de Artes), con el relato de \u201cSof\u00eda la futbolista\u201d.<\/p>\n<p style=\"text-align: justify;\">En \u201cmitos y leyendas\u201d, la ganadora fue Renata Carvajal, estudiante de la Escuela Padre Josep Stegmeier, contando la historia del \u201ctue tue\u201d.<\/p>\n<p style=\"text-align: justify;\">Finalmente, Isidora Cort\u00e9s Galleguillos, del Colegio de Artes Eliseo Videla Jorquera, obtuvo el primer lugar de la competencia de ense\u00f1anza media \u201cpersonificaci\u00f3n biogr\u00e1fica\u201d, interpretando la vida de Gabriela Mistral.<\/p>\n<p style=\"text-align: justify;\">Tras culminar el certamen, Isidora Cort\u00e9s, expres\u00f3 que \u201cestoy muy emocionada, estoy s\u00faper feliz, todos los ni\u00f1os que participaron lo hicieron s\u00faper bien, les sali\u00f3 incre\u00edble a todos, y me sorprendi\u00f3 mucho haber ganado. Agradezco la ayuda del profesor de teatro del colegio y bueno, desde que soy peque\u00f1a me ha gustado mucho la actuaci\u00f3n y todo lo que es teatro, por lo que di lo mejor de m\u00ed en esta presentaci\u00f3n\u201d.<\/p>\n<p style=\"text-align: justify;\">Por su parte, la presidenta del jurado, July Cuello Past\u00e9n (presidenta de la Agrupaci\u00f3n Literaria Lancuyen), indic\u00f3 que \u201ccomo era una final, la competencia fue mucho m\u00e1s compleja, tuvimos que fijarnos en los peque\u00f1os detalles de cada presentaci\u00f3n para quedarnos con los ganadores. Felicito a todos los participantes porque lo hicieron todos muy bien\u201d.<\/p>\n<p style=\"text-align: justify;\">\n<p style=\"text-align: justify;\">\n<p style=\"text-align: justify;\">\n","protected":false},"excerpt":{"rendered":"<p>El certamen organizado por los coordinadores CRA de los establecimientos educacionales municipales premi\u00f3 a los mejores relatores de cuentos, fabulas y leyendas Destacadas presentaciones dieron vida a la final del VII Concurso de Cuenter\u00eda 2025, organizado por la Red de Coordinadores y Encargados de Bibliotecas Escolares CRA de Ovalle, reuniendo a decenas de estudiantes que presentaron distintos relatos de historias en el escenario. La iniciativa a cargo de los encargados de los Centros de Recursos para el Aprendizaje (CRA) surge como una actividad para promover la lectura con el prop\u00f3sito de despertar la imaginaci\u00f3n y el inter\u00e9s de los estudiantes por la literatura universal. El evento literario desarrollado en dependencias del Sal\u00f3n Auditorio de la Municipalidad de Ovalle, congreg\u00f3 a los a estudiantes representantes de las Escuelas Aurora de Chile (Nueva Aurora), Heberto Vel\u00e1zquez (Huamalata), Elvira Ochoa Avil\u00e9s (Lagunillas), Helen Lang, Valent\u00edn Letelier (Villaseca), Vista Hermosa; los Colegios de Artes Eliseo Videla Jorquera y Padre Joseph Stegmeier (Sotaqu\u00ed); adem\u00e1s del Liceo Estela \u00c1vila Molina. El certamen incluy\u00f3 categor\u00edas entre educaci\u00f3n parvularia y ense\u00f1anza media, con representaciones de f\u00e1bulas infantiles, cuentos, mitos y leyendas, y personificaci\u00f3n biogr\u00e1fica. Al respecto, el jefe del Departamento de Educaci\u00f3n Municipal (DEM), Francisco Oshiro Riveros, destac\u00f3 que \u201cfelicito a las familias y profesores de los estudiantes, porque ha sido una excelente presentaci\u00f3n de sus talentos, demostrando creatividad y por sobre todo la capacidad de pararse frente a p\u00fablico. Podemos ver en esta competencia, la importancia que le han entregado los establecimientos educacionales a la literatura\u201d. GANADORES En la competencia \u201cf\u00e1bulas infantiles\u201d, el primer lugar fue obtenido por Joaqu\u00edn Gallardo Contreras, estudiante de la Escuela Aurora de Chile, con la f\u00e1bula \u201cEl colibr\u00ed y el b\u00faho\u201d. En la categor\u00eda \u201ccuentos\u201d, el trofeo fue para Rafaella L\u00f3pez Alfaro (Colegio de Artes), con el relato de \u201cSof\u00eda la futbolista\u201d. En \u201cmitos y leyendas\u201d, la ganadora fue Renata Carvajal, estudiante de la Escuela Padre Josep Stegmeier, contando la historia del \u201ctue tue\u201d. Finalmente, Isidora Cort\u00e9s Galleguillos, del Colegio de Artes Eliseo Videla Jorquera, obtuvo el primer lugar de la competencia de ense\u00f1anza media \u201cpersonificaci\u00f3n biogr\u00e1fica\u201d, interpretando la vida de Gabriela Mistral. Tras culminar el certamen, Isidora Cort\u00e9s, expres\u00f3 que \u201cestoy muy emocionada, estoy s\u00faper feliz, todos los ni\u00f1os que participaron lo hicieron s\u00faper bien, les sali\u00f3 incre\u00edble a todos, y me sorprendi\u00f3 mucho haber ganado. Agradezco la ayuda del profesor de teatro del colegio y bueno, desde que soy peque\u00f1a me ha gustado mucho la actuaci\u00f3n y todo lo que es teatro, por lo que di lo mejor de m\u00ed en esta presentaci\u00f3n\u201d. Por su parte, la presidenta del jurado, July Cuello Past\u00e9n (presidenta de la Agrupaci\u00f3n Literaria Lancuyen), indic\u00f3 que \u201ccomo era una final, la competencia fue mucho m\u00e1s compleja, tuvimos que fijarnos en los peque\u00f1os detalles de cada presentaci\u00f3n para quedarnos con los ganadores. Felicito a todos los participantes porque lo hicieron todos muy bien\u201d.<\/p>\n","protected":false},"author":3,"featured_media":10184,"comment_status":"closed","ping_status":"closed","sticky":false,"template":"","format":"standard","meta":{"_vp_format_video_url":"","_vp_image_focal_point":[],"footnotes":""},"categories":[61],"tags":[],"class_list":["post-10183","post","type-post","status-publish","format-standard","has-post-thumbnail","hentry","category-municipal"],"_links":{"self":[{"href":"https:\/\/muniovalle.cl\/sitio\/wp-json\/wp\/v2\/posts\/10183","targetHints":{"allow":["GET"]}}],"collection":[{"href":"https:\/\/muniovalle.cl\/sitio\/wp-json\/wp\/v2\/posts"}],"about":[{"href":"https:\/\/muniovalle.cl\/sitio\/wp-json\/wp\/v2\/types\/post"}],"author":[{"embeddable":true,"href":"https:\/\/muniovalle.cl\/sitio\/wp-json\/wp\/v2\/users\/3"}],"replies":[{"embeddable":true,"href":"https:\/\/muniovalle.cl\/sitio\/wp-json\/wp\/v2\/comments?post=10183"}],"version-history":[{"count":2,"href":"https:\/\/muniovalle.cl\/sitio\/wp-json\/wp\/v2\/posts\/10183\/revisions"}],"predecessor-version":[{"id":10189,"href":"https:\/\/muniovalle.cl\/sitio\/wp-json\/wp\/v2\/posts\/10183\/revisions\/10189"}],"wp:featuredmedia":[{"embeddable":true,"href":"https:\/\/muniovalle.cl\/sitio\/wp-json\/wp\/v2\/media\/10184"}],"wp:attachment":[{"href":"https:\/\/muniovalle.cl\/sitio\/wp-json\/wp\/v2\/media?parent=10183"}],"wp:term":[{"taxonomy":"category","embeddable":true,"href":"https:\/\/muniovalle.cl\/sitio\/wp-json\/wp\/v2\/categories?post=10183"},{"taxonomy":"post_tag","embeddable":true,"href":"https:\/\/muniovalle.cl\/sitio\/wp-json\/wp\/v2\/tags?post=10183"}],"curies":[{"name":"wp","href":"https:\/\/api.w.org\/{rel}","templated":true}]}}