{"id":10131,"date":"2025-06-12T17:37:35","date_gmt":"2025-06-12T21:37:35","guid":{"rendered":"https:\/\/muniovalle.cl\/sitio\/?p=10131"},"modified":"2025-06-13T13:15:06","modified_gmt":"2025-06-13T17:15:06","slug":"ovalle-habilitara-albergue-para-personas-en-situacion-de-calle","status":"publish","type":"post","link":"https:\/\/muniovalle.cl\/sitio\/2025\/06\/12\/ovalle-habilitara-albergue-para-personas-en-situacion-de-calle\/","title":{"rendered":"Ovalle habilitar\u00e1 albergue para personas en situaci\u00f3n de calle"},"content":{"rendered":"<p style=\"text-align: justify;\"><strong><em>Desde este mi\u00e9rcoles 11 de junio estar\u00e1 disponible este lugar, que permitir\u00e1 proteger a las personas que viven en la v\u00eda p\u00fablica de las precipitaciones y de las bajas temperaturas. El convenio entre el municipio de Ovalle y el ministerio de Desarrollo Social permitir\u00e1 darle alojamiento, alimentaci\u00f3n, higiene y atenci\u00f3n de salud a un m\u00e1ximo de 20 personas.\u00a0<\/em><\/strong><\/p>\n<p style=\"text-align: justify;\"><img fetchpriority=\"high\" decoding=\"async\" class=\"alignnone size-medium wp-image-10132\" src=\"https:\/\/muniovalle.cl\/sitio\/wp-content\/uploads\/2025\/06\/Albergue-Programa-Protege-Calle-1-300x221.jpg\" alt=\"\" width=\"300\" height=\"221\" srcset=\"https:\/\/muniovalle.cl\/sitio\/wp-content\/uploads\/2025\/06\/Albergue-Programa-Protege-Calle-1-300x221.jpg 300w, https:\/\/muniovalle.cl\/sitio\/wp-content\/uploads\/2025\/06\/Albergue-Programa-Protege-Calle-1-1024x756.jpg 1024w, https:\/\/muniovalle.cl\/sitio\/wp-content\/uploads\/2025\/06\/Albergue-Programa-Protege-Calle-1-768x567.jpg 768w, https:\/\/muniovalle.cl\/sitio\/wp-content\/uploads\/2025\/06\/Albergue-Programa-Protege-Calle-1-1536x1134.jpg 1536w, https:\/\/muniovalle.cl\/sitio\/wp-content\/uploads\/2025\/06\/Albergue-Programa-Protege-Calle-1-2048x1512.jpg 2048w, https:\/\/muniovalle.cl\/sitio\/wp-content\/uploads\/2025\/06\/Albergue-Programa-Protege-Calle-1-500x369.jpg 500w, https:\/\/muniovalle.cl\/sitio\/wp-content\/uploads\/2025\/06\/Albergue-Programa-Protege-Calle-1-800x590.jpg 800w, https:\/\/muniovalle.cl\/sitio\/wp-content\/uploads\/2025\/06\/Albergue-Programa-Protege-Calle-1-1280x945.jpg 1280w, https:\/\/muniovalle.cl\/sitio\/wp-content\/uploads\/2025\/06\/Albergue-Programa-Protege-Calle-1-1920x1417.jpg 1920w\" sizes=\"(max-width: 300px) 100vw, 300px\" \/><\/p>\n<p style=\"text-align: justify;\">Con el objetivo de proteger a las personas en situaci\u00f3n de calle, el municipio de Ovalle, a trav\u00e9s de un convenio con el ministerio de Desarrollo Social, a trav\u00e9s del Plan Protege Calle, habilitar\u00e1 un albergue donde los beneficiarios podr\u00e1n optar a los servicios de alojamiento, alimentaci\u00f3n, higiene, atenci\u00f3n de salud y abrigo.<\/p>\n<p style=\"text-align: justify;\">Desde este mi\u00e9rcoles 11 de junio, se implementar\u00e1 este lugar, que estar\u00e1 ubicado en calle Socos #199 (intersecci\u00f3n de las calles Socos y Arauco), y que tendr\u00e1 una capacidad, en primera instancia, para 20 personas, mayores de 18 a\u00f1os (hombres y mujeres), aunque se podr\u00eda ampliar a un total m\u00e1ximo de 30 cupos.<\/p>\n<p style=\"text-align: justify;\">El principal objetivo es garantizar alternativas de hospedaje, resguardando la integridad f\u00edsica de las personas que viven en la v\u00eda p\u00fablica, adem\u00e1s de prestar atenci\u00f3n m\u00e9dica, un espacio para su higiene personal y la entrega del servicio de alimentaci\u00f3n tres veces al d\u00eda (desayuno, almuerzo y cena). Este beneficio se extender\u00e1 por 80 d\u00edas, desde su puesta en marcha.<\/p>\n<p style=\"text-align: justify;\">\u201cQueremos darle una alternativa de protecci\u00f3n a las personas en situaci\u00f3n de calle considerando que estamos teniendo bajas temperaturas y se aproximan las precipitaciones y no queremos lamentar situaciones de mayor gravedad en quienes viven en la v\u00eda p\u00fablica\u201d indic\u00f3 el alcalde de Ovalle, H\u00e9ctor Vega Campusano.<\/p>\n<p style=\"text-align: justify;\">Al respecto, el seremi de Desarrollo Social, Celso L\u00f3pez afirm\u00f3 que \u201cpara este dispositivo, que es el albergue de 80 d\u00edas del Plan Protege Calle y que viene a cubrir la mayor parte del invierno, era sumamente importante que el municipio pudiera avanzar, porque sin ello no podemos concluir la firma del convenio y el traspaso de recursos para que puedan ejecutarlo. Lo relevante de esto es que hay una pol\u00edtica p\u00fablica en torno a las personas en situaci\u00f3n de calle, y en este sentido, en el invierno cuando tenemos las temperaturas m\u00e1s bajas o tenemos potencialmente lluvia, necesitamos que est\u00e9n protegidos para poder cuidar su salud\u201d.<\/p>\n<p style=\"text-align: justify;\">Se trata de un lugar que estar\u00e1 habilitado y se entregar\u00e1n diversos beneficios, pero es importante destacar que se accede de manera voluntaria, puesto que existen muchos casos de personas en situaci\u00f3n de calle que no est\u00e1n dispuestos a ser parte de un albergue, ya que se les exige el cumplimiento de normas, entre ellas, la prohibici\u00f3n de consumir alcohol al interior del recinto asignado.<\/p>\n","protected":false},"excerpt":{"rendered":"<p>Desde este mi\u00e9rcoles 11 de junio estar\u00e1 disponible este lugar, que permitir\u00e1 proteger a las personas que viven en la v\u00eda p\u00fablica de las precipitaciones y de las bajas temperaturas. El convenio entre el municipio de Ovalle y el ministerio de Desarrollo Social permitir\u00e1 darle alojamiento, alimentaci\u00f3n, higiene y atenci\u00f3n de salud a un m\u00e1ximo de 20 personas.\u00a0 Con el objetivo de proteger a las personas en situaci\u00f3n de calle, el municipio de Ovalle, a trav\u00e9s de un convenio con el ministerio de Desarrollo Social, a trav\u00e9s del Plan Protege Calle, habilitar\u00e1 un albergue donde los beneficiarios podr\u00e1n optar a los servicios de alojamiento, alimentaci\u00f3n, higiene, atenci\u00f3n de salud y abrigo. Desde este mi\u00e9rcoles 11 de junio, se implementar\u00e1 este lugar, que estar\u00e1 ubicado en calle Socos #199 (intersecci\u00f3n de las calles Socos y Arauco), y que tendr\u00e1 una capacidad, en primera instancia, para 20 personas, mayores de 18 a\u00f1os (hombres y mujeres), aunque se podr\u00eda ampliar a un total m\u00e1ximo de 30 cupos. El principal objetivo es garantizar alternativas de hospedaje, resguardando la integridad f\u00edsica de las personas que viven en la v\u00eda p\u00fablica, adem\u00e1s de prestar atenci\u00f3n m\u00e9dica, un espacio para su higiene personal y la entrega del servicio de alimentaci\u00f3n tres veces al d\u00eda (desayuno, almuerzo y cena). Este beneficio se extender\u00e1 por 80 d\u00edas, desde su puesta en marcha. \u201cQueremos darle una alternativa de protecci\u00f3n a las personas en situaci\u00f3n de calle considerando que estamos teniendo bajas temperaturas y se aproximan las precipitaciones y no queremos lamentar situaciones de mayor gravedad en quienes viven en la v\u00eda p\u00fablica\u201d indic\u00f3 el alcalde de Ovalle, H\u00e9ctor Vega Campusano. Al respecto, el seremi de Desarrollo Social, Celso L\u00f3pez afirm\u00f3 que \u201cpara este dispositivo, que es el albergue de 80 d\u00edas del Plan Protege Calle y que viene a cubrir la mayor parte del invierno, era sumamente importante que el municipio pudiera avanzar, porque sin ello no podemos concluir la firma del convenio y el traspaso de recursos para que puedan ejecutarlo. Lo relevante de esto es que hay una pol\u00edtica p\u00fablica en torno a las personas en situaci\u00f3n de calle, y en este sentido, en el invierno cuando tenemos las temperaturas m\u00e1s bajas o tenemos potencialmente lluvia, necesitamos que est\u00e9n protegidos para poder cuidar su salud\u201d. Se trata de un lugar que estar\u00e1 habilitado y se entregar\u00e1n diversos beneficios, pero es importante destacar que se accede de manera voluntaria, puesto que existen muchos casos de personas en situaci\u00f3n de calle que no est\u00e1n dispuestos a ser parte de un albergue, ya que se les exige el cumplimiento de normas, entre ellas, la prohibici\u00f3n de consumir alcohol al interior del recinto asignado.<\/p>\n","protected":false},"author":3,"featured_media":10132,"comment_status":"closed","ping_status":"closed","sticky":false,"template":"","format":"standard","meta":{"_vp_format_video_url":"","_vp_image_focal_point":[],"footnotes":""},"categories":[61],"tags":[],"class_list":["post-10131","post","type-post","status-publish","format-standard","has-post-thumbnail","hentry","category-municipal"],"_links":{"self":[{"href":"https:\/\/muniovalle.cl\/sitio\/wp-json\/wp\/v2\/posts\/10131","targetHints":{"allow":["GET"]}}],"collection":[{"href":"https:\/\/muniovalle.cl\/sitio\/wp-json\/wp\/v2\/posts"}],"about":[{"href":"https:\/\/muniovalle.cl\/sitio\/wp-json\/wp\/v2\/types\/post"}],"author":[{"embeddable":true,"href":"https:\/\/muniovalle.cl\/sitio\/wp-json\/wp\/v2\/users\/3"}],"replies":[{"embeddable":true,"href":"https:\/\/muniovalle.cl\/sitio\/wp-json\/wp\/v2\/comments?post=10131"}],"version-history":[{"count":2,"href":"https:\/\/muniovalle.cl\/sitio\/wp-json\/wp\/v2\/posts\/10131\/revisions"}],"predecessor-version":[{"id":10179,"href":"https:\/\/muniovalle.cl\/sitio\/wp-json\/wp\/v2\/posts\/10131\/revisions\/10179"}],"wp:featuredmedia":[{"embeddable":true,"href":"https:\/\/muniovalle.cl\/sitio\/wp-json\/wp\/v2\/media\/10132"}],"wp:attachment":[{"href":"https:\/\/muniovalle.cl\/sitio\/wp-json\/wp\/v2\/media?parent=10131"}],"wp:term":[{"taxonomy":"category","embeddable":true,"href":"https:\/\/muniovalle.cl\/sitio\/wp-json\/wp\/v2\/categories?post=10131"},{"taxonomy":"post_tag","embeddable":true,"href":"https:\/\/muniovalle.cl\/sitio\/wp-json\/wp\/v2\/tags?post=10131"}],"curies":[{"name":"wp","href":"https:\/\/api.w.org\/{rel}","templated":true}]}}