{"id":10103,"date":"2025-06-06T10:06:45","date_gmt":"2025-06-06T14:06:45","guid":{"rendered":"https:\/\/muniovalle.cl\/sitio\/?p=10103"},"modified":"2025-06-06T10:06:45","modified_gmt":"2025-06-06T14:06:45","slug":"reconocen-a-23-funcionarios-del-departamento-de-salud-de-ovalle-por-su-compromiso-con-la-seguridad-laboral","status":"publish","type":"post","link":"https:\/\/muniovalle.cl\/sitio\/2025\/06\/06\/reconocen-a-23-funcionarios-del-departamento-de-salud-de-ovalle-por-su-compromiso-con-la-seguridad-laboral\/","title":{"rendered":"Reconocen a 23 funcionarios del Departamento de Salud de Ovalle por su compromiso con la seguridad laboral"},"content":{"rendered":"<p style=\"font-weight: 400;\"><strong><em>La jefa del Departamento de Salud, \u00c1ngela Neira Mon\u00e1rdez, destac\u00f3 que \u201cestas buenas pr\u00e1cticas incentivan a seguir avanzando en una cultura de cuidado colectivo\u00bb.<\/em><\/strong><\/p>\n<p><img fetchpriority=\"high\" decoding=\"async\" class=\"alignnone size-medium wp-image-10104\" src=\"https:\/\/muniovalle.cl\/sitio\/wp-content\/uploads\/2025\/06\/IMG_6279-1-300x200.jpg\" alt=\"\" width=\"300\" height=\"200\" srcset=\"https:\/\/muniovalle.cl\/sitio\/wp-content\/uploads\/2025\/06\/IMG_6279-1-300x200.jpg 300w, https:\/\/muniovalle.cl\/sitio\/wp-content\/uploads\/2025\/06\/IMG_6279-1-1024x683.jpg 1024w, https:\/\/muniovalle.cl\/sitio\/wp-content\/uploads\/2025\/06\/IMG_6279-1-768x512.jpg 768w, https:\/\/muniovalle.cl\/sitio\/wp-content\/uploads\/2025\/06\/IMG_6279-1-1536x1024.jpg 1536w, https:\/\/muniovalle.cl\/sitio\/wp-content\/uploads\/2025\/06\/IMG_6279-1-2048x1365.jpg 2048w, https:\/\/muniovalle.cl\/sitio\/wp-content\/uploads\/2025\/06\/IMG_6279-1-500x333.jpg 500w, https:\/\/muniovalle.cl\/sitio\/wp-content\/uploads\/2025\/06\/IMG_6279-1-800x533.jpg 800w, https:\/\/muniovalle.cl\/sitio\/wp-content\/uploads\/2025\/06\/IMG_6279-1-1280x853.jpg 1280w, https:\/\/muniovalle.cl\/sitio\/wp-content\/uploads\/2025\/06\/IMG_6279-1-1920x1280.jpg 1920w\" sizes=\"(max-width: 300px) 100vw, 300px\" \/><\/p>\n<p style=\"font-weight: 400;\">En una ceremonia realizada en el Teatro Municipal de Ovalle, el Comit\u00e9 Paritario de Higiene y Seguridad del Departamento de Salud distingui\u00f3 a 23 funcionarios por su destacada contribuci\u00f3n en la promoci\u00f3n de una cultura de seguridad y prevenci\u00f3n en el trabajo. El evento, que congreg\u00f3 a la comunidad laboral del sector, busc\u00f3 reconocer el esfuerzo diario de aquellos profesionales que, mediante su responsabilidad y aplicaci\u00f3n de protocolos, han fortalecido un entorno laboral m\u00e1s seguro y saludable.<\/p>\n<p style=\"font-weight: 400;\">Yeremy Araya Araya, presidente del Comit\u00e9 Paritario, destac\u00f3 la importancia de valorar estas pr\u00e1cticas. \u00abReconocer a nuestros compa\u00f1eros que cumplen con las medidas de seguridad no solo motiva, sino que refuerza el mensaje de que cada acci\u00f3n preventiva salva vidas. Su compromiso es el pilar para construir espacios de trabajo protegidos\u00bb.<\/p>\n<p style=\"font-weight: 400;\">Por su parte, \u00c1ngela Neira Mon\u00e1rdez, jefa del Departamento de Salud, a\u00f1adi\u00f3: \u00abEstos reconocimientos son un reflejo de nuestra pol\u00edtica institucional. La prevenci\u00f3n es tarea de todos, y celebrar estas buenas pr\u00e1cticas incentiva a seguir avanzando en una cultura de cuidado colectivo\u00bb.<\/p>\n<p style=\"font-weight: 400;\">La emotiva jornada incluy\u00f3 presentaciones art\u00edsticas que realzaron el esp\u00edritu de la celebraci\u00f3n. Valeska Henr\u00edquez interpret\u00f3 \u00abRegresa como una rosa roja\u00bb del grupo Propiedad Privada, seguida por una actuaci\u00f3n del cantautor local Mario Gonz\u00e1lez y un cierre a cargo de participantes de PSIRCUTOP\u00cdA.<\/p>\n<p style=\"font-weight: 400;\">Sissi Sierra, una de las funcionarias galardonadas, comparti\u00f3 su satisfacci\u00f3n: \u00abEste reconocimiento nos llena de orgullo. Agradezco al comit\u00e9 por visibilizar nuestro trabajo y por incluir talentos locales que le dieron un sello especial al evento\u00bb.<\/p>\n<p style=\"font-weight: 400;\">Der esta manera, la ceremonia reafirm\u00f3 el compromiso del Departamento de Salud con el bienestar de sus equipos, destacando que la seguridad laboral se construye mediante la colaboraci\u00f3n constante y el liderazgo de quienes integran las buenas pr\u00e1cticas a su rutina.<\/p>\n","protected":false},"excerpt":{"rendered":"<p>La jefa del Departamento de Salud, \u00c1ngela Neira Mon\u00e1rdez, destac\u00f3 que \u201cestas buenas pr\u00e1cticas incentivan a seguir avanzando en una cultura de cuidado colectivo\u00bb. En una ceremonia realizada en el Teatro Municipal de Ovalle, el Comit\u00e9 Paritario de Higiene y Seguridad del Departamento de Salud distingui\u00f3 a 23 funcionarios por su destacada contribuci\u00f3n en la promoci\u00f3n de una cultura de seguridad y prevenci\u00f3n en el trabajo. El evento, que congreg\u00f3 a la comunidad laboral del sector, busc\u00f3 reconocer el esfuerzo diario de aquellos profesionales que, mediante su responsabilidad y aplicaci\u00f3n de protocolos, han fortalecido un entorno laboral m\u00e1s seguro y saludable. Yeremy Araya Araya, presidente del Comit\u00e9 Paritario, destac\u00f3 la importancia de valorar estas pr\u00e1cticas. \u00abReconocer a nuestros compa\u00f1eros que cumplen con las medidas de seguridad no solo motiva, sino que refuerza el mensaje de que cada acci\u00f3n preventiva salva vidas. Su compromiso es el pilar para construir espacios de trabajo protegidos\u00bb. Por su parte, \u00c1ngela Neira Mon\u00e1rdez, jefa del Departamento de Salud, a\u00f1adi\u00f3: \u00abEstos reconocimientos son un reflejo de nuestra pol\u00edtica institucional. La prevenci\u00f3n es tarea de todos, y celebrar estas buenas pr\u00e1cticas incentiva a seguir avanzando en una cultura de cuidado colectivo\u00bb. La emotiva jornada incluy\u00f3 presentaciones art\u00edsticas que realzaron el esp\u00edritu de la celebraci\u00f3n. Valeska Henr\u00edquez interpret\u00f3 \u00abRegresa como una rosa roja\u00bb del grupo Propiedad Privada, seguida por una actuaci\u00f3n del cantautor local Mario Gonz\u00e1lez y un cierre a cargo de participantes de PSIRCUTOP\u00cdA. Sissi Sierra, una de las funcionarias galardonadas, comparti\u00f3 su satisfacci\u00f3n: \u00abEste reconocimiento nos llena de orgullo. Agradezco al comit\u00e9 por visibilizar nuestro trabajo y por incluir talentos locales que le dieron un sello especial al evento\u00bb. Der esta manera, la ceremonia reafirm\u00f3 el compromiso del Departamento de Salud con el bienestar de sus equipos, destacando que la seguridad laboral se construye mediante la colaboraci\u00f3n constante y el liderazgo de quienes integran las buenas pr\u00e1cticas a su rutina.<\/p>\n","protected":false},"author":3,"featured_media":10104,"comment_status":"closed","ping_status":"closed","sticky":false,"template":"","format":"standard","meta":{"_vp_format_video_url":"","_vp_image_focal_point":[],"footnotes":""},"categories":[61],"tags":[],"class_list":["post-10103","post","type-post","status-publish","format-standard","has-post-thumbnail","hentry","category-municipal"],"_links":{"self":[{"href":"https:\/\/muniovalle.cl\/sitio\/wp-json\/wp\/v2\/posts\/10103","targetHints":{"allow":["GET"]}}],"collection":[{"href":"https:\/\/muniovalle.cl\/sitio\/wp-json\/wp\/v2\/posts"}],"about":[{"href":"https:\/\/muniovalle.cl\/sitio\/wp-json\/wp\/v2\/types\/post"}],"author":[{"embeddable":true,"href":"https:\/\/muniovalle.cl\/sitio\/wp-json\/wp\/v2\/users\/3"}],"replies":[{"embeddable":true,"href":"https:\/\/muniovalle.cl\/sitio\/wp-json\/wp\/v2\/comments?post=10103"}],"version-history":[{"count":1,"href":"https:\/\/muniovalle.cl\/sitio\/wp-json\/wp\/v2\/posts\/10103\/revisions"}],"predecessor-version":[{"id":10105,"href":"https:\/\/muniovalle.cl\/sitio\/wp-json\/wp\/v2\/posts\/10103\/revisions\/10105"}],"wp:featuredmedia":[{"embeddable":true,"href":"https:\/\/muniovalle.cl\/sitio\/wp-json\/wp\/v2\/media\/10104"}],"wp:attachment":[{"href":"https:\/\/muniovalle.cl\/sitio\/wp-json\/wp\/v2\/media?parent=10103"}],"wp:term":[{"taxonomy":"category","embeddable":true,"href":"https:\/\/muniovalle.cl\/sitio\/wp-json\/wp\/v2\/categories?post=10103"},{"taxonomy":"post_tag","embeddable":true,"href":"https:\/\/muniovalle.cl\/sitio\/wp-json\/wp\/v2\/tags?post=10103"}],"curies":[{"name":"wp","href":"https:\/\/api.w.org\/{rel}","templated":true}]}}